{"id":648597,"date":"2025-11-11T23:11:50","date_gmt":"2025-11-12T03:11:50","guid":{"rendered":"https:\/\/diariodominicano.com\/?p=648597"},"modified":"2025-11-11T23:14:14","modified_gmt":"2025-11-12T03:14:14","slug":"seleccion-dominicana-vuelve-a-casa-este-miercoles-en-el-marco-de-la-concacaf-friendly-series","status":"publish","type":"post","link":"https:\/\/diariodominicano.com\/?p=648597","title":{"rendered":"Selecci\u00f3n Dominicana vuelve a casa este\u00a0mi\u00e9rcoles en el marco de la Concacaf Friendly Series"},"content":{"rendered":"\n<p>SANTO DOMINGO.- Rep\u00fablica Dominicana enfrentar\u00e1 a San Vicente y las Granadinas este mi\u00e9rcoles a partir de las 8:00 de la noche en el Estadio Cibao FC de la ciudad de Santiago de los Caballeros, partido correspondiente a la Concacaf Friendly Series 2025-26.<\/p>\n\n\n\n<p>El compromiso ser\u00e1 transmitido a trav\u00e9s de CDN Deportes y el canal de Youtube de la Federaci\u00f3n Dominicana de F\u00fatbol (Fedof\u00fatbol Oficial).<\/p>\n\n\n\n<p>La Selecci\u00f3n Dominicana complet\u00f3 su segundo entrenamiento este martes bajo las \u00f3rdenes del Marcelo Neveleff y qued\u00f3 lista para el primer choque de esta fecha FIFA.<\/p>\n\n\n\n<p>El defensor Joao Urb\u00e1ez expres\u00f3 \u201cIntentaremos seguir haciendo lo que nos dice el profe, hacer nuestro juego, ha sido un buen a\u00f1o, pero debemos continuar creciendo. Estos partidos nos van a servir para llegar en buena forma a las venideras competiciones\u201d.<\/p>\n\n\n\n<p>Otro que habl\u00f3 tras finalizar la pr\u00e1ctica de este martes fue el atacante Oscar Ure\u00f1a, quien ya hab\u00eda estado con la selecci\u00f3n, pero estos ser\u00e1n sus primeros partidos en territorio dominicano. \u201cEstoy emocionado de estar aqu\u00ed, hace muchos a\u00f1os que no ven\u00eda al pa\u00eds y ahora tengo la posibilidad de jugar en nuestra casa. El grupo est\u00e1 muy bien y solo esperamos que la gente nos acompa\u00f1e\u201d.<\/p>\n\n\n\n<p>Por su parte, Lucas Bret\u00f3n manifest\u00f3 estar, \u201cContento de volver a Santiago luego de cinco meses y m\u00e1s a\u00fan con la selecci\u00f3n, aprovechando cada oportunidad que me da el profe y esperando sacar lo mejor en estos partidos\u201d.<\/p>\n\n\n\n<p>Las boletas para este partido est\u00e1n a la venta en&nbsp;<a href=\"http:\/\/uepatickets.com\/\" target=\"_blank\" rel=\"noreferrer noopener\">uepatickets.com<\/a>&nbsp;y tienen un costo por zona de: VIP 2,000, Grada Oeste 500, Grada Este 300 y Grada Sur 100 pesos dominicanos.<\/p>\n\n\n\n<p><strong>Johnny Nieto<\/strong><\/p>\n\n\n\n<p><strong>Departamento de Comunicaciones F.D.F.<\/strong><\/p>\n","protected":false},"excerpt":{"rendered":"<p>SANTO DOMINGO.- Rep\u00fablica Dominicana enfrentar\u00e1 a San Vicente y las Granadinas este mi\u00e9rcoles a partir de las 8:00 de la noche en el Estadio Cibao FC de la ciudad de Santiago de los Caballeros, partido correspondiente a la Concacaf Friendly Series 2025-26. El compromiso ser\u00e1 transmitido a trav\u00e9s de CDN Deportes y el canal de [&hellip;]<\/p>\n","protected":false},"author":2,"featured_media":648598,"comment_status":"closed","ping_status":"closed","sticky":true,"template":"","format":"standard","meta":{"footnotes":""},"categories":[17],"tags":[],"class_list":["post-648597","post","type-post","status-publish","format-standard","has-post-thumbnail","hentry","category-deportes"],"_links":{"self":[{"href":"https:\/\/diariodominicano.com\/index.php?rest_route=\/wp\/v2\/posts\/648597","targetHints":{"allow":["GET"]}}],"collection":[{"href":"https:\/\/diariodominicano.com\/index.php?rest_route=\/wp\/v2\/posts"}],"about":[{"href":"https:\/\/diariodominicano.com\/index.php?rest_route=\/wp\/v2\/types\/post"}],"author":[{"embeddable":true,"href":"https:\/\/diariodominicano.com\/index.php?rest_route=\/wp\/v2\/users\/2"}],"replies":[{"embeddable":true,"href":"https:\/\/diariodominicano.com\/index.php?rest_route=%2Fwp%2Fv2%2Fcomments&post=648597"}],"version-history":[{"count":1,"href":"https:\/\/diariodominicano.com\/index.php?rest_route=\/wp\/v2\/posts\/648597\/revisions"}],"predecessor-version":[{"id":648599,"href":"https:\/\/diariodominicano.com\/index.php?rest_route=\/wp\/v2\/posts\/648597\/revisions\/648599"}],"wp:featuredmedia":[{"embeddable":true,"href":"https:\/\/diariodominicano.com\/index.php?rest_route=\/wp\/v2\/media\/648598"}],"wp:attachment":[{"href":"https:\/\/diariodominicano.com\/index.php?rest_route=%2Fwp%2Fv2%2Fmedia&parent=648597"}],"wp:term":[{"taxonomy":"category","embeddable":true,"href":"https:\/\/diariodominicano.com\/index.php?rest_route=%2Fwp%2Fv2%2Fcategories&post=648597"},{"taxonomy":"post_tag","embeddable":true,"href":"https:\/\/diariodominicano.com\/index.php?rest_route=%2Fwp%2Fv2%2Ftags&post=648597"}],"curies":[{"name":"wp","href":"https:\/\/api.w.org\/{rel}","templated":true}]}}