{"id":648513,"date":"2025-11-10T22:01:08","date_gmt":"2025-11-11T02:01:08","guid":{"rendered":"https:\/\/diariodominicano.com\/?p=648513"},"modified":"2025-11-10T22:01:11","modified_gmt":"2025-11-11T02:01:11","slug":"rd-comenzo-a-preparar-sus-partidos-de-concacaf-friendly-series-en-santiago","status":"publish","type":"post","link":"https:\/\/diariodominicano.com\/?p=648513","title":{"rendered":"RD comenz\u00f3 a preparar sus partidos\u00a0de Concacaf Friendly Series en Santiago"},"content":{"rendered":"\n<p>SANTIAGO, RD.- La Selecci\u00f3n Dominicana comenz\u00f3 su concentraci\u00f3n desde este lunes en Santiago de los Caballeros con el firme prop\u00f3sito de preparar sus partidos correspondientes a la Concacaf Friendly Series 2025-2026, en los que enfrentar\u00e1 a San Vicente y las Granadinas el mi\u00e9rcoles 12 y a Martinica el martes 18 de noviembre.<\/p>\n\n\n\n<p>El elenco patrio vuelve a reunirse en territorio nacional luego de dos giras largas por Jordania y Malasia durante las ventanas FIFA de agosto y septiembre. El \u00faltimo partido disputado en Santiago fue en marzo de este a\u00f1o ante Puerto Rico.<\/p>\n\n\n\n<p>Los dirigidos por Marcelo Neveleff aprovechar\u00e1n esta ventana para continuar acumulando horas de trabajo y partidos de preparaci\u00f3n de cara a la venidera Liga de Naciones de Concacaf en la que buscar\u00e1 el boleto a la Copa Oro 2027.<\/p>\n\n\n\n<p>Edwarlyn Reyes (Cibao FC &#8211; RD) entr\u00f3 a la convocatoria en sustituci\u00f3n de Edarlyn Reyes (Arsenal Tula &#8211; Rusia) debido a una fatiga muscular que presenta el experimentado atacante.<\/p>\n\n\n\n<p>Cabe recordar que tambi\u00e9n estar\u00e1n ausentes por lesi\u00f3n J\u00fanior Firpo, el capit\u00e1n Jean Carlos L\u00f3pez y el defensor Israel Boatwright, quien estaba considerado para regresar a una convocatoria con la selecci\u00f3n.<\/p>\n\n\n\n<p>Ser\u00e1 la primera vez que el talentoso atacante Oscar Ure\u00f1a juegue en suelo dominicano y entre las novedades est\u00e1 el llamado de varios jugadores locales para complementar los entrenamientos de la selecci\u00f3n.<\/p>\n\n\n\n<p><strong>\u201cEl principal objetivo es seguir compitiendo, juntar a los muchachos, seguir evaluando a otros que vienen nuevos y cerrar el a\u00f1o lo mejor posible ya que hemos tenido un gran a\u00f1o en 2025\u201d<\/strong>, expres\u00f3 Marcelo Neveleff.<\/p>\n\n\n\n<p><strong>\u201cDebemos seguir jugando con velocidad cuando tenemos la pelota, la organizaci\u00f3n defensiva y tratar de terminar las jugadas cuando tengamos las oportunidades que podamos crear\u201d<\/strong>, argument\u00f3 el DT.<\/p>\n\n\n\n<p>El combinado patrio empez\u00f3 a trabajar desde este lunes en la preparaci\u00f3n de su primera presentaci\u00f3n este mi\u00e9rcoles contra San Vicente y las Granadinas desde las 8:00 de la noche en el Estadio Cibao FC de Santiago de los Caballeros.<\/p>\n\n\n\n<p>Este martes volver\u00e1 a entrenarse en horas de la tarde (3:30 PM) con acceso a los medios de comunicaci\u00f3n en la cancha del Colegio Iberia.<\/p>\n\n\n\n<p>Cabe destacar que la Concacaf Friendly Series es un torneo de car\u00e1cter amistoso que se estar\u00e1 disputando en las fechas FIFA de noviembre 2025 y marzo 2026.<\/p>\n\n\n\n<p>Rep\u00fablica Dominicana adem\u00e1s competir\u00e1 en este certamen ante Cuba y Santa Luc\u00eda, conformando el Grupo A.<\/p>\n\n\n\n<p><strong>Santiago albergar\u00e1 otros partidos de la Friendly Series<\/strong><\/p>\n\n\n\n<p>Adem\u00e1s de los dos partidos de Rep\u00fablica Dominicana, el Estadio Cibao FC servir\u00e1 de escenario para otros tres compromisos: Mi\u00e9rcoles 12\/11 Cuba vs Santa Luc\u00eda y el s\u00e1bado 15\/11 Martinica vs Cuba, y San Vicente y las Granadinas vs Santa Luc\u00eda.<\/p>\n\n\n\n<p>Los compromisos iniciar\u00e1n cada jornada a las 5:00 PM y 8:00 PM respectivamente, y tendr\u00e1n un costo de 200 pesos dominicanos. Las boletas est\u00e1n a la venta en&nbsp;<a>uepatickets.com<\/a>&nbsp;tanto para los partidos de la Selecci\u00f3n Dominicana como para los dem\u00e1s partidos del grupo.<\/p>\n\n\n\n<p><strong>Johnny Nieto<\/strong><\/p>\n\n\n\n<p><strong>Departamento de Comunicaciones F.D.F.<\/strong><\/p>\n","protected":false},"excerpt":{"rendered":"<p>SANTIAGO, RD.- La Selecci\u00f3n Dominicana comenz\u00f3 su concentraci\u00f3n desde este lunes en Santiago de los Caballeros con el firme prop\u00f3sito de preparar sus partidos correspondientes a la Concacaf Friendly Series 2025-2026, en los que enfrentar\u00e1 a San Vicente y las Granadinas el mi\u00e9rcoles 12 y a Martinica el martes 18 de noviembre. El elenco patrio [&hellip;]<\/p>\n","protected":false},"author":2,"featured_media":648514,"comment_status":"closed","ping_status":"closed","sticky":false,"template":"","format":"standard","meta":{"footnotes":""},"categories":[17],"tags":[],"class_list":["post-648513","post","type-post","status-publish","format-standard","has-post-thumbnail","hentry","category-deportes"],"_links":{"self":[{"href":"https:\/\/diariodominicano.com\/index.php?rest_route=\/wp\/v2\/posts\/648513","targetHints":{"allow":["GET"]}}],"collection":[{"href":"https:\/\/diariodominicano.com\/index.php?rest_route=\/wp\/v2\/posts"}],"about":[{"href":"https:\/\/diariodominicano.com\/index.php?rest_route=\/wp\/v2\/types\/post"}],"author":[{"embeddable":true,"href":"https:\/\/diariodominicano.com\/index.php?rest_route=\/wp\/v2\/users\/2"}],"replies":[{"embeddable":true,"href":"https:\/\/diariodominicano.com\/index.php?rest_route=%2Fwp%2Fv2%2Fcomments&post=648513"}],"version-history":[{"count":1,"href":"https:\/\/diariodominicano.com\/index.php?rest_route=\/wp\/v2\/posts\/648513\/revisions"}],"predecessor-version":[{"id":648515,"href":"https:\/\/diariodominicano.com\/index.php?rest_route=\/wp\/v2\/posts\/648513\/revisions\/648515"}],"wp:featuredmedia":[{"embeddable":true,"href":"https:\/\/diariodominicano.com\/index.php?rest_route=\/wp\/v2\/media\/648514"}],"wp:attachment":[{"href":"https:\/\/diariodominicano.com\/index.php?rest_route=%2Fwp%2Fv2%2Fmedia&parent=648513"}],"wp:term":[{"taxonomy":"category","embeddable":true,"href":"https:\/\/diariodominicano.com\/index.php?rest_route=%2Fwp%2Fv2%2Fcategories&post=648513"},{"taxonomy":"post_tag","embeddable":true,"href":"https:\/\/diariodominicano.com\/index.php?rest_route=%2Fwp%2Fv2%2Ftags&post=648513"}],"curies":[{"name":"wp","href":"https:\/\/api.w.org\/{rel}","templated":true}]}}