{"id":648343,"date":"2025-11-10T00:41:16","date_gmt":"2025-11-10T04:41:16","guid":{"rendered":"https:\/\/diariodominicano.com\/?p=648343"},"modified":"2025-11-10T00:41:18","modified_gmt":"2025-11-10T04:41:18","slug":"presidenta-sheinbaum-felicita-a-jovenes-deportistas-mexicanos","status":"publish","type":"post","link":"https:\/\/diariodominicano.com\/?p=648343","title":{"rendered":"Presidenta Sheinbaum felicita a j\u00f3venes deportistas mexicanos"},"content":{"rendered":"\n<p>Ciudad de M\u00e9xico, 9 nov (Prensa Latina) La presidenta Claudia Sheinbaum felicit\u00f3 hoy a los j\u00f3venes mexicanos que rompieron r\u00e9cord de preseas en los VI Juegos Parapanamericanos Juveniles, as\u00ed como a la selecci\u00f3n femenina de f\u00fatbol por su resultado en el Mundial Sub-17.<\/p>\n\n\n\n<ul class=\"wp-block-list\">\n<li><a href=\"https:\/\/www.prensa-latina.cu\/2025\/11\/09\/\"><time>noviembre 9, 2025 | 21:38<\/time><\/a><\/li>\n<\/ul>\n\n\n\n<ul class=\"wp-block-list\">\n<li><a href=\"https:\/\/www.prensa-latina.cu\/2025\/11\/09\/presidenta-sheinbaum-felicita-a-jovenes-deportistas-mexicanos\/#\"><\/a><\/li>\n\n\n\n<li><a href=\"https:\/\/www.prensa-latina.cu\/2025\/11\/09\/presidenta-sheinbaum-felicita-a-jovenes-deportistas-mexicanos\/#\"><\/a><\/li>\n\n\n\n<li><a href=\"https:\/\/www.prensa-latina.cu\/2025\/11\/09\/presidenta-sheinbaum-felicita-a-jovenes-deportistas-mexicanos\/#\"><\/a><\/li>\n\n\n\n<li><a href=\"https:\/\/www.prensa-latina.cu\/2025\/11\/09\/presidenta-sheinbaum-felicita-a-jovenes-deportistas-mexicanos\/#\"><\/a><\/li>\n<\/ul>\n\n\n\n<p>\u201cFelicidades a las y los j\u00f3venes mexicanos que rompieron r\u00e9cord de medallas en los Juegos Parapanamericanos Juveniles 2025, as\u00ed como a la Selecci\u00f3n Nacional Femenil de Futbol por obtener tercer lugar en el Mundial Sub 17; en especial a Valentina Murrieta, gran portera\u201d, expres\u00f3.<\/p>\n\n\n\n<p>A trav\u00e9s de un mensaje en su cuenta de la red social X, la jefa del Ejecutivo afirm\u00f3 que ponen en alto el nombre de M\u00e9xico y les agradeci\u00f3 por su esfuerzo y dedicaci\u00f3n.<\/p>\n\n\n\n<p>La representaci\u00f3n mexicana que compiti\u00f3 en los VI Juegos Parapanamericanos Juveniles, con el apoyo de la Comisi\u00f3n Nacional de Cultura F\u00edsica y Deporte, cerr\u00f3 su participaci\u00f3n con una cosecha de 100 medallas: 36 de oro, 32 de plata y 32 de bronce.<\/p>\n\n\n\n<p>De esta manera, se coloc\u00f3 en el tercer lugar del medallero general, luego de 10 d\u00edas de competici\u00f3n.<\/p>\n\n\n\n<p>Tambi\u00e9n la selecci\u00f3n femenina de f\u00fatbol obtuvo la tercera posici\u00f3n en el Mundial Sub-17 femenino con sede en Marruecos, tras vencer 3-1 a Brasil en tanda de penales.<\/p>\n\n\n\n<p>otf\/las<\/p>\n\n\n\n<ul class=\"wp-block-list\">\n<li>#<a href=\"https:\/\/www.prensa-latina.cu\/etiqueta\/deporte\/\">Deporte<\/a>\u00a0#<a href=\"https:\/\/www.prensa-latina.cu\/etiqueta\/mexico\/\">M\u00e9xico<\/a>\u00a0#<a href=\"https:\/\/www.prensa-latina.cu\/etiqueta\/sheinbaum\/\">sheinbaum<\/a><\/li>\n<\/ul>\n","protected":false},"excerpt":{"rendered":"<p>Ciudad de M\u00e9xico, 9 nov (Prensa Latina) La presidenta Claudia Sheinbaum felicit\u00f3 hoy a los j\u00f3venes mexicanos que rompieron r\u00e9cord de preseas en los VI Juegos Parapanamericanos Juveniles, as\u00ed como a la selecci\u00f3n femenina de f\u00fatbol por su resultado en el Mundial Sub-17. \u201cFelicidades a las y los j\u00f3venes mexicanos que rompieron r\u00e9cord de medallas [&hellip;]<\/p>\n","protected":false},"author":2,"featured_media":648344,"comment_status":"closed","ping_status":"closed","sticky":true,"template":"","format":"standard","meta":{"footnotes":""},"categories":[17],"tags":[],"class_list":["post-648343","post","type-post","status-publish","format-standard","has-post-thumbnail","hentry","category-deportes"],"_links":{"self":[{"href":"https:\/\/diariodominicano.com\/index.php?rest_route=\/wp\/v2\/posts\/648343","targetHints":{"allow":["GET"]}}],"collection":[{"href":"https:\/\/diariodominicano.com\/index.php?rest_route=\/wp\/v2\/posts"}],"about":[{"href":"https:\/\/diariodominicano.com\/index.php?rest_route=\/wp\/v2\/types\/post"}],"author":[{"embeddable":true,"href":"https:\/\/diariodominicano.com\/index.php?rest_route=\/wp\/v2\/users\/2"}],"replies":[{"embeddable":true,"href":"https:\/\/diariodominicano.com\/index.php?rest_route=%2Fwp%2Fv2%2Fcomments&post=648343"}],"version-history":[{"count":1,"href":"https:\/\/diariodominicano.com\/index.php?rest_route=\/wp\/v2\/posts\/648343\/revisions"}],"predecessor-version":[{"id":648345,"href":"https:\/\/diariodominicano.com\/index.php?rest_route=\/wp\/v2\/posts\/648343\/revisions\/648345"}],"wp:featuredmedia":[{"embeddable":true,"href":"https:\/\/diariodominicano.com\/index.php?rest_route=\/wp\/v2\/media\/648344"}],"wp:attachment":[{"href":"https:\/\/diariodominicano.com\/index.php?rest_route=%2Fwp%2Fv2%2Fmedia&parent=648343"}],"wp:term":[{"taxonomy":"category","embeddable":true,"href":"https:\/\/diariodominicano.com\/index.php?rest_route=%2Fwp%2Fv2%2Fcategories&post=648343"},{"taxonomy":"post_tag","embeddable":true,"href":"https:\/\/diariodominicano.com\/index.php?rest_route=%2Fwp%2Fv2%2Ftags&post=648343"}],"curies":[{"name":"wp","href":"https:\/\/api.w.org\/{rel}","templated":true}]}}