{"id":648339,"date":"2025-11-10T00:39:16","date_gmt":"2025-11-10T04:39:16","guid":{"rendered":"https:\/\/diariodominicano.com\/?p=648339"},"modified":"2025-11-10T00:39:19","modified_gmt":"2025-11-10T04:39:19","slug":"norris-afianza-primer-puesto-en-mundial-de-formula-uno","status":"publish","type":"post","link":"https:\/\/diariodominicano.com\/?p=648339","title":{"rendered":"Norris afianza primer puesto en Mundial de F\u00f3rmula Uno"},"content":{"rendered":"\n<p>Sao Paulo, Brasil, 9 nov (Prensa Latina) El brit\u00e1nico Lando Norris, de McLaren, reforz\u00f3 hoy su primer puesto en el Campeonato Mundial de F\u00f3rmula Uno, al ganar el Gran Premio (GP) de Brasil y apunta firme al t\u00edtulo de pilotos.<\/p>\n\n\n\n<ul class=\"wp-block-list\">\n<li><a href=\"https:\/\/www.prensa-latina.cu\/2025\/11\/09\/\"><time>noviembre 9, 2025 | 21:58<\/time><\/a><\/li>\n<\/ul>\n\n\n\n<ul class=\"wp-block-list\">\n<li><a href=\"https:\/\/www.prensa-latina.cu\/2025\/11\/09\/norris-afianza-primer-puesto-en-mundial-de-formula-uno\/#\"><\/a><\/li>\n\n\n\n<li><a href=\"https:\/\/www.prensa-latina.cu\/2025\/11\/09\/norris-afianza-primer-puesto-en-mundial-de-formula-uno\/#\"><\/a><\/li>\n\n\n\n<li><a href=\"https:\/\/www.prensa-latina.cu\/2025\/11\/09\/norris-afianza-primer-puesto-en-mundial-de-formula-uno\/#\"><\/a><\/li>\n\n\n\n<li><a href=\"https:\/\/www.prensa-latina.cu\/2025\/11\/09\/norris-afianza-primer-puesto-en-mundial-de-formula-uno\/#\"><\/a><\/li>\n<\/ul>\n\n\n\n<p>Norris necesit\u00f3 de 1:32:01.596 horas para triunfar en el circuito de Interlagos, por delante del Mercedes del italiano Kimi Antonelli, segundo, y del Red Bull del neerland\u00e9s Max Verstappen, tercero, este \u00faltimo despu\u00e9s de comenzar desde los boxes por cambios en su auto tras una decepcionante clasificaci\u00f3n el s\u00e1bado.<\/p>\n\n\n\n<p>Cuando faltan tres carreras para el final de la temporada, el brit\u00e1nico acumula 390 puntos, mientras su compa\u00f1ero de equipo, el australiano Oscar Piastri, le sigue con 366 tras quedar quinto este domingo, y Verstappen suma 341.<\/p>\n\n\n\n<p>Norris alcanz\u00f3 su s\u00e9ptimo triunfo en Brasil luego de retomar el liderato hace dos semanas al conquistar el GP de M\u00e9xico.<\/p>\n\n\n\n<p>El brit\u00e1nico domin\u00f3 de manera incontestable en el trazado paulista al realizar el mejor tiempo de los entrenamientos libres y la clasificaci\u00f3n para la carrera esprint, el viernes; y al conquistar el triunfo en la minicarrera y la pole position para el GP de Brasil, el s\u00e1bado.<\/p>\n\n\n\n<p>Su compa\u00f1ero de escuder\u00eda, Piastri perdi\u00f3 terreno en un carrera en la que tuvo que cumplir una penalizaci\u00f3n de 10 segundos tras un incidente con Antonelli y el monegasco Charles Leclerc, en el que el piloto de Ferrari fue el m\u00e1s perjudicado al retirarse de la prueba.<\/p>\n\n\n\n<p>Por su parte, Antonelli volvi\u00f3 a sorprender tras haber escoltado a Norris en la clasificaci\u00f3n del s\u00e1bado. El novato italiano tuvo su mejor actuaci\u00f3n de la campa\u00f1a y subi\u00f3 por segunda vez al podio, despu\u00e9s de ocupar el tercer lugar en el GP de Canad\u00e1 en junio.<\/p>\n\n\n\n<p>otf\/am<\/p>\n\n\n\n<ul class=\"wp-block-list\">\n<li>#<a href=\"https:\/\/www.prensa-latina.cu\/etiqueta\/antonelli\/\">Antonelli<\/a>\u00a0#<a href=\"https:\/\/www.prensa-latina.cu\/etiqueta\/australia\/\">Australia<\/a>\u00a0#<a href=\"https:\/\/www.prensa-latina.cu\/etiqueta\/bajos\/\">Bajos<\/a>\u00a0#<a href=\"https:\/\/www.prensa-latina.cu\/etiqueta\/brasil\/\">brasil<\/a>\u00a0#<a href=\"https:\/\/www.prensa-latina.cu\/etiqueta\/italia\/\">Italia<\/a>\u00a0#<a href=\"https:\/\/www.prensa-latina.cu\/etiqueta\/kimi\/\">Kimi<\/a>\u00a0#<a href=\"https:\/\/www.prensa-latina.cu\/etiqueta\/lando\/\">Lando<\/a>\u00a0#<a href=\"https:\/\/www.prensa-latina.cu\/etiqueta\/max\/\">Max<\/a>\u00a0#<a href=\"https:\/\/www.prensa-latina.cu\/etiqueta\/mclaren\/\">McLaren<\/a>\u00a0#<a href=\"https:\/\/www.prensa-latina.cu\/etiqueta\/mercedes\/\">Mercedes<\/a>\u00a0#<a href=\"https:\/\/www.prensa-latina.cu\/etiqueta\/norris\/\">Norris<\/a>\u00a0#<a href=\"https:\/\/www.prensa-latina.cu\/etiqueta\/oscar\/\">\u00f3scar<\/a>\u00a0#<a href=\"https:\/\/www.prensa-latina.cu\/etiqueta\/piastri\/\">piastri<\/a>\u00a0#<a href=\"https:\/\/www.prensa-latina.cu\/etiqueta\/verstappen\/\">Verstappen<\/a><\/li>\n<\/ul>\n","protected":false},"excerpt":{"rendered":"<p>Sao Paulo, Brasil, 9 nov (Prensa Latina) El brit\u00e1nico Lando Norris, de McLaren, reforz\u00f3 hoy su primer puesto en el Campeonato Mundial de F\u00f3rmula Uno, al ganar el Gran Premio (GP) de Brasil y apunta firme al t\u00edtulo de pilotos. Norris necesit\u00f3 de 1:32:01.596 horas para triunfar en el circuito de Interlagos, por delante del [&hellip;]<\/p>\n","protected":false},"author":2,"featured_media":648341,"comment_status":"closed","ping_status":"closed","sticky":false,"template":"","format":"standard","meta":{"footnotes":""},"categories":[17],"tags":[],"class_list":["post-648339","post","type-post","status-publish","format-standard","has-post-thumbnail","hentry","category-deportes"],"_links":{"self":[{"href":"https:\/\/diariodominicano.com\/index.php?rest_route=\/wp\/v2\/posts\/648339","targetHints":{"allow":["GET"]}}],"collection":[{"href":"https:\/\/diariodominicano.com\/index.php?rest_route=\/wp\/v2\/posts"}],"about":[{"href":"https:\/\/diariodominicano.com\/index.php?rest_route=\/wp\/v2\/types\/post"}],"author":[{"embeddable":true,"href":"https:\/\/diariodominicano.com\/index.php?rest_route=\/wp\/v2\/users\/2"}],"replies":[{"embeddable":true,"href":"https:\/\/diariodominicano.com\/index.php?rest_route=%2Fwp%2Fv2%2Fcomments&post=648339"}],"version-history":[{"count":1,"href":"https:\/\/diariodominicano.com\/index.php?rest_route=\/wp\/v2\/posts\/648339\/revisions"}],"predecessor-version":[{"id":648342,"href":"https:\/\/diariodominicano.com\/index.php?rest_route=\/wp\/v2\/posts\/648339\/revisions\/648342"}],"wp:featuredmedia":[{"embeddable":true,"href":"https:\/\/diariodominicano.com\/index.php?rest_route=\/wp\/v2\/media\/648341"}],"wp:attachment":[{"href":"https:\/\/diariodominicano.com\/index.php?rest_route=%2Fwp%2Fv2%2Fmedia&parent=648339"}],"wp:term":[{"taxonomy":"category","embeddable":true,"href":"https:\/\/diariodominicano.com\/index.php?rest_route=%2Fwp%2Fv2%2Fcategories&post=648339"},{"taxonomy":"post_tag","embeddable":true,"href":"https:\/\/diariodominicano.com\/index.php?rest_route=%2Fwp%2Fv2%2Ftags&post=648339"}],"curies":[{"name":"wp","href":"https:\/\/api.w.org\/{rel}","templated":true}]}}