{"id":648278,"date":"2025-11-09T17:30:38","date_gmt":"2025-11-09T21:30:38","guid":{"rendered":"https:\/\/diariodominicano.com\/?p=648278"},"modified":"2025-11-09T17:30:40","modified_gmt":"2025-11-09T21:30:40","slug":"brasil-y-republica-dominicana-estrechan-lazos-con-acuerdo-entre-unapec-y-la-universidad-federal-de-rio-de-janeiro","status":"publish","type":"post","link":"https:\/\/diariodominicano.com\/?p=648278","title":{"rendered":"Brasil y Rep\u00fablica Dominicana estrechan lazos con acuerdo entre UNAPEC y la Universidad Federal de R\u00edo de Janeiro"},"content":{"rendered":"\n<p>La alianza amplia proyecci\u00f3n internacional de Unapec, y fomenta desarrollo de proyectos conjuntos en innovaci\u00f3n, sostenibilidad y la movilidad docente y estudiantil<\/p>\n\n\n\n<p><strong>R\u00edo de Janeiro, Brasil<\/strong><strong>.&nbsp;<\/strong>\u2013 En un acto celebrado en la sede de la Universidad Federal de R\u00edo de Janeiro (UFRJ), se suscribi\u00f3 un convenio de colaboraci\u00f3n cient\u00edfica y acad\u00e9mica entre la Universidad APEC (UNAPEC), de la Rep\u00fablica Dominicana, y la UFRJ, una de las instituciones de educaci\u00f3n superior m\u00e1s prestigiosas de Am\u00e9rica Latina.<\/p>\n\n\n\n<p>El compromiso fue firmado por el profesor Roberto Medronho, rector de la UFRJ, y el doctor Erik F. P\u00e9rez Vega, rector de la Universidad APEC, y representa una oportunidad de gran alcance estrat\u00e9gico en el \u00e1mbito econ\u00f3mico, cient\u00edfico y acad\u00e9mico.<\/p>\n\n\n\n<figure class=\"wp-block-image\"><img decoding=\"async\" src=\"https:\/\/diariodominicano.com\/wp-content\/uploads\/2025\/11\/Brasil-y-Republica-Dominicana-estrechan-lazos-con-acuerdo-entre-UNAPEC-y-la-Universidad-Federal-de-Rio-de-Janeiro-1024x1006.jpg\" alt=\"\"\/><\/figure>\n\n\n\n<p>&lt;&lt; Al integrarse en redes de colaboraci\u00f3n con una instituci\u00f3n del prestigio de la Universidad Federal de R\u00edo de Janeiro, Unapec ampl\u00eda sus posibilidades de acceso a fuentes internacionales de investigaci\u00f3n, programas de cooperaci\u00f3n t\u00e9cnica y proyectos de desarrollo conjunto, particularmente en \u00e1reas vinculadas a la innovaci\u00f3n tecnol\u00f3gica, la sostenibilidad y la transformaci\u00f3n digital &gt;&gt;, destac\u00f3 P\u00e9rez Vega.<\/p>\n\n\n\n<figure class=\"wp-block-image\"><img decoding=\"async\" src=\"https:\/\/diariodominicano.com\/wp-content\/uploads\/2025\/11\/Brasil-y-Republica-Dominicana-estrechan-lazos-con-acuerdo-entre-UNAPEC-y-la-Universidad-Federal-Rio-de-Janeiro-1005x1024.jpg\" alt=\"\"\/><\/figure>\n\n\n\n<p>Se\u00f1al\u00f3, asimismo, que en el plano econ\u00f3mico y de desarrollo institucional, la alianza contribuye a la diversificaci\u00f3n de oportunidades para los estudiantes y docentes, fomenta la transferencia de conocimiento y abre la puerta a proyectos de cooperaci\u00f3n con impacto social y productivo, en consonancia con los Objetivos de Desarrollo Sostenible (ODS) y la pol\u00edtica de internacionalizaci\u00f3n de Unapec.<\/p>\n\n\n\n<p>Por su parte, el rector de la Universidad Federal de R\u00edo de Janeiro, profesor Roberto Medronho, destac\u00f3 la relevancia de esta alianza como un paso decisivo para el fortalecimiento de la cooperaci\u00f3n cient\u00edfica y universitaria entre Brasil y la Rep\u00fablica Dominicana.<\/p>\n\n\n\n<p>Subray\u00f3 que la UFRJ mantiene su compromiso con la internacionalizaci\u00f3n del conocimiento y la creaci\u00f3n de puentes acad\u00e9micos que promuevan la innovaci\u00f3n, la sostenibilidad y el intercambio cultural.<\/p>\n\n\n\n<p>Expres\u00f3 que el acuerdo con Unapec representa una oportunidad para compartir experiencias, impulsar investigaciones conjuntas y enriquecer la formaci\u00f3n de estudiantes y docentes a trav\u00e9s del di\u00e1logo acad\u00e9mico entre ambas naciones.<\/p>\n\n\n\n<p>Como intermediario en la concreci\u00f3n de esta alianza, el Consulado General de la Rep\u00fablica Dominicana en R\u00edo de Janeiro desempe\u00f1\u00f3 un papel esencial, cuyo titular, el se\u00f1or Roberto Rubio, durante la firma del convenio destac\u00f3 la relevancia de este paso para consolidar los v\u00ednculos acad\u00e9micos, cient\u00edficos y culturales entre ambos pa\u00edses.<\/p>\n\n\n\n<p>Desde la perspectiva cient\u00edfica, se inform\u00f3 que el acuerdo permitir\u00e1 a docentes e investigadores de Unapec participar en iniciativas colaborativas, publicaciones conjuntas y estancias acad\u00e9micas, fortaleciendo la producci\u00f3n de conocimiento y el intercambio de experiencias con grupos de investigaci\u00f3n consolidados de la UFRJ.<\/p>\n\n\n\n<p>Estuvieron presentes, adem\u00e1s, el se\u00f1or Guilherme Antunes, coordinador general de Relaciones Internacionales de la UFRJ, y la se\u00f1ora Erika Lozada, quienes resaltaron las oportunidades que abre este acuerdo para el intercambio de conocimiento y la proyecci\u00f3n internacional de la educaci\u00f3n superior.<\/p>\n\n\n\n<p>Este v\u00ednculo no solo eleva la calidad de la investigaci\u00f3n institucional, sino que tambi\u00e9n potencia la visibilidad de los resultados cient\u00edficos dominicanos en el escenario latinoamericano y global.<\/p>\n\n\n\n<p>De esta forma, la universidad reafirma su compromiso con la excelencia acad\u00e9mica y con el fortalecimiento del ecosistema de educaci\u00f3n superior de la Rep\u00fablica Dominicana, consolidando su papel como un actor relevante en la construcci\u00f3n de conocimiento \u00fatil, innovador y competitivo para la regi\u00f3n.<\/p>\n\n\n\n<p>Contacto de prensa:<\/p>\n\n\n\n<p><em>Rosa M. Jim\u00e9nez<\/em><\/p>\n\n\n\n<p>Rosa Mar\u00eda Jim\u00e9nez <a href=\"mailto:rmj.comunicaciones@gmail.com\">rmj.comunicaciones@gmail.com<\/a><\/p>\n","protected":false},"excerpt":{"rendered":"<p>La alianza amplia proyecci\u00f3n internacional de Unapec, y fomenta desarrollo de proyectos conjuntos en innovaci\u00f3n, sostenibilidad y la movilidad docente y estudiantil R\u00edo de Janeiro, Brasil.&nbsp;\u2013 En un acto celebrado en la sede de la Universidad Federal de R\u00edo de Janeiro (UFRJ), se suscribi\u00f3 un convenio de colaboraci\u00f3n cient\u00edfica y acad\u00e9mica entre la Universidad APEC [&hellip;]<\/p>\n","protected":false},"author":7,"featured_media":648286,"comment_status":"closed","ping_status":"closed","sticky":false,"template":"","format":"standard","meta":{"footnotes":""},"categories":[36],"tags":[2998,197,985,3447],"class_list":["post-648278","post","type-post","status-publish","format-standard","has-post-thumbnail","hentry","category-hombresmujeresycosas","tag-brasil","tag-republica-dominicana","tag-unapec","tag-universidad-federal-de-rio-de-janeiro"],"_links":{"self":[{"href":"https:\/\/diariodominicano.com\/index.php?rest_route=\/wp\/v2\/posts\/648278","targetHints":{"allow":["GET"]}}],"collection":[{"href":"https:\/\/diariodominicano.com\/index.php?rest_route=\/wp\/v2\/posts"}],"about":[{"href":"https:\/\/diariodominicano.com\/index.php?rest_route=\/wp\/v2\/types\/post"}],"author":[{"embeddable":true,"href":"https:\/\/diariodominicano.com\/index.php?rest_route=\/wp\/v2\/users\/7"}],"replies":[{"embeddable":true,"href":"https:\/\/diariodominicano.com\/index.php?rest_route=%2Fwp%2Fv2%2Fcomments&post=648278"}],"version-history":[{"count":1,"href":"https:\/\/diariodominicano.com\/index.php?rest_route=\/wp\/v2\/posts\/648278\/revisions"}],"predecessor-version":[{"id":648290,"href":"https:\/\/diariodominicano.com\/index.php?rest_route=\/wp\/v2\/posts\/648278\/revisions\/648290"}],"wp:featuredmedia":[{"embeddable":true,"href":"https:\/\/diariodominicano.com\/index.php?rest_route=\/wp\/v2\/media\/648286"}],"wp:attachment":[{"href":"https:\/\/diariodominicano.com\/index.php?rest_route=%2Fwp%2Fv2%2Fmedia&parent=648278"}],"wp:term":[{"taxonomy":"category","embeddable":true,"href":"https:\/\/diariodominicano.com\/index.php?rest_route=%2Fwp%2Fv2%2Fcategories&post=648278"},{"taxonomy":"post_tag","embeddable":true,"href":"https:\/\/diariodominicano.com\/index.php?rest_route=%2Fwp%2Fv2%2Ftags&post=648278"}],"curies":[{"name":"wp","href":"https:\/\/api.w.org\/{rel}","templated":true}]}}