{"id":648225,"date":"2025-11-09T01:44:55","date_gmt":"2025-11-09T05:44:55","guid":{"rendered":"https:\/\/diariodominicano.com\/?p=648225"},"modified":"2025-11-09T01:45:00","modified_gmt":"2025-11-09T05:45:00","slug":"presidente-de-colombia-volvio-a-acusar-al-gobierno-de-eeuu-de-asesino","status":"publish","type":"post","link":"https:\/\/diariodominicano.com\/?p=648225","title":{"rendered":"Presidente de Colombia volvi\u00f3 a acusar al gobierno de EEUU de asesino"},"content":{"rendered":"\n<p>Santa Marta, Colombia, 8 nov (Prensa Latina) El presidente de Colombia, Gustavo Petro, afirm\u00f3 hoy aqu\u00ed que la sociedad estadounidense debe conocer c\u00f3mo el gobierno de su pa\u00eds asesina con sus impuestos a gente pobre del Caribe.<\/p>\n\n\n\n<ul class=\"wp-block-list\">\n<li><a href=\"https:\/\/www.prensa-latina.cu\/2025\/11\/08\/\"><time>noviembre 8, 2025 | 19:49<\/time><\/a><\/li>\n<\/ul>\n\n\n\n<ul class=\"wp-block-list\">\n<li><a href=\"https:\/\/www.prensa-latina.cu\/2025\/11\/08\/presidente-de-colombia-volvio-a-acusar-al-gobierno-de-eeuu-de-asesino\/#\"><\/a><\/li>\n\n\n\n<li><a href=\"https:\/\/www.prensa-latina.cu\/2025\/11\/08\/presidente-de-colombia-volvio-a-acusar-al-gobierno-de-eeuu-de-asesino\/#\"><\/a><\/li>\n\n\n\n<li><a href=\"https:\/\/www.prensa-latina.cu\/2025\/11\/08\/presidente-de-colombia-volvio-a-acusar-al-gobierno-de-eeuu-de-asesino\/#\"><\/a><\/li>\n\n\n\n<li><a href=\"https:\/\/www.prensa-latina.cu\/2025\/11\/08\/presidente-de-colombia-volvio-a-acusar-al-gobierno-de-eeuu-de-asesino\/#\"><\/a><\/li>\n<\/ul>\n\n\n\n<p>As\u00ed se manifest\u00f3 el mandatario en la jornada de apertura de la III Cumbre Social de los Pueblos de Am\u00e9rica Latina y el Caribe, a la que acuden decenas de representantes de movimientos sociales, l\u00edderes sindicales, ind\u00edgenas, estudiantes y miembros de pueblos afrodescendientes.<\/p>\n\n\n\n<p>El evento antecede al inicio de la IV Cumbre de la Comunidad de Estados Latinoamericanos y Caribe\u00f1os (Celac) y la Uni\u00f3n Europea (UE), que tendr\u00e1 por sede al Centro de Convenciones Santamar de esta ciudad.<\/p>\n\n\n\n<p>Reiter\u00f3 su denuncia acerca de que el presidente de Estados Unidos, Donald Trump, y su secretario de Estado, Marco Rubio, \u201cno est\u00e1n matando a narcotraficantes sino a pescadores pobres\u201d.<\/p>\n\n\n\n<p>El gobernante asever\u00f3 que \u201clos narcotraficantes han ido, a trav\u00e9s de sus pol\u00edticos, a las oficinas en Miami a hablar con los senadores del se\u00f1or Rubio, a pedir que aqu\u00ed tambi\u00e9n bombardeen, a pedir que aqu\u00ed tambi\u00e9n saquen al presidente de la Rep\u00fablica, elegido por voto popular, a tratar de humillarnos\u201d.<\/p>\n\n\n\n<p>En referencia a la muerte del pescador Alejandro Carranza, cuya lancha fue bombardeada en el Caribe mientras permanec\u00eda detenido hace algunas semanas, considero que es irrelevante el hecho de si transportaba o no coca\u00edna.<\/p>\n\n\n\n<p>\u201cHubiera sido pez o coca\u00edna, \u00e9l no ten\u00eda pena de muerte y no ten\u00edan por qu\u00e9 haberlo asesinado. Y no sabemos si lo asesinaron en nuestro mar Caribe, frente a Santa Marta, o frente a La Guajira o m\u00e1s all\u00e1\u201d, expres\u00f3.<\/p>\n\n\n\n<p>Alert\u00f3 asimismo Petro sobre lo que \u00e9l calific\u00f3 como la interferencia de actores extranjeros para promover medidas militares y campa\u00f1as para ofender a Colombia y desestabilizar su gobierno.<\/p>\n\n\n\n<p>\u201cNo nos dejaremos humillar\u201d, afirm\u00f3.<\/p>\n\n\n\n<p>El presidente insisti\u00f3 en su tesis de que el mundo vive d\u00edas intensos en los que los genocidios y la contaminaci\u00f3n por el consumo de carb\u00f3n crecen, mientras la humanidad se debate sobre si mantener la defensa de la codicia impulsada por el capital o la vida.<\/p>\n\n\n\n<p>Tambi\u00e9n se refiri\u00f3 a las presiones que recibieron algunos pa\u00edses por parte de Estados Unidos para que declinaran participar en la IV Cumbre entre la Celac y la UE.<\/p>\n\n\n\n<p>\u201cQuer\u00edan sabotear estas reuniones, les dec\u00edan a los primeros ministros de islas que no vinieran\u201d, sostuvo.<\/p>\n\n\n\n<p>Como parte de su alocuci\u00f3n se refiri\u00f3 igualmente a la necesidad de fortalecer la unidad entre los distintos pueblos de Am\u00e9rica Latina y el Caribe.<\/p>\n\n\n\n<p>lam\/ifs<\/p>\n\n\n\n<ul class=\"wp-block-list\">\n<li>#<a href=\"https:\/\/www.prensa-latina.cu\/etiqueta\/asesinatos\/\">asesinatos<\/a>\u00a0#<a href=\"https:\/\/www.prensa-latina.cu\/etiqueta\/colombia\/\">colombia<\/a>\u00a0#<a href=\"https:\/\/www.prensa-latina.cu\/etiqueta\/cumbre-celac-social\/\">cumbre celac social<\/a>\u00a0#<a href=\"https:\/\/www.prensa-latina.cu\/etiqueta\/eeuu\/\">eeuu<\/a>\u00a0#<a href=\"https:\/\/www.prensa-latina.cu\/etiqueta\/petro\/\">petro<\/a><\/li>\n<\/ul>\n","protected":false},"excerpt":{"rendered":"<p>Santa Marta, Colombia, 8 nov (Prensa Latina) El presidente de Colombia, Gustavo Petro, afirm\u00f3 hoy aqu\u00ed que la sociedad estadounidense debe conocer c\u00f3mo el gobierno de su pa\u00eds asesina con sus impuestos a gente pobre del Caribe. As\u00ed se manifest\u00f3 el mandatario en la jornada de apertura de la III Cumbre Social de los Pueblos [&hellip;]<\/p>\n","protected":false},"author":2,"featured_media":648226,"comment_status":"closed","ping_status":"closed","sticky":true,"template":"","format":"standard","meta":{"footnotes":""},"categories":[23],"tags":[],"class_list":["post-648225","post","type-post","status-publish","format-standard","has-post-thumbnail","hentry","category-internacional"],"_links":{"self":[{"href":"https:\/\/diariodominicano.com\/index.php?rest_route=\/wp\/v2\/posts\/648225","targetHints":{"allow":["GET"]}}],"collection":[{"href":"https:\/\/diariodominicano.com\/index.php?rest_route=\/wp\/v2\/posts"}],"about":[{"href":"https:\/\/diariodominicano.com\/index.php?rest_route=\/wp\/v2\/types\/post"}],"author":[{"embeddable":true,"href":"https:\/\/diariodominicano.com\/index.php?rest_route=\/wp\/v2\/users\/2"}],"replies":[{"embeddable":true,"href":"https:\/\/diariodominicano.com\/index.php?rest_route=%2Fwp%2Fv2%2Fcomments&post=648225"}],"version-history":[{"count":1,"href":"https:\/\/diariodominicano.com\/index.php?rest_route=\/wp\/v2\/posts\/648225\/revisions"}],"predecessor-version":[{"id":648227,"href":"https:\/\/diariodominicano.com\/index.php?rest_route=\/wp\/v2\/posts\/648225\/revisions\/648227"}],"wp:featuredmedia":[{"embeddable":true,"href":"https:\/\/diariodominicano.com\/index.php?rest_route=\/wp\/v2\/media\/648226"}],"wp:attachment":[{"href":"https:\/\/diariodominicano.com\/index.php?rest_route=%2Fwp%2Fv2%2Fmedia&parent=648225"}],"wp:term":[{"taxonomy":"category","embeddable":true,"href":"https:\/\/diariodominicano.com\/index.php?rest_route=%2Fwp%2Fv2%2Fcategories&post=648225"},{"taxonomy":"post_tag","embeddable":true,"href":"https:\/\/diariodominicano.com\/index.php?rest_route=%2Fwp%2Fv2%2Ftags&post=648225"}],"curies":[{"name":"wp","href":"https:\/\/api.w.org\/{rel}","templated":true}]}}