{"id":648204,"date":"2025-11-09T01:03:17","date_gmt":"2025-11-09T05:03:17","guid":{"rendered":"https:\/\/diariodominicano.com\/?p=648204"},"modified":"2025-11-09T02:01:39","modified_gmt":"2025-11-09T06:01:39","slug":"delegacion-presidencial-estadounidense-a-la-investidura-del-presidente-boliviano-rodrigo-paz","status":"publish","type":"post","link":"https:\/\/diariodominicano.com\/?p=648204","title":{"rendered":"Delegaci\u00f3n presidencial estadounidense a la investidura del presidente boliviano Rodrigo Paz"},"content":{"rendered":"\n<p>Externa: Christopher Landau <\/p>\n\n\n\n<p>8 de noviembre de 2025<\/p>\n\n\n\n<p>El 8 de noviembre, el subsecretario Christopher Landau encabez\u00f3 la delegaci\u00f3n presidencial estadounidense a la hist\u00f3rica investidura del presidente boliviano Rodrigo Paz, donde reafirm\u00f3 el compromiso de Estados Unidos de profundizar la relaci\u00f3n entre nuestras naciones. Con la elecci\u00f3n del presidente Paz, Estados Unidos y Bolivia est\u00e1n listos para iniciar un nuevo cap\u00edtulo en la alianza de 176 a\u00f1os entre nuestros pa\u00edses. El subsecretario Landau expres\u00f3 su firme convicci\u00f3n de que una relaci\u00f3n renovada entre Estados Unidos y Bolivia puede ser la piedra angular de la prosperidad econ\u00f3mica conjunta, los lazos entre los pueblos y la cooperaci\u00f3n en materia de seguridad, lo que redundar\u00e1 en beneficios para los pueblos de ambos pa\u00edses. Anunciaron las siguientes iniciativas.<\/p>\n\n\n\n<p><strong>Promover la prosperidad econ\u00f3mica compartida:<\/strong><\/p>\n\n\n\n<ul class=\"wp-block-list\">\n<li>El director ejecutivo de la Corporaci\u00f3n Financiera de Desarrollo Internacional de Estados Unidos (DFC), Ben Black, y el presidente y director ejecutivo del Banco de Exportaci\u00f3n e Importaci\u00f3n de Estados Unidos (EXIM), John Jovanovic, anunciaron que ambas agencias est\u00e1n abiertas a hacer negocios en Bolivia y buscan nuevas oportunidades de comercio e inversi\u00f3n en el pa\u00eds.<\/li>\n\n\n\n<li>La DFC, EXIM, la Agencia de Comercio y Desarrollo de Estados Unidos y el Departamento de Estado enviar\u00e1n expertos a Bolivia para buscar acuerdos comerciales en diversos sectores que impulsen un crecimiento liderado por el sector privado y que genere empleos en ambos pa\u00edses.<\/li>\n\n\n\n<li>Estados Unidos y Bolivia relanzar\u00e1n el Consejo Bilateral de Comercio e Inversi\u00f3n para impulsar las prioridades compartidas y crear un Equipo Conjunto de Negociaci\u00f3n para identificar oportunidades de inversi\u00f3n bilaterales.<\/li>\n<\/ul>\n\n\n\n<p><strong>Fomentar los lazos entre personas:<\/strong><\/p>\n\n\n\n<ul class=\"wp-block-list\">\n<li>El presidente Paz anunci\u00f3 que pronto eliminar\u00e1 el requisito de visa para los viajes de turismo y negocios de Estados Unidos, alentando a los estadounidenses a viajar e invertir en Bolivia.<\/li>\n\n\n\n<li>Los dos l\u00edderes decidieron impulsar un Acuerdo de Cielos Abiertos de Estados Unidos para promover los viajes a\u00e9reos entre los dos pa\u00edses.<\/li>\n\n\n\n<li>El presidente Paz anunci\u00f3 que aprobar\u00e1 una licencia para que Starlink opere, llevando as\u00ed acceso a internet asequible, r\u00e1pido y confiable a todos los rincones de Bolivia.<\/li>\n\n\n\n<li>El presidente Paz expres\u00f3 su agradecimiento por las contribuciones de los voluntarios del Cuerpo de Paz que prestaron servicio en Bolivia y anunci\u00f3 su intenci\u00f3n de invitarlos a regresar.<\/li>\n\n\n\n<li>El subsecretario Landau comparti\u00f3 que Estados Unidos reabrir\u00e1 un Espacio Americano en La Paz a principios de 2026, diez a\u00f1os despu\u00e9s de su cierre, para acercar la cultura estadounidense y el idioma ingl\u00e9s a los bolivianos.<\/li>\n<\/ul>\n\n\n\n<p><strong>Colaboraci\u00f3n en materia de seguridad p\u00fablica y seguridad ciudadana:<\/strong><\/p>\n\n\n\n<ul class=\"wp-block-list\">\n<li>El subsecretario Landau anunci\u00f3 la donaci\u00f3n de 700.000 d\u00f3lares en medicamentos antirretrovirales y kits de prueba para el VIH a trav\u00e9s del Plan de Emergencia del Presidente para el Alivio del SIDA (PEPFAR).<\/li>\n\n\n\n<li>El subsecretario Landau comparti\u00f3 que el Departamento de Estado trabajar\u00e1 con el Congreso para brindar asistencia al gobierno de Bolivia para mejorar la seguridad ciudadana.<\/li>\n\n\n\n<li>Los dos l\u00edderes tambi\u00e9n expresaron su inter\u00e9s en concluir un memorando de entendimiento sobre la colaboraci\u00f3n nuclear civil segura.<\/li>\n<\/ul>\n\n\n\n<p>Hoja informativa<\/p>\n\n\n\n<p>U.S. Department of State<\/p>\n\n\n\n<p><a target=\"_blank\" href=\"mailto:usstatebpa@public.govdelivery.com\" rel=\"noreferrer noopener\">usstatebpa@public.govdelivery.c<\/a><\/p>\n","protected":false},"excerpt":{"rendered":"<p>Externa: Christopher Landau 8 de noviembre de 2025 El 8 de noviembre, el subsecretario Christopher Landau encabez\u00f3 la delegaci\u00f3n presidencial estadounidense a la hist\u00f3rica investidura del presidente boliviano Rodrigo Paz, donde reafirm\u00f3 el compromiso de Estados Unidos de profundizar la relaci\u00f3n entre nuestras naciones. Con la elecci\u00f3n del presidente Paz, Estados Unidos y Bolivia est\u00e1n [&hellip;]<\/p>\n","protected":false},"author":2,"featured_media":648206,"comment_status":"closed","ping_status":"closed","sticky":true,"template":"","format":"standard","meta":{"footnotes":""},"categories":[23,27],"tags":[],"class_list":["post-648204","post","type-post","status-publish","format-standard","has-post-thumbnail","hentry","category-internacional","category-portada"],"_links":{"self":[{"href":"https:\/\/diariodominicano.com\/index.php?rest_route=\/wp\/v2\/posts\/648204","targetHints":{"allow":["GET"]}}],"collection":[{"href":"https:\/\/diariodominicano.com\/index.php?rest_route=\/wp\/v2\/posts"}],"about":[{"href":"https:\/\/diariodominicano.com\/index.php?rest_route=\/wp\/v2\/types\/post"}],"author":[{"embeddable":true,"href":"https:\/\/diariodominicano.com\/index.php?rest_route=\/wp\/v2\/users\/2"}],"replies":[{"embeddable":true,"href":"https:\/\/diariodominicano.com\/index.php?rest_route=%2Fwp%2Fv2%2Fcomments&post=648204"}],"version-history":[{"count":1,"href":"https:\/\/diariodominicano.com\/index.php?rest_route=\/wp\/v2\/posts\/648204\/revisions"}],"predecessor-version":[{"id":648205,"href":"https:\/\/diariodominicano.com\/index.php?rest_route=\/wp\/v2\/posts\/648204\/revisions\/648205"}],"wp:featuredmedia":[{"embeddable":true,"href":"https:\/\/diariodominicano.com\/index.php?rest_route=\/wp\/v2\/media\/648206"}],"wp:attachment":[{"href":"https:\/\/diariodominicano.com\/index.php?rest_route=%2Fwp%2Fv2%2Fmedia&parent=648204"}],"wp:term":[{"taxonomy":"category","embeddable":true,"href":"https:\/\/diariodominicano.com\/index.php?rest_route=%2Fwp%2Fv2%2Fcategories&post=648204"},{"taxonomy":"post_tag","embeddable":true,"href":"https:\/\/diariodominicano.com\/index.php?rest_route=%2Fwp%2Fv2%2Ftags&post=648204"}],"curies":[{"name":"wp","href":"https:\/\/api.w.org\/{rel}","templated":true}]}}