{"id":648090,"date":"2025-11-08T04:07:32","date_gmt":"2025-11-08T08:07:32","guid":{"rendered":"https:\/\/diariodominicano.com\/?p=648090"},"modified":"2025-11-08T04:11:02","modified_gmt":"2025-11-08T08:11:02","slug":"fuerza-de-tarea-conjunta-implementa-operativo-policial-y-militar-en-san-cristobal-ante-reclamos-ciudadanos-por-la-delincuencia","status":"publish","type":"post","link":"https:\/\/diariodominicano.com\/?p=648090","title":{"rendered":"Fuerza de Tarea Conjunta implementa operativo policial y militar en San Crist\u00f3bal ante reclamos ciudadanos por la delincuencia"},"content":{"rendered":"\n<h3 class=\"wp-block-heading\">La presencia de agentes policiales, militares y de tr\u00e1nsito es notoria en barrios, avenidas y zonas comerciales, como parte de un plan integral de acci\u00f3n destinado a garantizar el orden p\u00fablico y la seguridad ciudadana.<\/h3>\n\n\n\n<p>7 de Noviembre 2025 |<\/p>\n\n\n\n<figure class=\"wp-block-image\"><img decoding=\"async\" src=\"https:\/\/platform-cdn.sharethis.com\/img\/facebook.svg\" alt=\"facebook sharing button\"\/><\/figure>\n\n\n\n<figure class=\"wp-block-image\"><img decoding=\"async\" src=\"https:\/\/platform-cdn.sharethis.com\/img\/sharethis.svg\" alt=\"sharethis sharing button\"\/><\/figure>\n\n\n\n<p>San Crist\u00f3bal. RD\u2013 En respuesta a los\u00a0<strong>reclamos\u00a0<\/strong>de la poblaci\u00f3n ante el\u00a0<strong>incremento de<\/strong>\u00a0<strong>hechos delictivos<\/strong>, el Gobierno, a trav\u00e9s del\u00a0<strong>Ministerio de Interior y Polic\u00eda y el Ministerio de Defensa<\/strong>, puso en marcha un\u00a0<strong>amplio operativo policial y militar<\/strong>\u00a0en este municipio, con el prop\u00f3sito de reforzar la\u00a0<strong>seguridad<\/strong>\u00a0y llevar\u00a0<strong>tranquilidad<\/strong>\u00a0a la ciudadan\u00eda. La acci\u00f3n forma parte del plan de trabajo de la\u00a0<strong>Fuerza de Tarea Conjunta<\/strong>.<\/p>\n\n\n\n<p>En el operativo participan la Polic\u00eda Nacional, la Procuradur\u00eda General de la Rep\u00fablica, la Direcci\u00f3n General de Seguridad de Tr\u00e1nsito y Transporte Terrestre (Digesett), la Direcci\u00f3n Nacional de Control de Drogas (DNCD) y el Ej\u00e9rcito de Rep\u00fablica Dominicana, en cumplimiento de los<strong>&nbsp;compromisos asumidos en las Mesas Locales de Seguridad, Ciudadan\u00eda y G\u00e9nero<\/strong>, donde las comunidades expresaron su preocupaci\u00f3n por el&nbsp;<strong>auge de la delincuencia<\/strong>.<\/p>\n\n\n\n<p>El director regional Sur de la Polic\u00eda Nacional, coronel&nbsp;<strong>Ram\u00f3n \u00d3scar Hern\u00e1ndez<\/strong>, explic\u00f3 que la intervenci\u00f3n busca enfrentar de manera directa los&nbsp;<strong>robos, atracos, microtr\u00e1fico de sustancias il\u00edcitas y otras manifestaciones delictivas&nbsp;<\/strong>que afectan la zona.<\/p>\n\n\n\n<p>La presencia de&nbsp;<strong>agentes policiales, militares y de tr\u00e1nsito<\/strong>&nbsp;es notoria en barrios, avenidas y zonas comerciales, como parte de un&nbsp;<strong>plan integral de acci\u00f3n<\/strong>&nbsp;destinado a garantizar el orden p\u00fablico y la seguridad ciudadana.<\/p>\n\n\n\n<p>La ministra de Interior y Polic\u00eda,&nbsp;<strong>Faride Raful<\/strong>, destac\u00f3 que este tipo de acciones responde a un&nbsp;<strong>compromiso directo con la ciudadan\u00eda<\/strong>&nbsp;y se enmarca dentro de una estrategia nacional que prioriza&nbsp;<strong>la prevenci\u00f3n y la presencia activa del Estado.<\/strong><\/p>\n\n\n\n<p><em>\u201cLa seguridad ciudadana se construye desde la prevenci\u00f3n y la confianza que debe generarse entre las autoridades y las comunidades\u201d,<\/em>&nbsp;expres\u00f3 la funcionaria.<\/p>\n\n\n\n<p>Residentes de distintos sectores&nbsp;<strong>valoraron positivamente&nbsp;<\/strong>la intervenci\u00f3n.&nbsp;<strong>Santa Romero<\/strong>, del sector Jeringa, afirm\u00f3 que&nbsp;<em>\u201cel patrullaje constante ha tra\u00eddo calma al barrio\u201d.<\/em>&nbsp;En tanto,&nbsp;<strong>Leonel de los Santos<\/strong>, motoconchista, asegur\u00f3 que&nbsp;<em>\u201cla vigilancia da confianza para trabajar m\u00e1s tranquilos\u201d.<\/em><\/p>\n\n\n\n<p>Estas acciones forman parte de la\u00a0<strong>estrategia integral de seguridad ciudadana<\/strong>\u00a0que impulsa el Ministerio de Interior y Polic\u00eda, orientada a fortalecer la\u00a0<strong>convivencia pac\u00edfica<\/strong>, prevenir el delito y promover la\u00a0<strong>articulaci\u00f3n interinstitucional<\/strong>\u00a0en todo el territorio nacional.<\/p>\n\n\n\n<p>Con informaci\u00f3n de la Presidencia de la Rep\u00fablica.<\/p>\n","protected":false},"excerpt":{"rendered":"<p>La presencia de agentes policiales, militares y de tr\u00e1nsito es notoria en barrios, avenidas y zonas comerciales, como parte de un plan integral de acci\u00f3n destinado a garantizar el orden p\u00fablico y la seguridad ciudadana. 7 de Noviembre 2025 | San Crist\u00f3bal. RD\u2013 En respuesta a los\u00a0reclamos\u00a0de la poblaci\u00f3n ante el\u00a0incremento de\u00a0hechos delictivos, el Gobierno, [&hellip;]<\/p>\n","protected":false},"author":2,"featured_media":648091,"comment_status":"closed","ping_status":"closed","sticky":true,"template":"","format":"standard","meta":{"footnotes":""},"categories":[20,24,29],"tags":[],"class_list":["post-648090","post","type-post","status-publish","format-standard","has-post-thumbnail","hentry","category-dominicana-hoy","category-justicia-y-derecho","category-policiasucesos"],"_links":{"self":[{"href":"https:\/\/diariodominicano.com\/index.php?rest_route=\/wp\/v2\/posts\/648090","targetHints":{"allow":["GET"]}}],"collection":[{"href":"https:\/\/diariodominicano.com\/index.php?rest_route=\/wp\/v2\/posts"}],"about":[{"href":"https:\/\/diariodominicano.com\/index.php?rest_route=\/wp\/v2\/types\/post"}],"author":[{"embeddable":true,"href":"https:\/\/diariodominicano.com\/index.php?rest_route=\/wp\/v2\/users\/2"}],"replies":[{"embeddable":true,"href":"https:\/\/diariodominicano.com\/index.php?rest_route=%2Fwp%2Fv2%2Fcomments&post=648090"}],"version-history":[{"count":2,"href":"https:\/\/diariodominicano.com\/index.php?rest_route=\/wp\/v2\/posts\/648090\/revisions"}],"predecessor-version":[{"id":648093,"href":"https:\/\/diariodominicano.com\/index.php?rest_route=\/wp\/v2\/posts\/648090\/revisions\/648093"}],"wp:featuredmedia":[{"embeddable":true,"href":"https:\/\/diariodominicano.com\/index.php?rest_route=\/wp\/v2\/media\/648091"}],"wp:attachment":[{"href":"https:\/\/diariodominicano.com\/index.php?rest_route=%2Fwp%2Fv2%2Fmedia&parent=648090"}],"wp:term":[{"taxonomy":"category","embeddable":true,"href":"https:\/\/diariodominicano.com\/index.php?rest_route=%2Fwp%2Fv2%2Fcategories&post=648090"},{"taxonomy":"post_tag","embeddable":true,"href":"https:\/\/diariodominicano.com\/index.php?rest_route=%2Fwp%2Fv2%2Ftags&post=648090"}],"curies":[{"name":"wp","href":"https:\/\/api.w.org\/{rel}","templated":true}]}}