{"id":648083,"date":"2025-11-08T03:58:16","date_gmt":"2025-11-08T07:58:16","guid":{"rendered":"https:\/\/diariodominicano.com\/?p=648083"},"modified":"2025-11-08T03:58:51","modified_gmt":"2025-11-08T07:58:51","slug":"consejo-nacional-de-la-magistratura-llama-a-vistas-publicas-a-los-postulantes-preseleccionados-para-ocupar-vacantes-en-la-suprema-corte-de-justicia-y-el-tribunal-superior-electoral","status":"publish","type":"post","link":"https:\/\/diariodominicano.com\/?p=648083","title":{"rendered":"El Consejo Nacional de la Magistratura llama a vistas p\u00fablicas a los postulantes preseleccionados para ocupar vacantes en la Suprema Corte de Justicia y el Tribunal Superior Electoral"},"content":{"rendered":"\n<h3 class=\"wp-block-heading\">Las vistas p\u00fablicas ser\u00e1n realizadas los d\u00edas indicados, a partir de las 9:00 de la ma\u00f1ana en el Sal\u00f3n Las Cari\u00e1tides del Palacio Nacional.<\/h3>\n\n\n\n<p>7 de Noviembre 2025 | 11:23<\/p>\n\n\n\n<p>Santo Domingo, RD.- En una\u00a0<strong>reuni\u00f3n virtual<\/strong>\u00a0celebrada la noche del jueves, encabezada por la vicepresidenta de la Rep\u00fablica,\u00a0<strong>Raquel Pe\u00f1a, el Consejo Nacional de la Magistratura (CNM)<\/strong>, con la presencia de todos sus miembros, conoci\u00f3 y decidi\u00f3 sobre las\u00a0<strong>objeciones<\/strong>\u00a0presentadas por la\u00a0<strong>ciudadan\u00eda<\/strong>\u00a0contra varios de los\u00a0<strong>postulantes<\/strong>\u00a0<strong>a la Suprema Corte de Justicia y el Tribunal Superior Electoral<\/strong>. En todos los casos, el Consejo decidi\u00f3 que las objeciones no reun\u00edan los elementos suficientes como para excluir de la preselecci\u00f3n a los postulantes objetados.<\/p>\n\n\n\n<p>El CNM tambi\u00e9n&nbsp;<strong>rechaz\u00f3 un recurso<\/strong>&nbsp;de revisi\u00f3n presentado en contra de una de sus decisiones previas, mediante la cual hab\u00eda decidido excluir de la preselecci\u00f3n a los aspirantes a vacantes de la Suprema Corte de Justicia que corresponden a la carrera judicial y que&nbsp;<strong>no ostentan la posici\u00f3n de juez de corte de apelaci\u00f3n o sus equivalentes<\/strong>, por entender que no cumplen con los&nbsp;<strong>requisitos constitucionales, legales y reglamentarios m\u00ednimos.<\/strong><\/p>\n\n\n\n<p>A continuaci\u00f3n, se transcribe la lista de preseleccionados y el&nbsp;<strong>llamado a vistas p\u00fablicas<\/strong>, las cuales comienzan el pr\u00f3ximo martes 11 de noviembre de 2025.<\/p>\n\n\n\n<p><strong>Martes 11 de noviembre de 2025<\/strong><\/p>\n\n\n\n<p>1&nbsp;Elisa Alexandra Abreu Jim\u00e9nez TSE<\/p>\n\n\n\n<p>2&nbsp;\u00c9dynson Francisco Alarc\u00f3n Polanco SCJ<\/p>\n\n\n\n<p>3&nbsp;Juan Angom\u00e1s Alc\u00e1ntara&nbsp;TSE<\/p>\n\n\n\n<p>4&nbsp;Melkis Antigua SCJ o TSE<\/p>\n\n\n\n<p>5&nbsp;Miguelina de Jes\u00fas Beard G\u00f3mez SCJ<\/p>\n\n\n\n<p>6&nbsp;Joaquincito Bocio Familia TSE<\/p>\n\n\n\n<p>7&nbsp;Francisco Eugenio Cabrera Mata TSE<\/p>\n\n\n\n<p>8&nbsp;Ygnacio Pascual Camacho Hidalgo&nbsp;TSE<\/p>\n\n\n\n<p>9&nbsp;Julio C\u00e9sar Emilio Can\u00f3 Alfau&nbsp;SCJ<\/p>\n\n\n\n<p>10&nbsp;\u00darsula Josefina Carrasco M\u00e1rquez de Suberv\u00ed SCJ o TSE<\/p>\n\n\n\n<p>11&nbsp;Yrcania Ibelice Casado Pimentel SCJ o TSE<\/p>\n\n\n\n<p>12&nbsp;Freddy \u00c1ngel Castro D\u00edaz TSE<\/p>\n\n\n\n<p>13&nbsp;Franklin Emilio Concepci\u00f3n Acosta&nbsp;SCJ<\/p>\n\n\n\n<p>14&nbsp;Karina Concepci\u00f3n Medina SCJ<\/p>\n\n\n\n<p>15&nbsp;Juan Bautista Cuevas Medrano TSE<\/p>\n\n\n\n<p>16&nbsp;Ylona Mar\u00eda de la Rocha Camilo SCJ<\/p>\n\n\n\n<p>17&nbsp;Mat\u00edas Modesto del Rosario Romero SCJ<\/p>\n\n\n\n<p>18&nbsp;Erasmo Dur\u00e1n Beltr\u00e9 SCJ o TSE<\/p>\n\n\n\n<p>19&nbsp;William Radham\u00e9s Encarnaci\u00f3n Mej\u00eda SCJ o TSE<\/p>\n\n\n\n<p>20&nbsp;Fernando Fern\u00e1ndez Cruz TSE<\/p>\n\n\n\n<p>21&nbsp;Catalina Ferrera Cuevas SCJ<\/p>\n\n\n\n<p><strong>Viernes 14 de noviembre de 2025<\/strong><\/p>\n\n\n\n<p>1&nbsp;Hermenegilda del Rosario Fondeur Ram\u00edrez&nbsp;TSE<\/p>\n\n\n\n<p>2&nbsp;Francisca Gabiela Garc\u00eda G\u00f3mez de Fadul SCJ<\/p>\n\n\n\n<p>3&nbsp;Lenis Ros\u00e1ngela Garc\u00eda Guzm\u00e1n TSE<\/p>\n\n\n\n<p>4&nbsp;Juan Manuel Mart\u00edn Garrido Campillo TSE<\/p>\n\n\n\n<p>5&nbsp;Alexis Andr\u00e9s G\u00f3mez Geraldino SCJ<\/p>\n\n\n\n<p>6&nbsp;Jos\u00e9 Heriberto&nbsp;G\u00f3mez Pichardo TSE<\/p>\n\n\n\n<p>7&nbsp;Juli\u00e1n Antonio&nbsp;Henr\u00edquez Puntiel SCJ<\/p>\n\n\n\n<p>8&nbsp;Ar\u00edstides Dalmiro Heredia Sena&nbsp; SCJ o TSE<\/p>\n\n\n\n<p>9&nbsp;Ram\u00f3n Antonio Hern\u00e1ndez Dom\u00ednguez&nbsp;TSE<\/p>\n\n\n\n<p>10&nbsp;Mildred Inmaculada Hern\u00e1ndez Grull\u00f3n&nbsp;SCJ<\/p>\n\n\n\n<p>11&nbsp;Yoaldo Hern\u00e1ndez Perera SCJ<\/p>\n\n\n\n<p>12&nbsp;Manuel Aurelio Hern\u00e1ndez Victoria SCJ<\/p>\n\n\n\n<p>13&nbsp;Erick Jos\u00e9 Hern\u00e1ndez-Machado Santana SCJ o TSE<\/p>\n\n\n\n<p>14&nbsp;Domingo Arturo Holgu\u00edn Mart\u00ednez&nbsp;TSE<\/p>\n\n\n\n<p>15&nbsp;Ram\u00f3n Ar\u00edstides Madera Arias TSE<\/p>\n\n\n\n<p>16&nbsp;Carmen Estela Mancebo Acosta SCJ o TSE<\/p>\n\n\n\n<p>17&nbsp;Wendy Sonaya Mart\u00ednez Mej\u00eda SCJ<\/p>\n\n\n\n<p>18&nbsp;Pedro Antonio&nbsp;Mateo Ibert SCJ o TSE<\/p>\n\n\n\n<p>19&nbsp;Daira Cira Medina Tejeda SCJ<\/p>\n\n\n\n<p>20&nbsp;V\u00edctor Rafael Menieur M\u00e9ndez SCJ o TSE<\/p>\n\n\n\n<p>21&nbsp;Ni\u00f1o Jos\u00e9 Mer\u00e1n Familia&nbsp;TSE<\/p>\n\n\n\n<p><strong>Martes 18 de noviembre de 2025<\/strong><\/p>\n\n\n\n<p>1&nbsp;Samuel Moquete de la Cruz TSE<\/p>\n\n\n\n<p>2&nbsp;Yokaurys Morales Castillo SCJ o TSE<\/p>\n\n\n\n<p>3&nbsp;Wilson Francisco Moreta Tremols SCJ<\/p>\n\n\n\n<p>4&nbsp;Aldemaro Jos\u00e9 Mu\u00f1iz Mena SCJ o TSE<\/p>\n\n\n\n<p>5&nbsp;Daniel Julio Nolasco Olivo SCJ<\/p>\n\n\n\n<p>6&nbsp;Edison Joel Pe\u00f1a SCJ<\/p>\n\n\n\n<p>7&nbsp;Stefany Mar\u00eda Pe\u00f1a Hern\u00e1ndez TSE<\/p>\n\n\n\n<p>8&nbsp;C\u00e9sar Ren\u00e9 Pe\u00f1al\u00f3 Ozuna TSE<\/p>\n\n\n\n<p>9&nbsp;Rafaelina Peralta Arias TSE<\/p>\n\n\n\n<p>10&nbsp;Cristian Perdomo Hern\u00e1ndez TSE<\/p>\n\n\n\n<p>11&nbsp;Sonia Milagros Perdomo Rodr\u00edguez SCJ<\/p>\n\n\n\n<p>12&nbsp;Rosa Fior D&#8217;Aliza P\u00e9rez de Garc\u00eda TSE<\/p>\n\n\n\n<p>13&nbsp;Amauri Antonio Pimentel Fabi\u00e1n SCJ<\/p>\n\n\n\n<p>14&nbsp;Doris Josefina Pujols Ortiz SCJ o TSE<\/p>\n\n\n\n<p>15&nbsp;Juan Jos\u00e9 Quezada Rodr\u00edguez TSE<\/p>\n\n\n\n<p>16&nbsp;Roberto Carlos Quiroz Canela&nbsp;SCJ<\/p>\n\n\n\n<p>17&nbsp;Alfredo Ram\u00edrez Peguero TSE<\/p>\n\n\n\n<p>18&nbsp;Manuel Antonio Ram\u00edrez Suza\u00f1a SCJ<\/p>\n\n\n\n<p>19&nbsp;Fermina Reynoso TSE<\/p>\n\n\n\n<p>20&nbsp;Maritza Marizol Reynoso SCJ<\/p>\n\n\n\n<p>21&nbsp;Arelis Socorro&nbsp;Ricourt G\u00f3mez SCJ<\/p>\n\n\n\n<p><strong>Jueves 20 de noviembre de 2025<\/strong><\/p>\n\n\n\n<p>1&nbsp;Namphi Andr\u00e9s Rodr\u00edguez SCJ<\/p>\n\n\n\n<p>2&nbsp;V\u00edctor Leonardo Rodr\u00edguez SCJ<\/p>\n\n\n\n<p>3&nbsp;Juan de las Nieves Sabino Ramos SCJ o TSE<\/p>\n\n\n\n<p>4&nbsp;Lourdes Teresa de Jes\u00fas Salazar Rodr\u00edguez TSE<\/p>\n\n\n\n<p>5&nbsp;Pedro Antonio&nbsp;S\u00e1nchez Rivera SCJ<\/p>\n\n\n\n<p>6&nbsp;Enelia Santos de los Santos TSE<\/p>\n\n\n\n<p>7&nbsp;Luis Domingo&nbsp;Senci\u00f3n Araujo SCJ<\/p>\n\n\n\n<p>8&nbsp;Lusnelda Sol\u00eds Taveras SCJ<\/p>\n\n\n\n<p>9&nbsp;Emerson Franklin Soriano Contreras SCJ<\/p>\n\n\n\n<p>10&nbsp;Claudio Enrique Stephen Castillo SCJ<\/p>\n\n\n\n<p>11&nbsp;Juan Fantino Suriel Hilario SCJ<\/p>\n\n\n\n<p>12&nbsp;Carmen Zulema Tejeda Soto SCJ<\/p>\n\n\n\n<p>13&nbsp;Danilo Antonio Tineo Santana SCJ<\/p>\n\n\n\n<p>14&nbsp;Miguelina Ure\u00f1a N\u00fa\u00f1ez SCJ<\/p>\n\n\n\n<p>15&nbsp;Ana Giselle Valerio Valerio TSE<\/p>\n\n\n\n<p>16&nbsp;Yorlin Lissett V\u00e1squez Castro SCJ<\/p>\n\n\n\n<p>17&nbsp;Rosanna Isabel V\u00e1squez Febrillet SCJ<\/p>\n\n\n\n<p>18&nbsp;Jos\u00e9 Mar\u00eda V\u00e1squez Montero SCJ<\/p>\n\n\n\n<p>19&nbsp;Diomede Ydelfo Villalona Guerrero SCJ<\/p>\n\n\n\n<p>20&nbsp;Pedro Pablo Yermenos Forastieri TSE<\/p>\n\n\n\n<p>Las vistas p\u00fablicas ser\u00e1n realizadas los d\u00edas indicados, a partir de las 9:00 de la ma\u00f1ana en el Sal\u00f3n Las Cari\u00e1tides del Palacio Nacional, sede del CNM, y ser\u00e1n transmitidas en vivo por los canales oficiales.<\/p>\n\n\n\n<p>Con informaci\u00f3n de la Presidencia de la Rep\u00fablica.<\/p>\n","protected":false},"excerpt":{"rendered":"<p>Las vistas p\u00fablicas ser\u00e1n realizadas los d\u00edas indicados, a partir de las 9:00 de la ma\u00f1ana en el Sal\u00f3n Las Cari\u00e1tides del Palacio Nacional. 7 de Noviembre 2025 | 11:23 Santo Domingo, RD.- En una\u00a0reuni\u00f3n virtual\u00a0celebrada la noche del jueves, encabezada por la vicepresidenta de la Rep\u00fablica,\u00a0Raquel Pe\u00f1a, el Consejo Nacional de la Magistratura (CNM), [&hellip;]<\/p>\n","protected":false},"author":2,"featured_media":648084,"comment_status":"closed","ping_status":"closed","sticky":true,"template":"","format":"standard","meta":{"footnotes":""},"categories":[24,22,27],"tags":[],"class_list":["post-648083","post","type-post","status-publish","format-standard","has-post-thumbnail","hentry","category-justicia-y-derecho","category-politica","category-portada"],"_links":{"self":[{"href":"https:\/\/diariodominicano.com\/index.php?rest_route=\/wp\/v2\/posts\/648083","targetHints":{"allow":["GET"]}}],"collection":[{"href":"https:\/\/diariodominicano.com\/index.php?rest_route=\/wp\/v2\/posts"}],"about":[{"href":"https:\/\/diariodominicano.com\/index.php?rest_route=\/wp\/v2\/types\/post"}],"author":[{"embeddable":true,"href":"https:\/\/diariodominicano.com\/index.php?rest_route=\/wp\/v2\/users\/2"}],"replies":[{"embeddable":true,"href":"https:\/\/diariodominicano.com\/index.php?rest_route=%2Fwp%2Fv2%2Fcomments&post=648083"}],"version-history":[{"count":2,"href":"https:\/\/diariodominicano.com\/index.php?rest_route=\/wp\/v2\/posts\/648083\/revisions"}],"predecessor-version":[{"id":648086,"href":"https:\/\/diariodominicano.com\/index.php?rest_route=\/wp\/v2\/posts\/648083\/revisions\/648086"}],"wp:featuredmedia":[{"embeddable":true,"href":"https:\/\/diariodominicano.com\/index.php?rest_route=\/wp\/v2\/media\/648084"}],"wp:attachment":[{"href":"https:\/\/diariodominicano.com\/index.php?rest_route=%2Fwp%2Fv2%2Fmedia&parent=648083"}],"wp:term":[{"taxonomy":"category","embeddable":true,"href":"https:\/\/diariodominicano.com\/index.php?rest_route=%2Fwp%2Fv2%2Fcategories&post=648083"},{"taxonomy":"post_tag","embeddable":true,"href":"https:\/\/diariodominicano.com\/index.php?rest_route=%2Fwp%2Fv2%2Ftags&post=648083"}],"curies":[{"name":"wp","href":"https:\/\/api.w.org\/{rel}","templated":true}]}}