{"id":648063,"date":"2025-11-08T03:18:37","date_gmt":"2025-11-08T07:18:37","guid":{"rendered":"https:\/\/diariodominicano.com\/?p=648063"},"modified":"2025-11-08T03:18:40","modified_gmt":"2025-11-08T07:18:40","slug":"la-constitucion-es-una-garantia-viva-que-debe-respetarse-cristina-rodriguez-pld","status":"publish","type":"post","link":"https:\/\/diariodominicano.com\/?p=648063","title":{"rendered":"La Constituci\u00f3n es una garant\u00eda viva que debe respetarse: Cristina Rodr\u00edguez PLD"},"content":{"rendered":"\n<p><em>A prop\u00f3sito del aniversario de la Constituci\u00f3n, la maestra,&nbsp;<strong>Cristina Rodr\u00edguez, titular de la Secretar\u00eda de Igualdad y Equidad de G\u00e9nero del PLD<\/strong>&nbsp;denuncia la vulneraci\u00f3n de sus derechos<\/em><\/p>\n\n\n\n<p><strong>Cristina Rodr\u00edguez, titular de la Secretar\u00eda de Igualdad y Equidad de G\u00e9nero del Partido de la Liberaci\u00f3n Dominicana (PLD)<\/strong>&nbsp;denunci\u00f3 que justo cuando se habla de derechos, libertad y democracia, al celebrarse el 181 aniversario de la Constituci\u00f3n dominicana, fueron vulnerados sus derechos por la misma instituci\u00f3n que deber\u00eda garantizarlos.<\/p>\n\n\n\n<p>Rodr\u00edguez declar\u00f3 que mientras el INAFOCAM (Instituto Nacional de Formaci\u00f3n y Capacitaci\u00f3n Magisterial) lanza su Protocolo y sus Pol\u00edticas de Igualdad de G\u00e9nero, a ella como docente, mujer formada por el Estado en igualdad y servidora p\u00fablica, la retiran de sus funciones laborales sin justificaci\u00f3n, dej\u00e1ndola en un limbo justo cuando inicia la Evaluaci\u00f3n de Desempe\u00f1o Docente 2025.<\/p>\n\n\n\n<p>Manifiesta que lo m\u00e1s contradictorio es que esta vulneraci\u00f3n proviene de una mujer que dirige la instituci\u00f3n, demostrando que la igualdad no se proclama, se practica.<\/p>\n\n\n\n<p>\u201cHoy recuerdo que la Constituci\u00f3n no es solo un documento para actos oficiales: es una garant\u00eda viva que debe respetarse en cada decisi\u00f3n administrativa, sin discriminaci\u00f3n ni retaliaciones\u201d, refiri\u00f3 Rodr\u00edguez.<\/p>\n\n\n\n<p>Indic\u00f3 que c\u00f3mo dominicana, como maestra y como defensora de la igualdad, reafirma su compromiso con los derechos, la dignidad docente y los valores de la patria. \u201cLa Constituci\u00f3n se honra cumpli\u00e9ndola, no viol\u00e1ndola\u201d.<\/p>\n\n\n\n<p><strong>SECRETARIA DE COMUNICACIONES<\/strong><strong><\/strong><\/p>\n\n\n\n<p><strong>07 DE NOVIEMBRE, 2025.-<\/strong><strong><\/strong><\/p>\n","protected":false},"excerpt":{"rendered":"<p>A prop\u00f3sito del aniversario de la Constituci\u00f3n, la maestra,&nbsp;Cristina Rodr\u00edguez, titular de la Secretar\u00eda de Igualdad y Equidad de G\u00e9nero del PLD&nbsp;denuncia la vulneraci\u00f3n de sus derechos Cristina Rodr\u00edguez, titular de la Secretar\u00eda de Igualdad y Equidad de G\u00e9nero del Partido de la Liberaci\u00f3n Dominicana (PLD)&nbsp;denunci\u00f3 que justo cuando se habla de derechos, libertad y [&hellip;]<\/p>\n","protected":false},"author":2,"featured_media":648064,"comment_status":"closed","ping_status":"closed","sticky":true,"template":"","format":"standard","meta":{"footnotes":""},"categories":[22],"tags":[],"class_list":["post-648063","post","type-post","status-publish","format-standard","has-post-thumbnail","hentry","category-politica"],"_links":{"self":[{"href":"https:\/\/diariodominicano.com\/index.php?rest_route=\/wp\/v2\/posts\/648063","targetHints":{"allow":["GET"]}}],"collection":[{"href":"https:\/\/diariodominicano.com\/index.php?rest_route=\/wp\/v2\/posts"}],"about":[{"href":"https:\/\/diariodominicano.com\/index.php?rest_route=\/wp\/v2\/types\/post"}],"author":[{"embeddable":true,"href":"https:\/\/diariodominicano.com\/index.php?rest_route=\/wp\/v2\/users\/2"}],"replies":[{"embeddable":true,"href":"https:\/\/diariodominicano.com\/index.php?rest_route=%2Fwp%2Fv2%2Fcomments&post=648063"}],"version-history":[{"count":1,"href":"https:\/\/diariodominicano.com\/index.php?rest_route=\/wp\/v2\/posts\/648063\/revisions"}],"predecessor-version":[{"id":648065,"href":"https:\/\/diariodominicano.com\/index.php?rest_route=\/wp\/v2\/posts\/648063\/revisions\/648065"}],"wp:featuredmedia":[{"embeddable":true,"href":"https:\/\/diariodominicano.com\/index.php?rest_route=\/wp\/v2\/media\/648064"}],"wp:attachment":[{"href":"https:\/\/diariodominicano.com\/index.php?rest_route=%2Fwp%2Fv2%2Fmedia&parent=648063"}],"wp:term":[{"taxonomy":"category","embeddable":true,"href":"https:\/\/diariodominicano.com\/index.php?rest_route=%2Fwp%2Fv2%2Fcategories&post=648063"},{"taxonomy":"post_tag","embeddable":true,"href":"https:\/\/diariodominicano.com\/index.php?rest_route=%2Fwp%2Fv2%2Ftags&post=648063"}],"curies":[{"name":"wp","href":"https:\/\/api.w.org\/{rel}","templated":true}]}}