{"id":648058,"date":"2025-11-08T03:12:37","date_gmt":"2025-11-08T07:12:37","guid":{"rendered":"https:\/\/diariodominicano.com\/?p=648058"},"modified":"2025-11-08T03:14:51","modified_gmt":"2025-11-08T07:14:51","slug":"personal-de-la-casa-nacional-del-partido-de-la-liberacion-dominicana-en-el-dia-nacional-del-deporte-organizan-acto-de-solidaridad-y-companerismo","status":"publish","type":"post","link":"https:\/\/diariodominicano.com\/?p=648058","title":{"rendered":"Personal de la Casa Nacional del Partido de la Liberaci\u00f3n Dominicana \u00a0en el D\u00eda Nacional del Deporte, organizan acto de solidaridad y compa\u00f1erismo"},"content":{"rendered":"\n<p><strong>El personal de la Casa Nacional Reinaldo Pared P\u00e9rez del Partido de la Liberaci\u00f3n Dominicana (PLD)<\/strong>&nbsp;aprovech\u00f3 la celebraci\u00f3n del D\u00eda Nacional del Deporte para la realizaci\u00f3n de un encuentro exhibiendo los colores y simbolog\u00edas de los equipos del b\u00e9isbol local con los que simpatizan.<\/p>\n\n\n\n<figure class=\"wp-block-image size-large\"><img loading=\"lazy\" decoding=\"async\" width=\"1024\" height=\"403\" src=\"https:\/\/diariodominicano.com\/wp-content\/uploads\/2025\/11\/Imagen-4-1-1024x403.jpeg\" alt=\"\" class=\"wp-image-648061\" srcset=\"https:\/\/diariodominicano.com\/wp-content\/uploads\/2025\/11\/Imagen-4-1-1024x403.jpeg 1024w, https:\/\/diariodominicano.com\/wp-content\/uploads\/2025\/11\/Imagen-4-1-300x118.jpeg 300w, https:\/\/diariodominicano.com\/wp-content\/uploads\/2025\/11\/Imagen-4-1-768x302.jpeg 768w, https:\/\/diariodominicano.com\/wp-content\/uploads\/2025\/11\/Imagen-4-1-816x321.jpeg 816w, https:\/\/diariodominicano.com\/wp-content\/uploads\/2025\/11\/Imagen-4-1.jpeg 1165w\" sizes=\"auto, (max-width: 1024px) 100vw, 1024px\" \/><\/figure>\n\n\n\n<p>Todos se congregaron en un primer momento debajo del \u00e1rbol de limoncillo en el patio de la sede nacional Pelede\u00edsta, demostrando as\u00ed el compa\u00f1erismo de quienes desde los diferentes departamentos y secretar\u00edas impulsan los principios, valores y liderazgo del PLD.<\/p>\n\n\n\n<p>\u00abHa sido una bonita iniciativa de encontrarnos aqu\u00ed y de reforzar la solidaridad, el compa\u00f1erismo entre los empleados de esta Casa Nacional\u201d, dijo H\u00e9ctor Olivo, miembro del Comit\u00e9 Pol\u00edtico al elogiar el gesto de Georgina Rosario, Roma Vargas y Joselin Lebr\u00f3n con el respaldo de la direcci\u00f3n de personal y la Gobernaci\u00f3n de la Casa Nacional, quienes organizaron el encuentro.<\/p>\n\n\n\n<p>Adem\u00e1s de la festividad del D\u00eda Nacional de Deportes se le dio la bienvenida a noviembre, que es el mes de la familia. \u201cCompartiendo entre todos est\u00e1 que es la hermosa familia pelede\u00edsta\u201d, dijo Roma Vargas &nbsp;&nbsp;&nbsp;<\/p>\n\n\n\n<p>Con motivo de celebrarse el D\u00eda Nacional del Deporte, el Partido de la Liberaci\u00f3n Dominicana (PLD) realiz\u00f3 un emotivo encuentro con empleados de la organizaci\u00f3n como forma de compartir con los equipos tradicionales de pelota de su preferencia.<\/p>\n\n\n\n<p>Luego de explicar los motivos del encuentro se pas\u00f3 a disfrutar de un caliente chocolate ma\u00f1anero acompa\u00f1ado de panecillos y casabe, acompa\u00f1ado de los buenos deseos &nbsp;&nbsp;de salud y armon\u00eda.<\/p>\n\n\n\n<p>Entre sorbo y sorbo los participantes se animaron a defender la actuaci\u00f3n de sus equipos favoritos y la actuaci\u00f3n de sus peloteros y la posici\u00f3n que ocupan en el joven campeonato que se organiza en honor al inmortal del deporte Juan Marichal.<\/p>\n\n\n\n<p><strong>SECRETARIA DE COMUNICACIONES<\/strong><\/p>\n\n\n\n<p><strong>07 DE NOVIEMBRE, 2025.- &nbsp;<\/strong><\/p>\n","protected":false},"excerpt":{"rendered":"<p>El personal de la Casa Nacional Reinaldo Pared P\u00e9rez del Partido de la Liberaci\u00f3n Dominicana (PLD)&nbsp;aprovech\u00f3 la celebraci\u00f3n del D\u00eda Nacional del Deporte para la realizaci\u00f3n de un encuentro exhibiendo los colores y simbolog\u00edas de los equipos del b\u00e9isbol local con los que simpatizan. Todos se congregaron en un primer momento debajo del \u00e1rbol de [&hellip;]<\/p>\n","protected":false},"author":2,"featured_media":648059,"comment_status":"closed","ping_status":"closed","sticky":false,"template":"","format":"standard","meta":{"footnotes":""},"categories":[22],"tags":[],"class_list":["post-648058","post","type-post","status-publish","format-standard","has-post-thumbnail","hentry","category-politica"],"_links":{"self":[{"href":"https:\/\/diariodominicano.com\/index.php?rest_route=\/wp\/v2\/posts\/648058","targetHints":{"allow":["GET"]}}],"collection":[{"href":"https:\/\/diariodominicano.com\/index.php?rest_route=\/wp\/v2\/posts"}],"about":[{"href":"https:\/\/diariodominicano.com\/index.php?rest_route=\/wp\/v2\/types\/post"}],"author":[{"embeddable":true,"href":"https:\/\/diariodominicano.com\/index.php?rest_route=\/wp\/v2\/users\/2"}],"replies":[{"embeddable":true,"href":"https:\/\/diariodominicano.com\/index.php?rest_route=%2Fwp%2Fv2%2Fcomments&post=648058"}],"version-history":[{"count":2,"href":"https:\/\/diariodominicano.com\/index.php?rest_route=\/wp\/v2\/posts\/648058\/revisions"}],"predecessor-version":[{"id":648062,"href":"https:\/\/diariodominicano.com\/index.php?rest_route=\/wp\/v2\/posts\/648058\/revisions\/648062"}],"wp:featuredmedia":[{"embeddable":true,"href":"https:\/\/diariodominicano.com\/index.php?rest_route=\/wp\/v2\/media\/648059"}],"wp:attachment":[{"href":"https:\/\/diariodominicano.com\/index.php?rest_route=%2Fwp%2Fv2%2Fmedia&parent=648058"}],"wp:term":[{"taxonomy":"category","embeddable":true,"href":"https:\/\/diariodominicano.com\/index.php?rest_route=%2Fwp%2Fv2%2Fcategories&post=648058"},{"taxonomy":"post_tag","embeddable":true,"href":"https:\/\/diariodominicano.com\/index.php?rest_route=%2Fwp%2Fv2%2Ftags&post=648058"}],"curies":[{"name":"wp","href":"https:\/\/api.w.org\/{rel}","templated":true}]}}