{"id":647919,"date":"2025-11-07T09:18:21","date_gmt":"2025-11-07T13:18:21","guid":{"rendered":"https:\/\/diariodominicano.com\/?p=647919"},"modified":"2025-11-07T09:18:29","modified_gmt":"2025-11-07T13:18:29","slug":"alarma-dominicanos-nyc-cifras-dada-por-javier-garcia-nomina-publica-aumenta-en-mas-de-100-mil-empleados","status":"publish","type":"post","link":"https:\/\/diariodominicano.com\/?p=647919","title":{"rendered":"Alarma dominicanos NYC cifras dada por Javier Garc\u00eda n\u00f3mina publica aumenta en m\u00e1s de 100 mil empleados"},"content":{"rendered":"\n<p><strong>Por Ram\u00f3n Mercedes<\/strong><\/p>\n\n\n\n<p><strong>NUEVA YORK.-<\/strong>&nbsp;Dominicanos de diferentes corrientes pol\u00edticas, incluidos pertenecientes al partido oficial, se han mostrado alarmados por la cifra dada recientemente por el aspirante presidencial del PLD, Francisco Javier Garc\u00eda, de que el actual Gobierno ha incrementado la n\u00f3mina p\u00fablica en m\u00e1s de 100 mil empleados, en su mayor\u00eda \u00abbotellas\u00bb.<\/p>\n\n\n\n<p>Muchos de ellos, pidiendo no ser fotografiados, afirman que se han cansado de solicitar un empleo en algunas de las instituciones p\u00fablicas establecidas aqu\u00ed, pero todo se mantiene copado por familiares, amantes, esposas y relacionados de los altos dirigentes del PRM-NY.<\/p>\n\n\n\n<p>Actualmente, las oficinas del Estado dominicano establecidas en la Gran Manzana son: Consulado, la misi\u00f3n de la ONU, Turismo, Direcci\u00f3n de Cultura, Index, SeNaSa, Familia Feliz, La Mano Amiga, Defensor del Pueblo, Intrant, UASD, ProDominicana, InPosDom y Aduanas, entre otras.<\/p>\n\n\n\n<p>A\u00f1aden que lo mismo ha sucedido con sus familiares, amigos y relacionados residentes en la Rep\u00fablica Dominicana, \u00abno hay para nadie\u00bb.<\/p>\n\n\n\n<p>\u00abEl Gobierno dominicano deber\u00eda ser m\u00e1s equitativo en proporcionar m\u00e1s empleo a los j\u00f3venes, y que el 90% de ellos no solo sea para dirigentes y militantes del PRM, porque el Estado es para todos, sin bander\u00edas pol\u00edticas\u00bb, indican.<\/p>\n\n\n\n<p>\u00abEs alarmante lo proclamado por Javier Garc\u00eda de que la RD necesit\u00f3 42 a\u00f1os para aumentar en 100 mil el n\u00famero de empleados p\u00fablicos, mientras que el Gobierno del PRM logr\u00f3 ese incremento en apenas cuatro a\u00f1os. \u00abLo que nada nos cuesta, hag\u00e1mosle fiesta\u00bb, sostienen.<\/p>\n\n\n\n<p>Cargos con salarios m\u00e1s altos en dominicana: Gobernador del Banco Central (BC) con un salario bruto aproximado de RD$1,843,190 mensuales. El vicegobernador de la misma entidad bancaria, con alrededor de RD$1,542,565 mensuales.<\/p>\n\n\n\n<p>El Superintendente de Bancos con RD$1,145,184 al mes. Superintendente de Seguros con RD$800,000 mensuales. Superintendente del Mercado de Valores con RD$770,000 al mes. Director General de Impuestos Internos (DGII) con RD$598,772 mensuales.<\/p>\n\n\n\n<p>Entre los dominicanos que declararon figuran Antonio de Jes\u00fas Ortiz, Wilson Madera, Antonio Luna, H\u00e9ctor L\u00f3pez, Altagracia de Contreras, Margarita del Orbe, Hansel Rivera, Stalin Ortega, Mar\u00eda Torres, M\u00e1ximo Guzm\u00e1n, Josefa Guti\u00e9rrez, Elvin Sierra, Pedro Lluberes, Emilio Rojas, Sandro Reyes, Emiliano Toribio y Rodolfo Liberato, entre otros.<\/p>\n","protected":false},"excerpt":{"rendered":"<p>Por Ram\u00f3n Mercedes NUEVA YORK.-&nbsp;Dominicanos de diferentes corrientes pol\u00edticas, incluidos pertenecientes al partido oficial, se han mostrado alarmados por la cifra dada recientemente por el aspirante presidencial del PLD, Francisco Javier Garc\u00eda, de que el actual Gobierno ha incrementado la n\u00f3mina p\u00fablica en m\u00e1s de 100 mil empleados, en su mayor\u00eda \u00abbotellas\u00bb. Muchos de ellos, [&hellip;]<\/p>\n","protected":false},"author":2,"featured_media":647920,"comment_status":"closed","ping_status":"closed","sticky":true,"template":"","format":"standard","meta":{"footnotes":""},"categories":[22,27],"tags":[],"class_list":["post-647919","post","type-post","status-publish","format-standard","has-post-thumbnail","hentry","category-politica","category-portada"],"_links":{"self":[{"href":"https:\/\/diariodominicano.com\/index.php?rest_route=\/wp\/v2\/posts\/647919","targetHints":{"allow":["GET"]}}],"collection":[{"href":"https:\/\/diariodominicano.com\/index.php?rest_route=\/wp\/v2\/posts"}],"about":[{"href":"https:\/\/diariodominicano.com\/index.php?rest_route=\/wp\/v2\/types\/post"}],"author":[{"embeddable":true,"href":"https:\/\/diariodominicano.com\/index.php?rest_route=\/wp\/v2\/users\/2"}],"replies":[{"embeddable":true,"href":"https:\/\/diariodominicano.com\/index.php?rest_route=%2Fwp%2Fv2%2Fcomments&post=647919"}],"version-history":[{"count":1,"href":"https:\/\/diariodominicano.com\/index.php?rest_route=\/wp\/v2\/posts\/647919\/revisions"}],"predecessor-version":[{"id":647921,"href":"https:\/\/diariodominicano.com\/index.php?rest_route=\/wp\/v2\/posts\/647919\/revisions\/647921"}],"wp:featuredmedia":[{"embeddable":true,"href":"https:\/\/diariodominicano.com\/index.php?rest_route=\/wp\/v2\/media\/647920"}],"wp:attachment":[{"href":"https:\/\/diariodominicano.com\/index.php?rest_route=%2Fwp%2Fv2%2Fmedia&parent=647919"}],"wp:term":[{"taxonomy":"category","embeddable":true,"href":"https:\/\/diariodominicano.com\/index.php?rest_route=%2Fwp%2Fv2%2Fcategories&post=647919"},{"taxonomy":"post_tag","embeddable":true,"href":"https:\/\/diariodominicano.com\/index.php?rest_route=%2Fwp%2Fv2%2Ftags&post=647919"}],"curies":[{"name":"wp","href":"https:\/\/api.w.org\/{rel}","templated":true}]}}