{"id":647898,"date":"2025-11-07T00:44:34","date_gmt":"2025-11-07T04:44:34","guid":{"rendered":"https:\/\/diariodominicano.com\/?p=647898"},"modified":"2025-11-07T00:44:36","modified_gmt":"2025-11-07T04:44:36","slug":"presentan-en-cuba-libro-sobre-jose-marti-en-estados-unidos","status":"publish","type":"post","link":"https:\/\/diariodominicano.com\/?p=647898","title":{"rendered":"Presentan en Cuba libro sobre Jos\u00e9 Mart\u00ed en Estados Unidos"},"content":{"rendered":"\n<p>La Habana, 5 nov (Prensa Latina) La comprensi\u00f3n que Jos\u00e9 Mart\u00ed alcanz\u00f3 sobre Estados Unidos y la madurez de su pensamiento independentista se fraguaron en Nueva York, reconocieron hoy estudiosos al presentar el libro \u00abDescubriendo a Mart\u00ed en Nueva York\u00bb, del diplom\u00e1tico Rodolfo Ben\u00edtez.<\/p>\n\n\n\n<ul class=\"wp-block-list\">\n<li><a href=\"https:\/\/www.prensa-latina.cu\/2025\/11\/05\/\"><time>noviembre 5, 2025 | 19:11<\/time><\/a><\/li>\n<\/ul>\n\n\n\n<ul class=\"wp-block-list\">\n<li><a href=\"https:\/\/www.prensa-latina.cu\/2025\/11\/05\/presentan-en-cuba-libro-sobre-jose-marti-en-estados-unidos\/#\"><\/a><\/li>\n\n\n\n<li><a href=\"https:\/\/www.prensa-latina.cu\/2025\/11\/05\/presentan-en-cuba-libro-sobre-jose-marti-en-estados-unidos\/#\"><\/a><\/li>\n\n\n\n<li><a href=\"https:\/\/www.prensa-latina.cu\/2025\/11\/05\/presentan-en-cuba-libro-sobre-jose-marti-en-estados-unidos\/#\"><\/a><\/li>\n\n\n\n<li><a href=\"https:\/\/www.prensa-latina.cu\/2025\/11\/05\/presentan-en-cuba-libro-sobre-jose-marti-en-estados-unidos\/#\"><\/a><\/li>\n<\/ul>\n\n\n\n<p>El investigador del Centro de Estudios Martianos (CEM), Pedro Pablo Rodr\u00edguez, asegur\u00f3 que la estad\u00eda de 15 a\u00f1os del H\u00e9roe Nacional en la urbe neoyorquina marc\u00f3 un momento decisivo en su evoluci\u00f3n intelectual.<\/p>\n\n\n\n<p>All\u00ed, ley\u00f3 cl\u00e1sicos en ingl\u00e9s y forj\u00f3 una l\u00ednea pol\u00edtica clara contra la monarqu\u00eda espa\u00f1ola, publicada fundamentalmente en el peri\u00f3dico \u00abPatria\u00bb. Esa etapa, a\u00f1adi\u00f3, fue clave para su maduraci\u00f3n literaria y revolucionaria.<\/p>\n\n\n\n<p>El tambi\u00e9n prologuista de la obra, resalt\u00f3 que Mart\u00ed no solo desconfiaba del expansionismo estadounidense, sino que anticip\u00f3 amenazas como la injerencia en Panam\u00e1, M\u00e9xico y Centroam\u00e9rica.<\/p>\n\n\n\n<p>Al mismo tiempo, admiraba ciertos valores de la sociedad norteamericana, analizaba el poder de los monopolios y comprend\u00eda la complejidad de sus migrantes y clases obreras, especialmente la dif\u00edcil condici\u00f3n de la mujer trabajadora, apunt\u00f3 Rodr\u00edguez.<\/p>\n\n\n\n<p>El subdirector de la Oficina del Programa Martiano, H\u00e9ctor Hern\u00e1ndez, destac\u00f3 la riqueza literaria y documental del libro, que incluye cientos de fotos, mapas y datos sobre residencias, discursos y espacios frecuentados por Mart\u00ed.<\/p>\n\n\n\n<p>Hern\u00e1ndez calific\u00f3 la obra como \u201cmonumental, esclarecedora y una joya de los estudios martianos de las \u00faltimas d\u00e9cadas\u201d.<\/p>\n\n\n\n<p>Asimismo, el editor del libro, Enrique Villuendas, afirm\u00f3 que \u00e9ste es una verdadera enciclopedia sobre la vida del Ap\u00f3stol en Nueva York, con un lenguaje cautivador y un bagaje informativo sin precedentes.<\/p>\n\n\n\n<p>Por su parte, el autor de Descubriendo a Mart\u00ed en Nueva York\u00bb, explic\u00f3 que su investigaci\u00f3n es fruto de m\u00e1s de 25 a\u00f1os de trabajo como parte de su labor en varias misiones diplom\u00e1ticas en el pa\u00eds norte\u00f1o, donde fungi\u00f3 como embajador y Representante Permanente Alterno de Cuba Ante las Naciones Unidas.<\/p>\n\n\n\n<p>El libro, editado por el Ministerio de Relaciones Exteriores, el CEM y el Centro Educativo Espa\u00f1ol de La Habana es considerado por expertos en la materia como la obra m\u00e1s amplia y completa publicada hasta ahora sobre la vida del revolucionario cubano durante el tiempo que residi\u00f3 en Nueva York.<\/p>\n\n\n\n<p>\u201cNueva York desarroll\u00f3 la universalidad de Jos\u00e9 Mart\u00ed, al que con justeza le llamamos el m\u00e1s universal de los cubanos\u201d, apunt\u00f3 el escritor de la obra que, a\u00f1adi\u00f3, muestra \u00abal hombre \u00edntimo y p\u00fablico y arroja luz sobre aspectos poco divulgados hasta el momento sobre el Mart\u00ed neoyorkino\u00bb.<\/p>\n\n\n\n<p>A la presentaci\u00f3n del texto en el habanero Memorial Jos\u00e9 Mart\u00ed asisti\u00f3 el ministro de Relaciones Exteriores, Bruno Rodr\u00edguez, la jefa del departamento Ideol\u00f3gico del Partido Comunista, Yuniasky Crespo, y el Titular de Cultura, Alpidio Alonso.<\/p>\n\n\n\n<p>Asimismo, estuvieron presentes artistas, intelectuales y representantes de organizaciones nacionales, esencialmente dedicadas al estudio de la obra martiana. \u0315<\/p>\n\n\n\n<p>rc\/lld<\/p>\n\n\n\n<ul class=\"wp-block-list\">\n<li>#<a href=\"https:\/\/www.prensa-latina.cu\/etiqueta\/cuba\/\">cuba<\/a>\u00a0#<a href=\"https:\/\/www.prensa-latina.cu\/etiqueta\/estadosunidos\/\">EstadosUNidos<\/a>\u00a0#<a href=\"https:\/\/www.prensa-latina.cu\/etiqueta\/libro\/\">libro<\/a>\u00a0#<a href=\"https:\/\/www.prensa-latina.cu\/etiqueta\/nuevayork\/\">nuevayork<\/a><\/li>\n<\/ul>\n","protected":false},"excerpt":{"rendered":"<p>La Habana, 5 nov (Prensa Latina) La comprensi\u00f3n que Jos\u00e9 Mart\u00ed alcanz\u00f3 sobre Estados Unidos y la madurez de su pensamiento independentista se fraguaron en Nueva York, reconocieron hoy estudiosos al presentar el libro \u00abDescubriendo a Mart\u00ed en Nueva York\u00bb, del diplom\u00e1tico Rodolfo Ben\u00edtez. El investigador del Centro de Estudios Martianos (CEM), Pedro Pablo Rodr\u00edguez, [&hellip;]<\/p>\n","protected":false},"author":2,"featured_media":647899,"comment_status":"closed","ping_status":"closed","sticky":false,"template":"","format":"standard","meta":{"footnotes":""},"categories":[21],"tags":[],"class_list":["post-647898","post","type-post","status-publish","format-standard","has-post-thumbnail","hentry","category-cultura"],"_links":{"self":[{"href":"https:\/\/diariodominicano.com\/index.php?rest_route=\/wp\/v2\/posts\/647898","targetHints":{"allow":["GET"]}}],"collection":[{"href":"https:\/\/diariodominicano.com\/index.php?rest_route=\/wp\/v2\/posts"}],"about":[{"href":"https:\/\/diariodominicano.com\/index.php?rest_route=\/wp\/v2\/types\/post"}],"author":[{"embeddable":true,"href":"https:\/\/diariodominicano.com\/index.php?rest_route=\/wp\/v2\/users\/2"}],"replies":[{"embeddable":true,"href":"https:\/\/diariodominicano.com\/index.php?rest_route=%2Fwp%2Fv2%2Fcomments&post=647898"}],"version-history":[{"count":1,"href":"https:\/\/diariodominicano.com\/index.php?rest_route=\/wp\/v2\/posts\/647898\/revisions"}],"predecessor-version":[{"id":647900,"href":"https:\/\/diariodominicano.com\/index.php?rest_route=\/wp\/v2\/posts\/647898\/revisions\/647900"}],"wp:featuredmedia":[{"embeddable":true,"href":"https:\/\/diariodominicano.com\/index.php?rest_route=\/wp\/v2\/media\/647899"}],"wp:attachment":[{"href":"https:\/\/diariodominicano.com\/index.php?rest_route=%2Fwp%2Fv2%2Fmedia&parent=647898"}],"wp:term":[{"taxonomy":"category","embeddable":true,"href":"https:\/\/diariodominicano.com\/index.php?rest_route=%2Fwp%2Fv2%2Fcategories&post=647898"},{"taxonomy":"post_tag","embeddable":true,"href":"https:\/\/diariodominicano.com\/index.php?rest_route=%2Fwp%2Fv2%2Ftags&post=647898"}],"curies":[{"name":"wp","href":"https:\/\/api.w.org\/{rel}","templated":true}]}}