{"id":647889,"date":"2025-11-07T00:19:26","date_gmt":"2025-11-07T04:19:26","guid":{"rendered":"https:\/\/diariodominicano.com\/?p=647889"},"modified":"2025-11-07T01:11:11","modified_gmt":"2025-11-07T05:11:11","slug":"mandatario-inaugura-la-rehabilitacion-del-tramo-carretero-sabana-toro-la-rosa","status":"publish","type":"post","link":"https:\/\/diariodominicano.com\/?p=647889","title":{"rendered":"Mandatario inaugura  la rehabilitaci\u00f3n del\u00a0tramo carretero Sabana Toro\u2013La Rosa"},"content":{"rendered":"\n<h3 class=\"wp-block-heading\">El administrador de Egehid, Rafael Salazar, destac\u00f3 la importancia de la obra para las comunidades de Sabana Toro, La Rosa, Villegas, Tel\u00edn, El Pueblecito y zonas vecinas, que durante d\u00e9cadas esperaron una soluci\u00f3n vial.<\/h3>\n\n\n\n<p>6 de Noviembre 2025 <\/p>\n\n\n\n<p>San Crist\u00f3bal, RD.-\u00a0<strong>El presidente Luis Abinader<\/strong>\u00a0inaugur\u00f3 este jueves la rehabilitaci\u00f3n del\u00a0<strong>tramo carretero Sabana Toro\u2013La Rosa,<\/strong>\u00a0una obra demandada por\u00a0<strong>m\u00e1s de 40 a\u00f1os,<\/strong>\u00a0que transforma\u00a0<strong>la movilidad y la comunicaci\u00f3n<\/strong>\u00a0<strong>vial<\/strong>\u00a0entre las comunidades, contribuyendo al desarrollo productivo de la zona y mejorando la calidad de vida de\u00a0<strong>cientos de familias.<\/strong><\/p>\n\n\n\n<p>La v\u00eda, que conduce hacia la&nbsp;<strong>central hidroel\u00e9ctrica Valdesia,<\/strong>&nbsp;fue ejecutada por la Empresa de Generaci\u00f3n Hidroel\u00e9ctrica Dominicana&nbsp;<strong>(Egehid),<\/strong>&nbsp;con una inversi\u00f3n de&nbsp;<strong>RD 200,982,601.80,<\/strong>&nbsp;como parte del programa de responsabilidad social y desarrollo comunitario que impulsa la instituci\u00f3n, en apoyo al esfuerzo del Gobierno por&nbsp;<strong>fortalecer la infraestructura vial<\/strong>&nbsp;y promover el bienestar en las zonas de influencia de sus proyectos hidroel\u00e9ctricos.<\/p>\n\n\n\n<p>El proyecto, desarrollado por el Grupo Gil Calvo SRL, abarc\u00f3 la intervenci\u00f3n de&nbsp;<strong>5 kil\u00f3metros de v\u00eda&nbsp;<\/strong>e incluy\u00f3 la construcci\u00f3n de contenes y aceras, asfaltado, se\u00f1alizaci\u00f3n vertical y horizontal, drenaje pluvial, limpieza de ca\u00f1adas y la movilizaci\u00f3n de postes el\u00e9ctricos de media tensi\u00f3n.<\/p>\n\n\n\n<figure class=\"wp-block-image\"><img decoding=\"async\" src=\"https:\/\/presidencia.gob.do\/sites\/default\/files\/inline-images\/WhatsApp%20Image%202025-11-06%20at%2017.15.00%20%281%29.jpeg\" alt=\"Rafael Salazar\"\/><\/figure>\n\n\n\n<p>Durante el acto, el administrador general de Egehid,&nbsp;<strong>Rafael Salazar<\/strong>, destac\u00f3 la importancia de la obra para las comunidades de&nbsp;<strong>Sabana Toro, La Rosa, Villegas, Tel\u00edn, El Pueblecito<\/strong>&nbsp;y zonas vecinas, que durante d\u00e9cadas esperaron una soluci\u00f3n vial.<\/p>\n\n\n\n<p>Explic\u00f3 que esta carretera no solo conecta Sabana Toro con La Rosa, sino que tambi\u00e9n facilitar\u00e1 el tr\u00e1nsito desde Cambita, Los Cacaos y Tel\u00edn hacia&nbsp;<strong>Villa Altagracia,&nbsp;<\/strong>sin necesidad de pasar por el centro de San Crist\u00f3bal.<\/p>\n\n\n\n<p><em>\u201cEsta es una obra que parec\u00eda sencilla, pero era una deuda pendiente de m\u00e1s de 40 a\u00f1os. Gracias al presidente Abinader hoy cumplimos con una demanda justa de comunidades trabajadoras, que se han ganado con esfuerzo su desarrollo\u201d,<\/em>&nbsp;expres\u00f3 Salazar.<\/p>\n\n\n\n<p>El funcionario inform\u00f3 adem\u00e1s que, junto con la rehabilitaci\u00f3n del tramo, Egehid y el&nbsp;<strong>Ministerio de Obras P\u00fablicas<\/strong>trabajaron en la imprimaci\u00f3n y asfaltado de las calles internas de Sabana Toro, beneficiando a&nbsp;<strong>decenas de familias.<\/strong><\/p>\n\n\n\n<p><em>\u201cAhora, el reto es cuidar esta carretera. Se trabaj\u00f3 con tiempo, calidad y compromiso. Esta comunidad merece desarrollo, mejores condiciones de vida y m\u00e1s oportunidades, y con esta v\u00eda lo va a lograr\u201d,<\/em>&nbsp;agreg\u00f3.<\/p>\n\n\n\n<p><strong>Resaltan el impacto de la obra para la comunidad<\/strong><\/p>\n\n\n\n<figure class=\"wp-block-image\"><img decoding=\"async\" src=\"https:\/\/presidencia.gob.do\/sites\/default\/files\/inline-images\/WhatsApp%20Image%202025-11-06%20at%2017.14.58.jpeg\" alt=\"\"\/><\/figure>\n\n\n\n<p>Al bendecir la obra, el pastor<strong>&nbsp;Pedro Peguero Placencia<\/strong>&nbsp;resalt\u00f3 la trascendencia de que las decisiones p\u00fablicas est\u00e9n orientadas al&nbsp;<strong>bienestar colectivo<\/strong>&nbsp;y al fortalecimiento de la&nbsp;<strong>transparencia<\/strong>. Se\u00f1al\u00f3 que las obras de infraestructura tienen un&nbsp;<strong>impacto directo<\/strong>&nbsp;en la calidad de vida de la poblaci\u00f3n y en la construcci\u00f3n de entornos m\u00e1s&nbsp;<strong>seguros y productivos.<\/strong><\/p>\n\n\n\n<p>El religioso destac\u00f3 que la rehabilitaci\u00f3n del tramo carretero Sabana Toro\u2013La Rosa responde a&nbsp;<strong>una necesidad hist\u00f3rica<\/strong>&nbsp;de la zona, donde, durante a\u00f1os, el traslado de residentes, estudiantes y productores&nbsp;<strong>era un desaf\u00edo<\/strong>. Con esta intervenci\u00f3n, se&nbsp;<strong>mejora la movilidad<\/strong>&nbsp;hacia la central hidroel\u00e9ctrica Valdesia y se facilita el desarrollo social y econ\u00f3mico de las comunidades.<\/p>\n\n\n\n<p>Tambi\u00e9n, exhort\u00f3 a los presentes a&nbsp;<strong>cuidar y preservar<\/strong>&nbsp;la v\u00eda recientemente entregada, indicando que el provecho real de este tipo de obras depende de que la ciudadan\u00eda asuma una actitud&nbsp;<strong>responsable y vigilante<\/strong>. Record\u00f3 que cuando la comunidad protege sus activos, se fortalecen las&nbsp;<strong>oportunidades de crecimiento<\/strong>&nbsp;y se asegura&nbsp;<strong>mayor sostenibilidad<\/strong>&nbsp;para las generaciones futuras.<\/p>\n\n\n\n<figure class=\"wp-block-image\"><img decoding=\"async\" src=\"https:\/\/presidencia.gob.do\/sites\/default\/files\/inline-images\/WhatsApp%20Image%202025-11-06%20at%2017.14.59%20%282%29.jpeg\" alt=\"\"\/><\/figure>\n\n\n\n<p>En nombre de la comunidad, habl\u00f3&nbsp;<strong>Asunci\u00f3n Brito,<\/strong>&nbsp;quien agradeci\u00f3 al mandatario por la entrega del tramo carretero y resalt\u00f3 que esta obra impacta de manera directa la movilidad, las&nbsp;<strong>actividades productivas<\/strong>&nbsp;y el acceso a&nbsp;<strong>servicios b\u00e1sicos<\/strong>&nbsp;de las familias de la zona.<\/p>\n\n\n\n<p>Estuvieron presentes la gobernadora\u00a0<strong>Pura Casilla;<\/strong>\u00a0el alcalde de San Crist\u00f3bal,\u00a0<strong>Nelson de la Rosa<\/strong>; el senador\u00a0<strong>Gustavo Lara Salazar;<\/strong>\u00a0el diputado\u00a0<strong>Otoniel Tejeda,<\/strong>\u00a0y el presidente del Colegio Dominicano de Ingenieros, Arquitectos y Agrimensores (Codia),\u00a0<strong>Jos\u00e9 Fructuoso<\/strong>, entre otras personalidades.<\/p>\n\n\n\n<p>Con informaci\u00f3n de la Presidencia de la Rep\u00fablica.<\/p>\n","protected":false},"excerpt":{"rendered":"<p>El administrador de Egehid, Rafael Salazar, destac\u00f3 la importancia de la obra para las comunidades de Sabana Toro, La Rosa, Villegas, Tel\u00edn, El Pueblecito y zonas vecinas, que durante d\u00e9cadas esperaron una soluci\u00f3n vial. 6 de Noviembre 2025 San Crist\u00f3bal, RD.-\u00a0El presidente Luis Abinader\u00a0inaugur\u00f3 este jueves la rehabilitaci\u00f3n del\u00a0tramo carretero Sabana Toro\u2013La Rosa,\u00a0una obra demandada [&hellip;]<\/p>\n","protected":false},"author":2,"featured_media":647905,"comment_status":"closed","ping_status":"closed","sticky":true,"template":"","format":"standard","meta":{"footnotes":""},"categories":[20],"tags":[],"class_list":["post-647889","post","type-post","status-publish","format-standard","has-post-thumbnail","hentry","category-dominicana-hoy"],"_links":{"self":[{"href":"https:\/\/diariodominicano.com\/index.php?rest_route=\/wp\/v2\/posts\/647889","targetHints":{"allow":["GET"]}}],"collection":[{"href":"https:\/\/diariodominicano.com\/index.php?rest_route=\/wp\/v2\/posts"}],"about":[{"href":"https:\/\/diariodominicano.com\/index.php?rest_route=\/wp\/v2\/types\/post"}],"author":[{"embeddable":true,"href":"https:\/\/diariodominicano.com\/index.php?rest_route=\/wp\/v2\/users\/2"}],"replies":[{"embeddable":true,"href":"https:\/\/diariodominicano.com\/index.php?rest_route=%2Fwp%2Fv2%2Fcomments&post=647889"}],"version-history":[{"count":1,"href":"https:\/\/diariodominicano.com\/index.php?rest_route=\/wp\/v2\/posts\/647889\/revisions"}],"predecessor-version":[{"id":647890,"href":"https:\/\/diariodominicano.com\/index.php?rest_route=\/wp\/v2\/posts\/647889\/revisions\/647890"}],"wp:featuredmedia":[{"embeddable":true,"href":"https:\/\/diariodominicano.com\/index.php?rest_route=\/wp\/v2\/media\/647905"}],"wp:attachment":[{"href":"https:\/\/diariodominicano.com\/index.php?rest_route=%2Fwp%2Fv2%2Fmedia&parent=647889"}],"wp:term":[{"taxonomy":"category","embeddable":true,"href":"https:\/\/diariodominicano.com\/index.php?rest_route=%2Fwp%2Fv2%2Fcategories&post=647889"},{"taxonomy":"post_tag","embeddable":true,"href":"https:\/\/diariodominicano.com\/index.php?rest_route=%2Fwp%2Fv2%2Ftags&post=647889"}],"curies":[{"name":"wp","href":"https:\/\/api.w.org\/{rel}","templated":true}]}}