{"id":647886,"date":"2025-11-07T00:05:38","date_gmt":"2025-11-07T04:05:38","guid":{"rendered":"https:\/\/diariodominicano.com\/?p=647886"},"modified":"2025-11-07T00:29:59","modified_gmt":"2025-11-07T04:29:59","slug":"el-presidente-abinader-entrega-1445-titulos-de-propiedad-de-un-total-de-3300-en-san-cristobal","status":"publish","type":"post","link":"https:\/\/diariodominicano.com\/?p=647886","title":{"rendered":"El Presidente Abinader entrega 1,445 t\u00edtulos de propiedad de un total de 3,300, en San Crist\u00f3bal"},"content":{"rendered":"\n<p>Benefician a m\u00e1s de 4,800 personas. Abinader dice  que el programa de titulaci\u00f3n es un acto de justicia social y econ\u00f3mica y se encamina a completar los 150,000 entregados a nivel nacional, impactando a m\u00e1s de medio mill\u00f3n de personas<\/p>\n\n\n\n<p>6 de Noviembre 2025 | <\/p>\n\n\n\n<p>San Crist\u00f3bal, RD.\u2013 El&nbsp;<strong>presidente Luis Abinader<\/strong>&nbsp;entreg\u00f3 este jueves&nbsp;<strong>1,445 certificados<\/strong>&nbsp;de t\u00edtulos de propiedad de un total de&nbsp;<strong>3,300<\/strong>&nbsp;correspondientes al&nbsp;<strong>Proyecto San Crist\u00f3bal<\/strong>, beneficiando directamente a&nbsp;<strong>m\u00e1s de 4,800 personas<\/strong>&nbsp;de los sectores&nbsp;<strong>5 de Abril, La Guandulera, Sabana Toro, Villa Fundaci\u00f3n y Mosc\u00fa<\/strong>, en una jornada que el mandatario calific\u00f3 como&nbsp;<em>\u201cverdadera justicia social y econ\u00f3mica\u201d.&nbsp;<\/em><\/p>\n\n\n\n<p><em>\u201cSi hay un programa que es de verdadera justicia social y econ\u00f3mica es este, porque los hace a ustedes propietarios, propietarios formales, y eso es lo importante. Por eso, ya vamos camino a entregar 150,000 t\u00edtulos a nivel nacional, que si usted lo multiplica por una familia de cinco, impacta a m\u00e1s de medio mill\u00f3n de personas\u201d,<\/em>&nbsp;resalt\u00f3 el mandatario.<\/p>\n\n\n\n<p>El presidente Abinader anunci\u00f3 que en el&nbsp;<strong>proyecto de titulaci\u00f3n de San Crist\u00f3bal<\/strong>&nbsp;hay alrededor de&nbsp;<strong>2,000 t\u00edtulos m\u00e1s<\/strong>&nbsp;en proceso, que ser\u00e1n entregados en los pr\u00f3ximos cuatro meses. Al sumar estos con los ya otorgados, se alcanzar\u00e1 un total de&nbsp;<strong>5,300 t\u00edtulos<\/strong>, consolidando uno de los programas de regularizaci\u00f3n&nbsp;<strong>m\u00e1s amplios<\/strong>&nbsp;de la provincia.<\/p>\n\n\n\n<p>El mandatario destac\u00f3 que esta entrega representa&nbsp;<strong>paz y tranquilidad<\/strong>&nbsp;para las familias dominicanas, al garantizar la&nbsp;<strong>seguridad jur\u00eddica<\/strong>&nbsp;de sus hogares.&nbsp;<em>\u201cNosotros prohibimos que en estas zonas dos o tres vivos, algunos metidos pol\u00edticos, compraran terrenos para despu\u00e9s venir a cobrarles los t\u00edtulos a ustedes, eso en este gobierno se acab\u00f3. Los t\u00edtulos se entregan a quienes han vivido ah\u00ed por a\u00f1os, seg\u00fan el protocolo establecido\u201d,<\/em>&nbsp;afirm\u00f3.<\/p>\n\n\n\n<figure class=\"wp-block-image\"><img decoding=\"async\" src=\"https:\/\/presidencia.gob.do\/sites\/default\/files\/inline-images\/Sin%20t%C3%ADtulo_22.jpg\" alt=\"\"\/><\/figure>\n\n\n\n<p>El presidente Abinader explic\u00f3 que con la entrega de los t\u00edtulos, los beneficiarios podr\u00e1n&nbsp;<strong>acceder a la banca formal<\/strong>, obtener pr\u00e9stamos con mejores condiciones y&nbsp;<strong>mejorar o ampliar<\/strong>&nbsp;sus viviendas.<em>&nbsp;\u201cAhora cualquiera puede construir una segunda casa para una hija o un hijo, alquilarla o poner un peque\u00f1o negocio. Adem\u00e1s, desde hoy sus propiedades valen dos y hasta tres veces m\u00e1s que lo que val\u00edan esta ma\u00f1ana\u201d,<\/em>&nbsp;expres\u00f3.<\/p>\n\n\n\n<p>El jefe de Estado solicit\u00f3 la colaboraci\u00f3n de las juntas de vecinos, l\u00edderes religiosos y comunitarios para mediar en los casos donde existan conflictos o situaciones informales.<em>&nbsp;\u201cNosotros no queremos los t\u00edtulos en cajas fuertes; queremos los t\u00edtulos en las manos de la gente, con el nombre de cada beneficiario\u201d.<\/em><\/p>\n\n\n\n<p>Asimismo, record\u00f3 que ning\u00fan ciudadano debe pagar un centavo por este proceso.&nbsp;<em>\u201cLo m\u00e1s que ustedes le pueden brindar a la gente de la Unidad T\u00e9cnica de Titulaci\u00f3n es un cafecito, si van a su casa\u201d,<\/em>&nbsp;dijo entre aplausos, reafirmando su compromiso de regresar en unos cuatro meses para entregar el nuevo paquete de&nbsp;<strong>2,000 t\u00edtulos adicionales.<\/strong><\/p>\n\n\n\n<p>Finalmente, el presidente Abinader exhort\u00f3 a los beneficiarios a&nbsp;<strong>cuidar y proteger sus propiedades<\/strong>, y a buscar asesor\u00eda antes de realizar cualquier transacci\u00f3n.&nbsp;<em>\u201cGuarden bien su t\u00edtulo y cons\u00faltense con personas de experiencia para sacarle el mayor provecho. Felicidades y disfruten su propiedad, que es realmente de ustedes desde hoy\u201d.<\/em><\/p>\n\n\n\n<p><strong>Titulaci\u00f3n es uno de los pilares del gobierno para beneficiar a miles de familias en todo el territorio nacional<\/strong><\/p>\n\n\n\n<p>De su lado, el director ejecutivo de la Unidad T\u00e9cnica Ejecutora de Titulaci\u00f3n de Terrenos del Estado (Utect),&nbsp;<strong>Duarte M\u00e9ndez,<\/strong>&nbsp;destac\u00f3 el firme compromiso del presidente Abinader, quien dijo, ha hecho de la titulaci\u00f3n uno de los&nbsp;<strong>pilares de su gobierno<\/strong>&nbsp;para beneficiar a miles de familias en todo el territorio nacional, y se reafirma hoy,&nbsp;<strong>D\u00eda de la Constituci\u00f3n<\/strong>, al elegir esta fecha tan significativa para entregarles sus t\u00edtulos de propiedad.<\/p>\n\n\n\n<p>M\u00e9ndez explic\u00f3 que el proyecto abarc\u00f3 un \u00e1rea de&nbsp;<strong>m\u00e1s de 249,000&nbsp;<\/strong>metros cuadrados, trabajado en conjunto con el&nbsp;<strong>Instituto Agrario Dominicano,<\/strong>&nbsp;para garantizar&nbsp;<strong>seguridad jur\u00eddica y estabilidad<\/strong>&nbsp;a los propietarios que hoy reciben sus t\u00edtulos definitivos.<\/p>\n\n\n\n<p>Resalt\u00f3 que este esfuerzo representa un ahorro colectivo de&nbsp;<strong>m\u00e1s de 115 millones de pesos<\/strong>, ya que los beneficiarios no tuvieron que cubrir los costos de titulaci\u00f3n, estimados entre&nbsp;<strong>120 y 140,000 pesos<\/strong>&nbsp;por familia. Subray\u00f3 que este acto, encabezado por el presidente Luis Abinader, reafirma el&nbsp;<strong>compromiso del Gobierno&nbsp;<\/strong>con las familias dominicanas, al tiempo que exhort\u00f3 a quienes a\u00fan no completan su proceso a colaborar para lograr que todas las familias de la zona reciban su t\u00edtulo de propiedad.&nbsp;<\/p>\n\n\n\n<p>En nombre de los beneficiarios,&nbsp;<strong>Manuel Rodr\u00edguez,<\/strong>&nbsp;expres\u00f3 su profunda gratitud al presidente Abinader y a su gabinete por hacer posible lo que por&nbsp;<strong>m\u00e1s de 20 a\u00f1os<\/strong>&nbsp;parec\u00eda inalcanzable. Dijo que este es un d\u00eda de gran alegr\u00eda para las comunidades de San Crist\u00f3bal, que hoy reciben sus t\u00edtulos sin costo alguno y agradeci\u00f3 el&nbsp;<strong>apoyo constante del Gobierno<\/strong>&nbsp;y destac\u00f3 el compromiso del presidente con las familias dominicanas.<\/p>\n\n\n\n<p>En el acto,&nbsp;<strong>recibieron su t\u00edtulo<\/strong>&nbsp;de manos del se\u00f1or presidente Abinader: Manuel Alonso Rodr\u00edguez, Tomasina Rodr\u00edguez, Candido Guzm\u00e1n, Francisco Encarnaci\u00f3n, Flor Nivar Abreu, Gilberto Antonio C\u00e1ceres, Enrique Florentino Soto, Marina B\u00e1ez, Luis Toribio Reynoso y Ram\u00f3n Fern\u00e1ndez.<\/p>\n\n\n\n<p>Estuvieron presentes los directores del Instituto Agrario Dominicano,&nbsp;<strong>Dar\u00edo Castillo<\/strong>; de Bienes Nacionales, el CEA y Corde,&nbsp;<strong>Rafael Burgos<\/strong>; del Instituto Agrario Dominicano,&nbsp;<strong>Francisco Guillermo Garc\u00eda<\/strong>, y de Catastro Nacional,&nbsp;<strong>H\u00e9ctor Mirambeaux<\/strong>; el director ejecutivo del Sistema Nacional de Atenci\u00f3n a Emergencias y Seguridad 911,&nbsp;<strong>coronel Randolfo Rijo G\u00f3mez<\/strong>; el subdirector del Banco Agr\u00edcola,&nbsp;<strong>Eddy Mont\u00e1s<\/strong>; la gobernadora provincial,&nbsp;<strong>Pura Casilla<\/strong>; el senador&nbsp;<strong>Gustavo Lara<\/strong>&nbsp;y el diputado&nbsp;<strong>Otoniel Tejada<\/strong>.<\/p>\n\n\n\n<p>Con informaci\u00f3n de la Presidencia de la Rep\u00fablica.<\/p>\n\n\n\n<figure class=\"wp-block-embed is-type-wp-embed is-provider-diario-dominicano wp-block-embed-diario-dominicano\"><div class=\"wp-block-embed__wrapper\">\n<blockquote class=\"wp-embedded-content\" data-secret=\"uCDMYboIeF\"><a href=\"https:\/\/diariodominicano.com\/?p=647889\">Mandatario inaugura  la rehabilitaci\u00f3n del\u00a0tramo carretero Sabana Toro\u2013La Rosa<\/a><\/blockquote><iframe loading=\"lazy\" class=\"wp-embedded-content\" sandbox=\"allow-scripts\" security=\"restricted\" style=\"position: absolute; visibility: hidden;\" title=\"\u00abMandatario inaugura  la rehabilitaci\u00f3n del\u00a0tramo carretero Sabana Toro\u2013La Rosa\u00bb \u2014 Diario Dominicano\" src=\"https:\/\/diariodominicano.com\/?p=647889&#038;embed=true#?secret=tVzCMDj94i#?secret=uCDMYboIeF\" data-secret=\"uCDMYboIeF\" width=\"600\" height=\"338\" frameborder=\"0\" marginwidth=\"0\" marginheight=\"0\" scrolling=\"no\"><\/iframe>\n<\/div><\/figure>\n","protected":false},"excerpt":{"rendered":"<p>Benefician a m\u00e1s de 4,800 personas. Abinader dice que el programa de titulaci\u00f3n es un acto de justicia social y econ\u00f3mica y se encamina a completar los 150,000 entregados a nivel nacional, impactando a m\u00e1s de medio mill\u00f3n de personas 6 de Noviembre 2025 | San Crist\u00f3bal, RD.\u2013 El&nbsp;presidente Luis Abinader&nbsp;entreg\u00f3 este jueves&nbsp;1,445 certificados&nbsp;de t\u00edtulos [&hellip;]<\/p>\n","protected":false},"author":2,"featured_media":647887,"comment_status":"closed","ping_status":"closed","sticky":true,"template":"","format":"standard","meta":{"footnotes":""},"categories":[20,27],"tags":[],"class_list":["post-647886","post","type-post","status-publish","format-standard","has-post-thumbnail","hentry","category-dominicana-hoy","category-portada"],"_links":{"self":[{"href":"https:\/\/diariodominicano.com\/index.php?rest_route=\/wp\/v2\/posts\/647886","targetHints":{"allow":["GET"]}}],"collection":[{"href":"https:\/\/diariodominicano.com\/index.php?rest_route=\/wp\/v2\/posts"}],"about":[{"href":"https:\/\/diariodominicano.com\/index.php?rest_route=\/wp\/v2\/types\/post"}],"author":[{"embeddable":true,"href":"https:\/\/diariodominicano.com\/index.php?rest_route=\/wp\/v2\/users\/2"}],"replies":[{"embeddable":true,"href":"https:\/\/diariodominicano.com\/index.php?rest_route=%2Fwp%2Fv2%2Fcomments&post=647886"}],"version-history":[{"count":2,"href":"https:\/\/diariodominicano.com\/index.php?rest_route=\/wp\/v2\/posts\/647886\/revisions"}],"predecessor-version":[{"id":647892,"href":"https:\/\/diariodominicano.com\/index.php?rest_route=\/wp\/v2\/posts\/647886\/revisions\/647892"}],"wp:featuredmedia":[{"embeddable":true,"href":"https:\/\/diariodominicano.com\/index.php?rest_route=\/wp\/v2\/media\/647887"}],"wp:attachment":[{"href":"https:\/\/diariodominicano.com\/index.php?rest_route=%2Fwp%2Fv2%2Fmedia&parent=647886"}],"wp:term":[{"taxonomy":"category","embeddable":true,"href":"https:\/\/diariodominicano.com\/index.php?rest_route=%2Fwp%2Fv2%2Fcategories&post=647886"},{"taxonomy":"post_tag","embeddable":true,"href":"https:\/\/diariodominicano.com\/index.php?rest_route=%2Fwp%2Fv2%2Ftags&post=647886"}],"curies":[{"name":"wp","href":"https:\/\/api.w.org\/{rel}","templated":true}]}}