{"id":647859,"date":"2025-11-06T23:13:56","date_gmt":"2025-11-07T03:13:56","guid":{"rendered":"https:\/\/diariodominicano.com\/?p=647859"},"modified":"2025-11-06T23:13:59","modified_gmt":"2025-11-07T03:13:59","slug":"yvan-lorenzo-ex-senador-pld-califica-de-acto-populista-la-inauguracion-del-hospital-angel-maria-gaton-en-san-francisco-de-macoris-dice-no-esta-apto-para-operar","status":"publish","type":"post","link":"https:\/\/diariodominicano.com\/?p=647859","title":{"rendered":"Yv\u00e1n Lorenzo ex senador PLD\u00a0califica de acto populista la inauguraci\u00f3n del hospital \u00c1ngel Mar\u00eda Gat\u00f3n en San Francisco de Macor\u00eds; dice no est\u00e1 apto para operar"},"content":{"rendered":"\n<p><strong>Yv\u00e1n Lorenzo, vicepresidente del Partido de la Liberaci\u00f3n Dominicana (PLD),<\/strong>&nbsp;consider\u00f3 como un acto populista la inauguraci\u00f3n del Hospital Regional Dr. \u00c1ngel Mar\u00eda Gat\u00f3n, en San Francisco de Macor\u00eds, ya que no est\u00e1 ofreciendo servicios y tampoco se tienen datos de cu\u00e1ndo comenzar\u00e1 a funcionar.<\/p>\n\n\n\n<p>Lorenzo dijo que la raz\u00f3n principal es la falta de una planta de tratamiento de aguas residuales, advirtiendo que al funcionar las aguas residuales ir\u00edan al r\u00edo Yuna, crear\u00eda una alarmante contaminaci\u00f3n que afectar\u00eda a la poblaci\u00f3n de esa regi\u00f3n.<\/p>\n\n\n\n<p>\u201cComo todo lo de este Gobierno es grandilocuente, se present\u00f3 el Hospital Regional \u00c1ngel Mar\u00eda Gat\u00f3n a la opini\u00f3n p\u00fablica como la panacea de los problemas de salud de la regi\u00f3n Nordeste, con apenas 160 camas que no cubrir\u00e1 ni el 50% de la demanda\u201d, declar\u00f3 el ex senador de El\u00edas Pi\u00f1a a la prensa en el marco de la reuni\u00f3n del Secretariado Partido Sociedad en la Oficina Presidencial del PLD.<\/p>\n\n\n\n<p>En ese mismo orden, el vicepresidente del PLD, quien es el Enlace en la provincia Duarte, exigi\u00f3 al gobierno una explicaci\u00f3n del aumento exorbitante del costo de terminaci\u00f3n del reci\u00e9n inaugurado hospital, ya que estaba presupuestada en 1,900 millones de pesos y se aument\u00f3 a 9, 426 millones de pesos.<\/p>\n\n\n\n<p>Se\u00f1ala que este gobierno recibi\u00f3 esa obra avanzada en m\u00e1s de un 80% y con los aires acondicionados instalados, \u201centonces \u00bfc\u00f3mo puede aumentar m\u00e1s de 7,400 millones?\u201d.<\/p>\n\n\n\n<p>Lorenzo refiri\u00f3 que la obra fue dise\u00f1ada en el gobierno del PLD para 352 camas, a un costo de 1,99 millones de pesos y el gobierno del PRM la baj\u00f3 a 318, de las cuales solo funcionar\u00e1n 160 a un costo de 9,400 millones.<\/p>\n\n\n\n<p>Indic\u00f3 que el viejo hospital San Vicente de Paul, cuenta actualmente con 225 camas y son insuficientes, con lo cual 160 para la regi\u00f3n del Nordeste no cubrir\u00e1 ni el 50% de la demanda de pacientes.<\/p>\n\n\n\n<p><strong>SECRETARIA DE COMUNICACIONES<\/strong><\/p>\n\n\n\n<p><strong>06 DE NOVIEMBRE, 2025.-<\/strong><\/p>\n","protected":false},"excerpt":{"rendered":"<p>Yv\u00e1n Lorenzo, vicepresidente del Partido de la Liberaci\u00f3n Dominicana (PLD),&nbsp;consider\u00f3 como un acto populista la inauguraci\u00f3n del Hospital Regional Dr. \u00c1ngel Mar\u00eda Gat\u00f3n, en San Francisco de Macor\u00eds, ya que no est\u00e1 ofreciendo servicios y tampoco se tienen datos de cu\u00e1ndo comenzar\u00e1 a funcionar. Lorenzo dijo que la raz\u00f3n principal es la falta de una [&hellip;]<\/p>\n","protected":false},"author":2,"featured_media":647860,"comment_status":"closed","ping_status":"closed","sticky":false,"template":"","format":"standard","meta":{"footnotes":""},"categories":[22],"tags":[],"class_list":["post-647859","post","type-post","status-publish","format-standard","has-post-thumbnail","hentry","category-politica"],"_links":{"self":[{"href":"https:\/\/diariodominicano.com\/index.php?rest_route=\/wp\/v2\/posts\/647859","targetHints":{"allow":["GET"]}}],"collection":[{"href":"https:\/\/diariodominicano.com\/index.php?rest_route=\/wp\/v2\/posts"}],"about":[{"href":"https:\/\/diariodominicano.com\/index.php?rest_route=\/wp\/v2\/types\/post"}],"author":[{"embeddable":true,"href":"https:\/\/diariodominicano.com\/index.php?rest_route=\/wp\/v2\/users\/2"}],"replies":[{"embeddable":true,"href":"https:\/\/diariodominicano.com\/index.php?rest_route=%2Fwp%2Fv2%2Fcomments&post=647859"}],"version-history":[{"count":1,"href":"https:\/\/diariodominicano.com\/index.php?rest_route=\/wp\/v2\/posts\/647859\/revisions"}],"predecessor-version":[{"id":647861,"href":"https:\/\/diariodominicano.com\/index.php?rest_route=\/wp\/v2\/posts\/647859\/revisions\/647861"}],"wp:featuredmedia":[{"embeddable":true,"href":"https:\/\/diariodominicano.com\/index.php?rest_route=\/wp\/v2\/media\/647860"}],"wp:attachment":[{"href":"https:\/\/diariodominicano.com\/index.php?rest_route=%2Fwp%2Fv2%2Fmedia&parent=647859"}],"wp:term":[{"taxonomy":"category","embeddable":true,"href":"https:\/\/diariodominicano.com\/index.php?rest_route=%2Fwp%2Fv2%2Fcategories&post=647859"},{"taxonomy":"post_tag","embeddable":true,"href":"https:\/\/diariodominicano.com\/index.php?rest_route=%2Fwp%2Fv2%2Ftags&post=647859"}],"curies":[{"name":"wp","href":"https:\/\/api.w.org\/{rel}","templated":true}]}}