{"id":647812,"date":"2025-11-06T21:38:22","date_gmt":"2025-11-07T01:38:22","guid":{"rendered":"https:\/\/diariodominicano.com\/?p=647812"},"modified":"2025-11-06T21:38:29","modified_gmt":"2025-11-07T01:38:29","slug":"psuv-convoca-a-asambleas-populares-en-venezuela-para-nueva-estructura-foto","status":"publish","type":"post","link":"https:\/\/diariodominicano.com\/?p=647812","title":{"rendered":"PSUV convoca a Asambleas Populares en Venezuela para nueva estructura (+Foto)"},"content":{"rendered":"\n<p>Caracas, 6 nov (Prensa Latina) El Partido Socialista Unido de Venezuela (PSUV) convoc\u00f3 hoy a la celebraci\u00f3n de Asambleas Populares de Calle para la creaci\u00f3n de los Comit\u00e9s Bolivarianos de Base Integral, una nueva estructura de la formaci\u00f3n pol\u00edtica.<\/p>\n\n\n\n<ul class=\"wp-block-list\">\n<li><a href=\"https:\/\/www.prensa-latina.cu\/2025\/11\/06\/\"><time>noviembre 6, 2025 | 13:32<\/time><\/a><\/li>\n<\/ul>\n\n\n\n<ul class=\"wp-block-list\">\n<li><a href=\"https:\/\/www.prensa-latina.cu\/2025\/11\/06\/psuv-convoca-a-asambleas-populares-en-venezuela-para-nueva-estructura\/#\"><\/a><\/li>\n\n\n\n<li><a href=\"https:\/\/www.prensa-latina.cu\/2025\/11\/06\/psuv-convoca-a-asambleas-populares-en-venezuela-para-nueva-estructura\/#\"><\/a><\/li>\n\n\n\n<li><a href=\"https:\/\/www.prensa-latina.cu\/2025\/11\/06\/psuv-convoca-a-asambleas-populares-en-venezuela-para-nueva-estructura\/#\"><\/a><\/li>\n\n\n\n<li><a href=\"https:\/\/www.prensa-latina.cu\/2025\/11\/06\/psuv-convoca-a-asambleas-populares-en-venezuela-para-nueva-estructura\/#\"><\/a><\/li>\n<\/ul>\n\n\n\n<p>En rueda de prensa con los delegados que participaron en la plenaria del V Congreso del Partido y el IV de la Juventud de PSUV v\u00eda directa y virtual, el secretario de la llamada tolda roja, Diosdado Cabello, ofreci\u00f3 detalles de esta elecci\u00f3n a desarrollarse el fin de semana pr\u00f3ximo y el 15 y 16 de noviembre.<\/p>\n\n\n\n<p>El dirigente pol\u00edtico destac\u00f3 que \u201cesta nueva estructura pasar\u00e1 a la historia\u201d en el funcionamiento del Partido con el cambio estrat\u00e9gico en la base al pasar de la direcci\u00f3n individual a la colectiva en las estructuras de Calle.<\/p>\n\n\n\n<p>\u201cCon esto vamos a trascender de la estructura actual a una nueva, m\u00e1s din\u00e1mica, funcional, de trabajo colectivo, dejar atr\u00e1s el jefe\u201d, la cual al menos estar\u00e1 integrada por nueve militantes elegidos por los vecinos de la comunidad, subray\u00f3.<\/p>\n\n\n\n<p>Aclar\u00f3 que esta jefatura no es importada sino de la Calle y del liderazgo aut\u00e9ntico del pueblo, que funcionar\u00e1 sobre la base de agendas de trabajo de educaci\u00f3n, formaci\u00f3n ideol\u00f3gica, preparaci\u00f3n para la defensa y de organizaci\u00f3n de las \u201cfamilias revolucionarias socialistas\u201d.<\/p>\n\n\n\n<figure class=\"wp-block-image\"><img decoding=\"async\" src=\"https:\/\/www.prensa-latina.cu\/wp-content\/uploads\/2025\/11\/psuv1-1.jpg\" alt=\"\" class=\"wp-image-1659841\"\/><\/figure>\n\n\n\n<p>En consecuencia, ejemplific\u00f3 con la figura del presidente del PSUV y de la naci\u00f3n, Nicol\u00e1s Maduro, que \u201csiempre consulta y toma decisiones en colectivo\u201d, lo cual viene del legado del comandante Hugo Ch\u00e1vez, expres\u00f3.<\/p>\n\n\n\n<p>Cabello convoc\u00f3 a los miembros del Gran Polo Patri\u00f3tico y a los no integrantes del Partido que deseen participar, a sumarse porque este es un proceso de \u201cpuertas abiertas, sin sectarismo ni bloqueo de ning\u00fan tipo\u201d.<\/p>\n\n\n\n<p>Afirm\u00f3 que no hay l\u00edneas de ninguna naturaleza y pidi\u00f3 a gobernadores, a alcaldes no inmiscuirse en nada porque esto \u201ces una participaci\u00f3n de democracia\u201d y ser\u00e1n los jefes de Calles quienes decidir\u00e1n, de conjunto con el designado por la direcci\u00f3n nacional del PSUV en cada uno de los estados.<\/p>\n\n\n\n<p>El dirigente pol\u00edtico refiri\u00f3 que estas asambleas deben realizarse en \u201csanta paz y tranquilidad\u201d y se regir\u00e1n por la Declaraci\u00f3n de Principios de los estatutos del Partido, el C\u00f3digo de \u00c9tica y de lealtad al comandante Hugo Ch\u00e1vez y al presidente Nicol\u00e1s Maduro.<\/p>\n\n\n\n<p>Recalc\u00f3 que estas ser\u00e1n consultas abiertas y populares en las bases del PSUV y asever\u00f3 que \u201ctendremos una nueva estructura para cualquier situaci\u00f3n\u201d con tareas enmarcadas en los planes de la naci\u00f3n y en otros aconteceres.<\/p>\n\n\n\n<p>La plenaria del Congreso aprob\u00f3 seis propuestas presentadas por Maduro, sobre las cuales trabajar\u00e1n los Comit\u00e9s Bolivarianos de Base Integral para darle cumplimiento como son: avanzar en el proceso popular constituyente y el fortalecimiento del proceso popular.<\/p>\n\n\n\n<p>\u200e Garantizar los nuevos m\u00e9todos de gobierno y el gobierno de ejecuci\u00f3n directa; nueva estructura organizativa; pasar de la lucha no armada a la lucha armada; lucha comunicacional internacional y autorizar al Presidente a tomar las decisiones que considere para la defensa de la patria.<\/p>\n\n\n\n<p>jha\/jcd<\/p>\n\n\n\n<ul class=\"wp-block-list\">\n<li>#<a href=\"https:\/\/www.prensa-latina.cu\/etiqueta\/comites-bolivarianos\/\">comit\u00e9s bolivarianos<\/a>\u00a0#<a href=\"https:\/\/www.prensa-latina.cu\/etiqueta\/hugo-chave\/\">Hugo Ch\u00e1ve<\/a>\u00a0#<a href=\"https:\/\/www.prensa-latina.cu\/etiqueta\/partido\/\">partido<\/a>\u00a0#<a href=\"https:\/\/www.prensa-latina.cu\/etiqueta\/psuv\/\">PSUV<\/a>\u00a0#<a href=\"https:\/\/www.prensa-latina.cu\/etiqueta\/venezuela\/\">Venezuela<\/a><\/li>\n<\/ul>\n","protected":false},"excerpt":{"rendered":"<p>Caracas, 6 nov (Prensa Latina) El Partido Socialista Unido de Venezuela (PSUV) convoc\u00f3 hoy a la celebraci\u00f3n de Asambleas Populares de Calle para la creaci\u00f3n de los Comit\u00e9s Bolivarianos de Base Integral, una nueva estructura de la formaci\u00f3n pol\u00edtica. En rueda de prensa con los delegados que participaron en la plenaria del V Congreso del [&hellip;]<\/p>\n","protected":false},"author":2,"featured_media":647813,"comment_status":"closed","ping_status":"closed","sticky":false,"template":"","format":"standard","meta":{"footnotes":""},"categories":[23,22],"tags":[],"class_list":["post-647812","post","type-post","status-publish","format-standard","has-post-thumbnail","hentry","category-internacional","category-politica"],"_links":{"self":[{"href":"https:\/\/diariodominicano.com\/index.php?rest_route=\/wp\/v2\/posts\/647812","targetHints":{"allow":["GET"]}}],"collection":[{"href":"https:\/\/diariodominicano.com\/index.php?rest_route=\/wp\/v2\/posts"}],"about":[{"href":"https:\/\/diariodominicano.com\/index.php?rest_route=\/wp\/v2\/types\/post"}],"author":[{"embeddable":true,"href":"https:\/\/diariodominicano.com\/index.php?rest_route=\/wp\/v2\/users\/2"}],"replies":[{"embeddable":true,"href":"https:\/\/diariodominicano.com\/index.php?rest_route=%2Fwp%2Fv2%2Fcomments&post=647812"}],"version-history":[{"count":1,"href":"https:\/\/diariodominicano.com\/index.php?rest_route=\/wp\/v2\/posts\/647812\/revisions"}],"predecessor-version":[{"id":647814,"href":"https:\/\/diariodominicano.com\/index.php?rest_route=\/wp\/v2\/posts\/647812\/revisions\/647814"}],"wp:featuredmedia":[{"embeddable":true,"href":"https:\/\/diariodominicano.com\/index.php?rest_route=\/wp\/v2\/media\/647813"}],"wp:attachment":[{"href":"https:\/\/diariodominicano.com\/index.php?rest_route=%2Fwp%2Fv2%2Fmedia&parent=647812"}],"wp:term":[{"taxonomy":"category","embeddable":true,"href":"https:\/\/diariodominicano.com\/index.php?rest_route=%2Fwp%2Fv2%2Fcategories&post=647812"},{"taxonomy":"post_tag","embeddable":true,"href":"https:\/\/diariodominicano.com\/index.php?rest_route=%2Fwp%2Fv2%2Ftags&post=647812"}],"curies":[{"name":"wp","href":"https:\/\/api.w.org\/{rel}","templated":true}]}}