{"id":647794,"date":"2025-11-06T19:31:54","date_gmt":"2025-11-06T23:31:54","guid":{"rendered":"https:\/\/diariodominicano.com\/?p=647794"},"modified":"2025-11-06T21:24:41","modified_gmt":"2025-11-07T01:24:41","slug":"direccion-de-asistencia-social-y-alimentacion-comunitaria-dasac","status":"publish","type":"post","link":"https:\/\/diariodominicano.com\/?p=647794","title":{"rendered":"Direcci\u00f3n de Asistencia Social entrega enseres del hogar a los afectados por tornado en Miches"},"content":{"rendered":"\n<p>entrega enseres del hogar a familias afectadas por tornado en Miches M\u00e1s de veinte familias recibieron de la instituci\u00f3n de asistencia social colchones, lavadoras, estufas, neveras, juegos de muebles y comedor, abanicos, licuadoras, televisores y otros.<\/p>\n\n\n\n<p>Miches, Provincia El Seibo. &#8211; Tras los da\u00f1os ocasionados por un tornado en el municipio de Miches y que afecto a m\u00e1s de 20 familias, el gobierno don\u00f3 a trav\u00e9s de la Direcci\u00f3n de Asistencia Social y Alimentaci\u00f3n Comunitaria (DASAC), enseres del hogar a los afectados por el fen\u00f3meno atmosf\u00e9rico con la finalidad de que puedan recuperar la normalidad en sus viviendas.<\/p>\n\n\n\n<figure class=\"wp-block-image\"><img decoding=\"async\" src=\"https:\/\/diariodominicano.com\/wp-content\/uploads\/2025\/11\/Direccion-de-Asistencia-Social-Alimentacion-Comunitaria-DASAC-1024x575.jpeg\" alt=\"\"\/><\/figure>\n\n\n\n<p>La informaci\u00f3n fue ofrecida por el director general de la instituci\u00f3n, Edgar Augusto F\u00e9liz Arbona, quien destac\u00f3 que la entrega es parte del compromiso del gobierno que preside Luis Abinader Corona, de acudir en auxilio de las familias dominicanas que se encuentran en situaci\u00f3n de vulnerabilidad y que se ejecuta a trav\u00e9s de DASAC.<\/p>\n\n\n\n<p>\u201cDesde esta instituci\u00f3n que estamos dirigiendo hace apenas un mes, hemos puesto en pr\u00e1ctica nuestro compromiso con ejecutar la pol\u00edtica social del presidente Luis Abinader Corona, redoblando los esfuerzos para brindar asistencia a todas aquellas personas que se encuentran en condici\u00f3n de vulnerabilidad en todo el pa\u00eds\u201d, expreso.<\/p>\n\n\n\n<p>El funcionario dijo que luego de una visita realizada por el equipo de respuesta r\u00e1pida de la instituci\u00f3n a la zona afectadas para el levantamiento de los da\u00f1os ocasionador por el ventarr\u00f3n, se procedi\u00f3 a dar respuesta a esas familias.<\/p>\n\n\n\n<p>\u201cNuestro equipo se traslad\u00f3 hace pocos d\u00edas hasta Miches para ver los da\u00f1os ocasionados por el fuerte tornado que sufrieron m\u00e1s de veinte casas y ya estamos equipando a estas familias y trayendo tranquilidad a cada una de ellas\u201d, a\u00f1adi\u00f3.<\/p>\n\n\n\n<p>La entrega de la donaci\u00f3n de los enseres a las familias afectadas estuvo a cargo de la encargada de Asistencia Social, Dameyby Polanco, quien manifest\u00f3 que<\/p>\n\n\n\n<p>cumpl\u00eda con la misi\u00f3n de llevar el mensaje de esperanza del gobierno y especialmente del director general de la Direcci\u00f3n de Asistencia Social y Alimentaci\u00f3n Comunitaria (DASAC), Edgar Augusto F\u00e9liz Arbona.<\/p>\n\n\n\n<p>Las familias afectadas recibieron colchones, lavadoras, estufas, neveras, juegos de muebles, comedor, abanicos, licuadoras, televisores, con los cuales equiparon nuevamente su hogar.<\/p>\n\n\n\n<p>El compromiso de DASAC es seguir fortaleciendo los programas de asistencia social y alimentaci\u00f3n con la seguridad de que sus recursos contin\u00faen llegando de manera efectiva a las comunidades que m\u00e1s lo necesitan.<\/p>\n\n\n\n<p>Departamento de Comunicaci\u00f3n<\/p>\n\n\n\n<p>Carmen Curiel <a href=\"mailto:carmencuriel6@gmail.com\">carmencuriel6@gmail.com<\/a><\/p>\n","protected":false},"excerpt":{"rendered":"<p>entrega enseres del hogar a familias afectadas por tornado en Miches M\u00e1s de veinte familias recibieron de la instituci\u00f3n de asistencia social colchones, lavadoras, estufas, neveras, juegos de muebles y comedor, abanicos, licuadoras, televisores y otros. Miches, Provincia El Seibo. &#8211; Tras los da\u00f1os ocasionados por un tornado en el municipio de Miches y que [&hellip;]<\/p>\n","protected":false},"author":7,"featured_media":647802,"comment_status":"closed","ping_status":"closed","sticky":true,"template":"","format":"standard","meta":{"footnotes":""},"categories":[20],"tags":[3327],"class_list":["post-647794","post","type-post","status-publish","format-standard","has-post-thumbnail","hentry","category-dominicana-hoy","tag-direccion-de-asistencia-social-y-alimentacion-comunitaria-dasac"],"_links":{"self":[{"href":"https:\/\/diariodominicano.com\/index.php?rest_route=\/wp\/v2\/posts\/647794","targetHints":{"allow":["GET"]}}],"collection":[{"href":"https:\/\/diariodominicano.com\/index.php?rest_route=\/wp\/v2\/posts"}],"about":[{"href":"https:\/\/diariodominicano.com\/index.php?rest_route=\/wp\/v2\/types\/post"}],"author":[{"embeddable":true,"href":"https:\/\/diariodominicano.com\/index.php?rest_route=\/wp\/v2\/users\/7"}],"replies":[{"embeddable":true,"href":"https:\/\/diariodominicano.com\/index.php?rest_route=%2Fwp%2Fv2%2Fcomments&post=647794"}],"version-history":[{"count":3,"href":"https:\/\/diariodominicano.com\/index.php?rest_route=\/wp\/v2\/posts\/647794\/revisions"}],"predecessor-version":[{"id":647809,"href":"https:\/\/diariodominicano.com\/index.php?rest_route=\/wp\/v2\/posts\/647794\/revisions\/647809"}],"wp:featuredmedia":[{"embeddable":true,"href":"https:\/\/diariodominicano.com\/index.php?rest_route=\/wp\/v2\/media\/647802"}],"wp:attachment":[{"href":"https:\/\/diariodominicano.com\/index.php?rest_route=%2Fwp%2Fv2%2Fmedia&parent=647794"}],"wp:term":[{"taxonomy":"category","embeddable":true,"href":"https:\/\/diariodominicano.com\/index.php?rest_route=%2Fwp%2Fv2%2Fcategories&post=647794"},{"taxonomy":"post_tag","embeddable":true,"href":"https:\/\/diariodominicano.com\/index.php?rest_route=%2Fwp%2Fv2%2Ftags&post=647794"}],"curies":[{"name":"wp","href":"https:\/\/api.w.org\/{rel}","templated":true}]}}