{"id":647750,"date":"2025-11-06T16:51:17","date_gmt":"2025-11-06T20:51:17","guid":{"rendered":"https:\/\/diariodominicano.com\/?p=647750"},"modified":"2025-11-06T16:51:19","modified_gmt":"2025-11-06T20:51:19","slug":"comision-especial-de-salud-mental-del-senado-escuchara-a-sectores-vinculados-a-la-psicologia-en-torno-a-la-reforma-de-la-ley-de-salud-mental","status":"publish","type":"post","link":"https:\/\/diariodominicano.com\/?p=647750","title":{"rendered":"Comisi\u00f3n Especial de Salud Mental del Senado escuchar\u00e1 a sectores vinculados a la psicolog\u00eda en torno a la reforma de la Ley de Salud Mental"},"content":{"rendered":"\n<p>Santo Domingo. \u2013 La Comisi\u00f3n Especial que tiene a su cargo el an\u00e1lisis del proyecto de ley que modifica los art\u00edculos 1, 2, 4, 5, 25, 26 y 47 de la Ley 12-06 sobre Salud Mental acord\u00f3 extender una invitaci\u00f3n a los organismos de salud, como el Ministerio de Salud P\u00fablica, la Sociedad Dominicana de Psiquiatr\u00eda y Neurocirug\u00eda, y la Pastoral de la Salud Dominicana, para que presenten sus aportes a las reformas sugeridas al proyecto presentado por la senadora Aracelis Villanueva Figueroa, representante de la provincia San Pedro de Macor\u00eds.<\/p>\n\n\n\n<p>El presidente de la comisi\u00f3n, Mois\u00e9s Ayala, consider\u00f3 el tema de los trastornos mentales como preocupante debido al aumento de enfermos y a las pocas unidades de camas y hospitales existentes para atender estas necesidades, que urgen ser cubiertas en beneficio de los dominicanos.<\/p>\n\n\n\n<p>\u201cEl pa\u00eds no registra cifras exactas, pero existe un gran n\u00famero de pacientes psiqui\u00e1tricos. Estas enfermedades mentales han experimentado un crecimiento y considero que esto se debe, fundamentalmente, al uso de drogas, estupefacientes y otros vicios\u201d, afirm\u00f3 el tambi\u00e9n vocero del PRM en la C\u00e1mara Alta.<\/p>\n\n\n\n<p>Explic\u00f3 que esta ley es de mucha importancia para los dominicanos, porque tiene la finalidad de crear casas de acogida y unidades de atenci\u00f3n en crisis para pacientes con trastornos mentales, entre otros servicios psiqui\u00e1tricos de vital relevancia.<\/p>\n\n\n\n<p>En ese sentido, el senador y especialista en salud destac\u00f3 las deficiencias de camas y especialistas en los hospitales, y puso como ejemplo que en el Hospital Padre Billini los pacientes deben esperar hasta dos meses para conseguir una cama, debido a la falta de espacio para ser hospitalizados.<\/p>\n\n\n\n<p>El tambi\u00e9n senador por la provincia Barahona enfatiz\u00f3 que esta es una preocupaci\u00f3n para el Congreso y que, como comisi\u00f3n, est\u00e1n trabajando este proyecto acompa\u00f1ados de los diferentes organismos de salud, con el fin de escuchar con detenimiento sus planteamientos y lograr una ley que favorezca a los dominicanos.<\/p>\n\n\n\n<p>Dentro de las reformas sugeridas, el proyecto contempla cambios en el art\u00edculo 2 de la Ley 12-06, que incluyen la integraci\u00f3n de la salud mental en la atenci\u00f3n primaria; la creaci\u00f3n de unidades de atenci\u00f3n en crisis en hospitales regionales; el establecimiento de un fondo especial para financiar programas de salud mental, as\u00ed como la prohibici\u00f3n de la discriminaci\u00f3n laboral y la protecci\u00f3n de la dignidad del paciente.<\/p>\n\n\n\n<p>Los trabajos de la comisi\u00f3n estuvieron encabezados por su presidente, Mois\u00e9s Ayala P\u00e9rez, junto a los senadores Odalis Rafael Rodr\u00edguez y Eduard Alexis Espiritusanto.<\/p>\n\n\n\n<p>Por: Adalgisa S\u00e1nchez<\/p>\n","protected":false},"excerpt":{"rendered":"<p>Santo Domingo. \u2013 La Comisi\u00f3n Especial que tiene a su cargo el an\u00e1lisis del proyecto de ley que modifica los art\u00edculos 1, 2, 4, 5, 25, 26 y 47 de la Ley 12-06 sobre Salud Mental acord\u00f3 extender una invitaci\u00f3n a los organismos de salud, como el Ministerio de Salud P\u00fablica, la Sociedad Dominicana de [&hellip;]<\/p>\n","protected":false},"author":7,"featured_media":647772,"comment_status":"closed","ping_status":"closed","sticky":false,"template":"","format":"standard","meta":{"footnotes":""},"categories":[36],"tags":[2359],"class_list":["post-647750","post","type-post","status-publish","format-standard","has-post-thumbnail","hentry","category-hombresmujeresycosas","tag-senado"],"_links":{"self":[{"href":"https:\/\/diariodominicano.com\/index.php?rest_route=\/wp\/v2\/posts\/647750","targetHints":{"allow":["GET"]}}],"collection":[{"href":"https:\/\/diariodominicano.com\/index.php?rest_route=\/wp\/v2\/posts"}],"about":[{"href":"https:\/\/diariodominicano.com\/index.php?rest_route=\/wp\/v2\/types\/post"}],"author":[{"embeddable":true,"href":"https:\/\/diariodominicano.com\/index.php?rest_route=\/wp\/v2\/users\/7"}],"replies":[{"embeddable":true,"href":"https:\/\/diariodominicano.com\/index.php?rest_route=%2Fwp%2Fv2%2Fcomments&post=647750"}],"version-history":[{"count":1,"href":"https:\/\/diariodominicano.com\/index.php?rest_route=\/wp\/v2\/posts\/647750\/revisions"}],"predecessor-version":[{"id":647774,"href":"https:\/\/diariodominicano.com\/index.php?rest_route=\/wp\/v2\/posts\/647750\/revisions\/647774"}],"wp:featuredmedia":[{"embeddable":true,"href":"https:\/\/diariodominicano.com\/index.php?rest_route=\/wp\/v2\/media\/647772"}],"wp:attachment":[{"href":"https:\/\/diariodominicano.com\/index.php?rest_route=%2Fwp%2Fv2%2Fmedia&parent=647750"}],"wp:term":[{"taxonomy":"category","embeddable":true,"href":"https:\/\/diariodominicano.com\/index.php?rest_route=%2Fwp%2Fv2%2Fcategories&post=647750"},{"taxonomy":"post_tag","embeddable":true,"href":"https:\/\/diariodominicano.com\/index.php?rest_route=%2Fwp%2Fv2%2Ftags&post=647750"}],"curies":[{"name":"wp","href":"https:\/\/api.w.org\/{rel}","templated":true}]}}