{"id":647713,"date":"2025-11-06T13:44:42","date_gmt":"2025-11-06T17:44:42","guid":{"rendered":"https:\/\/diariodominicano.com\/?p=647713"},"modified":"2025-11-06T13:44:51","modified_gmt":"2025-11-06T17:44:51","slug":"el-presidente-abinader-autoriza-aportes-estatales-por-rd-12000-millones-para-asistir-a-afectados-por-tormenta-melissa","status":"publish","type":"post","link":"https:\/\/diariodominicano.com\/?p=647713","title":{"rendered":"El Presidente Abinader autoriza aportes estatales por RD 12,000 millones para asistir a afectados por tormenta Melissa"},"content":{"rendered":"\n<h3 class=\"wp-block-heading\">Gobierno aportar\u00e1 m\u00e1s de RD 2,000,000,000 al Banco Agr\u00edcola para ir en auxilio de los agricultores y recursos especiales a los ayuntamientos, mientras implementa plan de medidas para reactivar la econom\u00eda y restaurar infraes<\/h3>\n\n\n\n<p>5 de Noviembre 2025 | 20:11<\/p>\n\n\n\n<figure class=\"wp-block-image\"><img decoding=\"async\" src=\"https:\/\/platform-cdn.sharethis.com\/img\/sharethis.svg\" alt=\"sharethis sharing button\"\/><\/figure>\n\n\n\n<p>Santo Domingo, RD.-\u00a0<strong>El presidente Luis Abinader<\/strong>\u00a0anunci\u00f3 que el Gobierno destinar\u00e1\u00a0<strong>RD 12,000 millones<\/strong>\u00a0para brindar\u00a0<strong>asistencia<\/strong>\u00a0a comunidades, productores agr\u00edcolas, comerciantes y dem\u00e1s afectados por el paso de la\u00a0<strong>tormenta Melissa<\/strong>\u00a0el pasado mes de octubre.<\/p>\n\n\n\n<p>Al culminar una reuni\u00f3n de seguimiento junto con la vicepresidenta&nbsp;<strong>Raquel Pe\u00f1a<\/strong>,&nbsp;<strong>ministros, directores y alcaldes<\/strong>, el jefe de Estado indic\u00f3 que estas medidas tienen, adem\u00e1s, el objetivo de reactivar&nbsp;<strong>la econom\u00eda<\/strong>&nbsp;y restaurar&nbsp;<strong>infraestructuras impactadas<\/strong>, cumpliendo con el compromiso de atender de manera oportuna y eficiente a cada uno de los afectados.<\/p>\n\n\n\n<p>De manera detallada, el presidente inform\u00f3 que dispuso una inyecci\u00f3n de&nbsp;<strong>RD 2,000,000,000 al Banco Agr\u00edcola<\/strong>&nbsp;para otorgar facilidades de financiamiento a los&nbsp;<strong>productores afectados<\/strong>, garantizando la continuidad de sus operaciones. Tambi\u00e9n se brindar\u00e1n ayudas directas a productores agr\u00edcolas que sufrieron p\u00e9rdidas.<\/p>\n\n\n\n<figure class=\"wp-block-image\"><img decoding=\"async\" src=\"https:\/\/presidencia.gob.do\/sites\/default\/files\/inline-images\/1000938937.jpg\" alt=\"\"\/><\/figure>\n\n\n\n<p>Mientras, el&nbsp;<strong>Ministerio de Agricultura<\/strong>&nbsp;asumir\u00e1 la reparaci\u00f3n y acondicionamiento de los&nbsp;<strong>caminos vecinales<\/strong>, vitales para la movilidad rural y la cadena productiva.<\/p>\n\n\n\n<p>Otros&nbsp;<strong>RD 1,500,000,000<\/strong>&nbsp;se aportar\u00e1n a&nbsp;<strong>Promipymes<\/strong>&nbsp;para para que puedan aumentar los peque\u00f1os cr\u00e9ditos y brindar apoyo a&nbsp;<strong>peque\u00f1os comerciantes y microempresarios<\/strong>&nbsp;afectados.<\/p>\n\n\n\n<p><strong>Aportes especiales<\/strong><\/p>\n\n\n\n<p>De igual forma, el Gobierno central distribuir\u00e1 aportes especiales, no reembolsables, a aquellos&nbsp;<strong>ayuntamientos<\/strong>&nbsp;ubicados en las&nbsp;<strong>provincias<\/strong>&nbsp;que se mantuvieron en&nbsp;<strong>alerta roja<\/strong>&nbsp;durante el paso de la tormenta, para acelerar la respuesta de ayuda local. Esta colaboraci\u00f3n se ha entregado tambi\u00e9n tras eventos atmosf\u00e9ricos anteriores.<\/p>\n\n\n\n<p>Estos aportes ser\u00e1n destinados, igualmente, para la aceleraci\u00f3n del&nbsp;<strong>saneamiento de ca\u00f1adas<\/strong>, por parte de la&nbsp;<strong>Caasd e Inapa<\/strong>, con especial \u00e9nfasis en aquellas que representan un mayor peligro para la seguridad de las comunidades.<\/p>\n\n\n\n<p><strong>M\u00e1s ayudas<\/strong><\/p>\n\n\n\n<figure class=\"wp-block-image\"><img decoding=\"async\" src=\"https:\/\/presidencia.gob.do\/sites\/default\/files\/inline-images\/1000938936.jpg\" alt=\"\"\/><\/figure>\n\n\n\n<p>El&nbsp;<strong>Ministerio de Obras P\u00fablicas<\/strong>&nbsp;retomar\u00e1 el programa de&nbsp;<strong>asfaltado de calles<\/strong>&nbsp;a partir de este viernes y el&nbsp;<strong>Ministerio de Educaci\u00f3n<\/strong>&nbsp;eval\u00faa la implementaci\u00f3n de un plan para la&nbsp;<strong>recuperaci\u00f3n de las horas de docencia perdidas.<\/strong><\/p>\n\n\n\n<p>En cuanto al&nbsp;<strong>sector de salud, el presidente Abinader<\/strong>&nbsp;asegur\u00f3 que las autoridades correspondientes han tomado las previsiones necesarias para&nbsp;<strong>prevenir y atender enfermedades t\u00edpicas que surgen tras el paso de las tormentas.<\/strong><\/p>\n\n\n\n<p><strong>Disminuci\u00f3n de las lluvias<\/strong><\/p>\n\n\n\n<p>Sobre el pron\u00f3stico del tiempo, la directora del\u00a0<strong>Indomet, Gloria Ceballos<\/strong>, dijo que se esperan\u00a0<strong>lluvias espor\u00e1dicas<\/strong>\u00a0que no generar\u00e1n grandes acumulados. No obstante, advierte un aumento en las precipitaciones a partir de la\u00a0<strong>pr\u00f3xima semana<\/strong>\u00a0producto de una\u00a0<strong>vaguada<\/strong>.<\/p>\n\n\n\n<p>Con informaci\u00f3n de la Presidencia de la Rep\u00fablica.<\/p>\n","protected":false},"excerpt":{"rendered":"<p>Gobierno aportar\u00e1 m\u00e1s de RD 2,000,000,000 al Banco Agr\u00edcola para ir en auxilio de los agricultores y recursos especiales a los ayuntamientos, mientras implementa plan de medidas para reactivar la econom\u00eda y restaurar infraes 5 de Noviembre 2025 | 20:11 Santo Domingo, RD.-\u00a0El presidente Luis Abinader\u00a0anunci\u00f3 que el Gobierno destinar\u00e1\u00a0RD 12,000 millones\u00a0para brindar\u00a0asistencia\u00a0a comunidades, productores [&hellip;]<\/p>\n","protected":false},"author":2,"featured_media":647714,"comment_status":"closed","ping_status":"closed","sticky":true,"template":"","format":"standard","meta":{"footnotes":""},"categories":[20,27],"tags":[],"class_list":["post-647713","post","type-post","status-publish","format-standard","has-post-thumbnail","hentry","category-dominicana-hoy","category-portada"],"_links":{"self":[{"href":"https:\/\/diariodominicano.com\/index.php?rest_route=\/wp\/v2\/posts\/647713","targetHints":{"allow":["GET"]}}],"collection":[{"href":"https:\/\/diariodominicano.com\/index.php?rest_route=\/wp\/v2\/posts"}],"about":[{"href":"https:\/\/diariodominicano.com\/index.php?rest_route=\/wp\/v2\/types\/post"}],"author":[{"embeddable":true,"href":"https:\/\/diariodominicano.com\/index.php?rest_route=\/wp\/v2\/users\/2"}],"replies":[{"embeddable":true,"href":"https:\/\/diariodominicano.com\/index.php?rest_route=%2Fwp%2Fv2%2Fcomments&post=647713"}],"version-history":[{"count":1,"href":"https:\/\/diariodominicano.com\/index.php?rest_route=\/wp\/v2\/posts\/647713\/revisions"}],"predecessor-version":[{"id":647715,"href":"https:\/\/diariodominicano.com\/index.php?rest_route=\/wp\/v2\/posts\/647713\/revisions\/647715"}],"wp:featuredmedia":[{"embeddable":true,"href":"https:\/\/diariodominicano.com\/index.php?rest_route=\/wp\/v2\/media\/647714"}],"wp:attachment":[{"href":"https:\/\/diariodominicano.com\/index.php?rest_route=%2Fwp%2Fv2%2Fmedia&parent=647713"}],"wp:term":[{"taxonomy":"category","embeddable":true,"href":"https:\/\/diariodominicano.com\/index.php?rest_route=%2Fwp%2Fv2%2Fcategories&post=647713"},{"taxonomy":"post_tag","embeddable":true,"href":"https:\/\/diariodominicano.com\/index.php?rest_route=%2Fwp%2Fv2%2Ftags&post=647713"}],"curies":[{"name":"wp","href":"https:\/\/api.w.org\/{rel}","templated":true}]}}