{"id":647693,"date":"2025-11-06T13:25:34","date_gmt":"2025-11-06T17:25:34","guid":{"rendered":"https:\/\/diariodominicano.com\/?p=647693"},"modified":"2025-11-06T13:25:44","modified_gmt":"2025-11-06T17:25:44","slug":"tati-guzman-ex-directora-de-senasa-las-auditorias-hay-que-verlas-con-pinzas","status":"publish","type":"post","link":"https:\/\/diariodominicano.com\/?p=647693","title":{"rendered":"Tati Guzm\u00e1n ex directora de SeNaSa: \u201cLas auditor\u00edas hay que verlas con pinzas\u201d"},"content":{"rendered":"\n<p><em>\u201cLas auditor\u00edas deben servir para corregir fallas, no para tergiversar los hechos\u201d, advirti\u00f3&nbsp;<strong>Altagracia Guzm\u00e1n Marcelino, exministra de Salud P\u00fablica y exdirectora de SeNaSa.<\/strong><\/em><strong><\/strong><\/p>\n\n\n\n<p><strong>La exdirectora del Seguro Nacional de Salud (SeNaSa) y miembro del Comit\u00e9 Central del Partido de la Liberaci\u00f3n Dominicana (PLD), Altagracia Guzm\u00e1n Marcelino,<\/strong>&nbsp;advirti\u00f3 que las recientes auditor\u00edas publicadas por la C\u00e1mara de Cuentas deben analizarse \u201ccon pinzas\u201d, ya que es necesario determinar si se est\u00e1n realizando con el verdadero esp\u00edritu de corregir falencias o con otros prop\u00f3sitos.<\/p>\n\n\n\n<p>La tambi\u00e9n exministra de Salud P\u00fablica record\u00f3 que durante su gesti\u00f3n al frente de SeNaSa (2010\u20132020) se cre\u00f3 la Direcci\u00f3n de Control y Fiscalizaci\u00f3n Interna, precisamente para detectar de manera preventiva cualquier anomal\u00eda en los procesos administrativos y financieros.<\/p>\n\n\n\n<p>Explic\u00f3 que incluso solicit\u00f3 una auditor\u00eda directamente a la entonces presidenta de la C\u00e1mara de Cuentas, Licelott Marte de Barrios, con el objetivo de identificar debilidades contables y fortalecer la transparencia institucional.<\/p>\n\n\n\n<p>\u201cYo ped\u00ed esa auditor\u00eda a Licelott Marte porque quer\u00eda saber en qu\u00e9 pod\u00edamos mejorar. Las auditor\u00edas son necesarias, pero deben hacerse para corregir, no para tergiversar\u201d, se\u00f1al\u00f3 la dirigente pelede\u00edsta durante una entrevista en el programa Despierta con CDN.<\/p>\n\n\n\n<p>La exfuncionaria aclar\u00f3 que la auditor\u00eda recientemente divulgada por la C\u00e1mara de Cuentas, que se\u00f1ala irregularidades por m\u00e1s de cuatro mil millones de pesos en SeNaSa, abarca el per\u00edodo 2014\u20132021, de los cuales solo dos a\u00f1os corresponden a su gesti\u00f3n.<\/p>\n\n\n\n<p>En tal sentido, asegur\u00f3 que en su momento se hicieron las observaciones pertinentes al primer borrador del informe, y enfatiz\u00f3 que los pagos realizados durante su administraci\u00f3n contaban con los debidos soportes t\u00e9cnicos y la supervisi\u00f3n de los auditores de la Contralor\u00eda General de la Rep\u00fablica.<\/p>\n\n\n\n<p>\u201cEra imposible que un pago se hiciera sin respaldo, porque la Contralor\u00eda no autorizaba desembolsos si no estaban completos los soportes. Hay que ver d\u00f3nde est\u00e1n esos documentos, porque nosotros los trasladamos a un archivo en Sabana Perdida para preservarlos\u201d, explic\u00f3.<\/p>\n\n\n\n<p>Guzm\u00e1n Marcelino lament\u00f3 que se atribuyan a su nombre cifras y responsabilidades que no corresponden a su per\u00edodo y calific\u00f3 de \u201cinconcebible\u201d que se distorsione informaci\u00f3n p\u00fablica de esa manera.<\/p>\n\n\n\n<p>Tambi\u00e9n destac\u00f3 que las auditor\u00edas deben aplicarse de forma peri\u00f3dica en cada gesti\u00f3n para garantizar la continuidad de los correctivos, no como herramientas de persecuci\u00f3n pol\u00edtica o manipulaci\u00f3n medi\u00e1tica.<\/p>\n\n\n\n<p>Respecto al v\u00ednculo con Chanel Rosa, quien tambi\u00e9n dirigi\u00f3 SeNaSa y ha sido mencionado en el contexto de las investigaciones, Guzm\u00e1n Marcelino fue clara: \u201cCuando Chanel era director de SeNaSa, yo era la ministra de Salud, y el consejo directivo que supervisa al SeNaSa lo presid\u00eda yo. As\u00ed que, lo que \u00e9l haya hecho o no, tambi\u00e9n me incluye. No me deslindo de eso\u201d.<\/p>\n\n\n\n<p>Finalmente, la exministra manifest\u00f3 que est\u00e1 dispuesta a responder formalmente si es citada por las autoridades. \u201cSi nos llaman, vamos. Nada humano me es ajeno\u201d, expres\u00f3, dejando entrever serenidad ante las investigaciones y confianza en la transparencia de su gesti\u00f3n.<\/p>\n\n\n\n<p><strong>SECRETAR\u00cdA DE COMUNICACIONES<\/strong><\/p>\n\n\n\n<p><strong>06 DE NOVIEMBRE, 2025.-<\/strong><\/p>\n\n\n\n<figure class=\"wp-block-table\"><table><tbody><tr><td><\/td><td><\/td><\/tr><\/tbody><\/table><\/figure>\n","protected":false},"excerpt":{"rendered":"<p>\u201cLas auditor\u00edas deben servir para corregir fallas, no para tergiversar los hechos\u201d, advirti\u00f3&nbsp;Altagracia Guzm\u00e1n Marcelino, exministra de Salud P\u00fablica y exdirectora de SeNaSa. La exdirectora del Seguro Nacional de Salud (SeNaSa) y miembro del Comit\u00e9 Central del Partido de la Liberaci\u00f3n Dominicana (PLD), Altagracia Guzm\u00e1n Marcelino,&nbsp;advirti\u00f3 que las recientes auditor\u00edas publicadas por la C\u00e1mara de [&hellip;]<\/p>\n","protected":false},"author":2,"featured_media":647694,"comment_status":"closed","ping_status":"closed","sticky":true,"template":"","format":"standard","meta":{"footnotes":""},"categories":[20,24,27],"tags":[],"class_list":["post-647693","post","type-post","status-publish","format-standard","has-post-thumbnail","hentry","category-dominicana-hoy","category-justicia-y-derecho","category-portada"],"_links":{"self":[{"href":"https:\/\/diariodominicano.com\/index.php?rest_route=\/wp\/v2\/posts\/647693","targetHints":{"allow":["GET"]}}],"collection":[{"href":"https:\/\/diariodominicano.com\/index.php?rest_route=\/wp\/v2\/posts"}],"about":[{"href":"https:\/\/diariodominicano.com\/index.php?rest_route=\/wp\/v2\/types\/post"}],"author":[{"embeddable":true,"href":"https:\/\/diariodominicano.com\/index.php?rest_route=\/wp\/v2\/users\/2"}],"replies":[{"embeddable":true,"href":"https:\/\/diariodominicano.com\/index.php?rest_route=%2Fwp%2Fv2%2Fcomments&post=647693"}],"version-history":[{"count":1,"href":"https:\/\/diariodominicano.com\/index.php?rest_route=\/wp\/v2\/posts\/647693\/revisions"}],"predecessor-version":[{"id":647695,"href":"https:\/\/diariodominicano.com\/index.php?rest_route=\/wp\/v2\/posts\/647693\/revisions\/647695"}],"wp:featuredmedia":[{"embeddable":true,"href":"https:\/\/diariodominicano.com\/index.php?rest_route=\/wp\/v2\/media\/647694"}],"wp:attachment":[{"href":"https:\/\/diariodominicano.com\/index.php?rest_route=%2Fwp%2Fv2%2Fmedia&parent=647693"}],"wp:term":[{"taxonomy":"category","embeddable":true,"href":"https:\/\/diariodominicano.com\/index.php?rest_route=%2Fwp%2Fv2%2Fcategories&post=647693"},{"taxonomy":"post_tag","embeddable":true,"href":"https:\/\/diariodominicano.com\/index.php?rest_route=%2Fwp%2Fv2%2Ftags&post=647693"}],"curies":[{"name":"wp","href":"https:\/\/api.w.org\/{rel}","templated":true}]}}