{"id":647672,"date":"2025-11-06T02:35:36","date_gmt":"2025-11-06T06:35:36","guid":{"rendered":"https:\/\/diariodominicano.com\/?p=647672"},"modified":"2025-11-06T02:35:38","modified_gmt":"2025-11-06T06:35:38","slug":"chile-sera-sede-de-primer-encuentro-de-la-red-de-orquestas-sinfonicas","status":"publish","type":"post","link":"https:\/\/diariodominicano.com\/?p=647672","title":{"rendered":"Chile ser\u00e1 sede de primer encuentro de la Red de Orquestas Sinf\u00f3nicas"},"content":{"rendered":"\n<p>Santiago de Chile, 6 nov (Prensa Latina) El primer encuentro de la Red Iberoamericana de Orquestas Sinf\u00f3nicas (RIOS) comienza hoy en Chile con la participaci\u00f3n de representantes de m\u00e1s de 70 agrupaciones de 16 pa\u00edses.<\/p>\n\n\n\n<ul class=\"wp-block-list\">\n<li><a href=\"https:\/\/www.prensa-latina.cu\/2025\/11\/06\/\"><time>noviembre 6, 2025 | 01:02<\/time><\/a><\/li>\n<\/ul>\n\n\n\n<ul class=\"wp-block-list\">\n<li><a href=\"https:\/\/www.prensa-latina.cu\/2025\/11\/06\/chile-sera-sede-de-primer-encuentro-de-la-red-de-orquestas-sinfonicas\/#\"><\/a><\/li>\n\n\n\n<li><a href=\"https:\/\/www.prensa-latina.cu\/2025\/11\/06\/chile-sera-sede-de-primer-encuentro-de-la-red-de-orquestas-sinfonicas\/#\"><\/a><\/li>\n\n\n\n<li><a href=\"https:\/\/www.prensa-latina.cu\/2025\/11\/06\/chile-sera-sede-de-primer-encuentro-de-la-red-de-orquestas-sinfonicas\/#\"><\/a><\/li>\n\n\n\n<li><a href=\"https:\/\/www.prensa-latina.cu\/2025\/11\/06\/chile-sera-sede-de-primer-encuentro-de-la-red-de-orquestas-sinfonicas\/#\"><\/a><\/li>\n<\/ul>\n\n\n\n<p>Abordar el presente y futuro de las orquestas en la regi\u00f3n, reflexionar sobre sus principales desaf\u00edos y oportunidades, compartir estrategias e idear soluciones en conjunto, son los objetivos de este evento, seg\u00fan lo anunci\u00f3 el director ejecutivo de RIOS, Francisco Varela.<\/p>\n\n\n\n<p>El encuentro, que se extender\u00e1 hasta el 8 de noviembre, tendr\u00e1 como sede la reci\u00e9n inaugurada Gran Sala Sinf\u00f3nica Nacional del complejo VM20 de la Universidad de Chile, considerada como uno de los m\u00e1s importantes escenarios culturales del pa\u00eds.<\/p>\n\n\n\n<p>Temas como El rol de las Orquestas en la formaci\u00f3n musical; La transformaci\u00f3n digital; Del canon a la creaci\u00f3n: tensiones en el arte vivo; y el Liderazgo femenino y transformaci\u00f3n en el campo orquestal, ser\u00e1n debatidos por los participantes.<\/p>\n\n\n\n<p>Figuras del mundo de la m\u00fasica, entre ellas Anselm Rose, director general de las Orquestas y Coros de Radio GmbH (Alemania); Simon Woods, presidente de la League of American Orchestras (Estados Unidos); e Igor Corcuera, director titular de la Orquesta Sinf\u00f3nica Nacional de Cuba, participar\u00e1n en los paneles.<\/p>\n\n\n\n<p>De acuerdo con los organizadores, el encuentro cerrar\u00e1 con el concierto \u201cResurrecci\u00f3n\u201d, donde ser\u00e1 interpretada la Sinfon\u00eda n\u00famero dos de Gustav Mahler.<\/p>\n\n\n\n<p>Para esta ocasi\u00f3n, el maestro invitado, Ira Levin, de Estados Unidos, dirigir\u00e1 a la Orquesta Sinf\u00f3nica Nacional y el Coro Sinf\u00f3nico de la Universidad de Chile.<\/p>\n\n\n\n<p>npg\/car<\/p>\n\n\n\n<ul class=\"wp-block-list\">\n<li>#<a href=\"https:\/\/www.prensa-latina.cu\/etiqueta\/chile-orquestas-sinfonicas\/\">Chile Orquestas Sinf\u00f3nicas<\/a><\/li>\n<\/ul>\n","protected":false},"excerpt":{"rendered":"<p>Santiago de Chile, 6 nov (Prensa Latina) El primer encuentro de la Red Iberoamericana de Orquestas Sinf\u00f3nicas (RIOS) comienza hoy en Chile con la participaci\u00f3n de representantes de m\u00e1s de 70 agrupaciones de 16 pa\u00edses. Abordar el presente y futuro de las orquestas en la regi\u00f3n, reflexionar sobre sus principales desaf\u00edos y oportunidades, compartir estrategias [&hellip;]<\/p>\n","protected":false},"author":2,"featured_media":647673,"comment_status":"closed","ping_status":"closed","sticky":false,"template":"","format":"standard","meta":{"footnotes":""},"categories":[21],"tags":[],"class_list":["post-647672","post","type-post","status-publish","format-standard","has-post-thumbnail","hentry","category-cultura"],"_links":{"self":[{"href":"https:\/\/diariodominicano.com\/index.php?rest_route=\/wp\/v2\/posts\/647672","targetHints":{"allow":["GET"]}}],"collection":[{"href":"https:\/\/diariodominicano.com\/index.php?rest_route=\/wp\/v2\/posts"}],"about":[{"href":"https:\/\/diariodominicano.com\/index.php?rest_route=\/wp\/v2\/types\/post"}],"author":[{"embeddable":true,"href":"https:\/\/diariodominicano.com\/index.php?rest_route=\/wp\/v2\/users\/2"}],"replies":[{"embeddable":true,"href":"https:\/\/diariodominicano.com\/index.php?rest_route=%2Fwp%2Fv2%2Fcomments&post=647672"}],"version-history":[{"count":1,"href":"https:\/\/diariodominicano.com\/index.php?rest_route=\/wp\/v2\/posts\/647672\/revisions"}],"predecessor-version":[{"id":647674,"href":"https:\/\/diariodominicano.com\/index.php?rest_route=\/wp\/v2\/posts\/647672\/revisions\/647674"}],"wp:featuredmedia":[{"embeddable":true,"href":"https:\/\/diariodominicano.com\/index.php?rest_route=\/wp\/v2\/media\/647673"}],"wp:attachment":[{"href":"https:\/\/diariodominicano.com\/index.php?rest_route=%2Fwp%2Fv2%2Fmedia&parent=647672"}],"wp:term":[{"taxonomy":"category","embeddable":true,"href":"https:\/\/diariodominicano.com\/index.php?rest_route=%2Fwp%2Fv2%2Fcategories&post=647672"},{"taxonomy":"post_tag","embeddable":true,"href":"https:\/\/diariodominicano.com\/index.php?rest_route=%2Fwp%2Fv2%2Ftags&post=647672"}],"curies":[{"name":"wp","href":"https:\/\/api.w.org\/{rel}","templated":true}]}}