{"id":647569,"date":"2025-11-05T09:55:13","date_gmt":"2025-11-05T13:55:13","guid":{"rendered":"https:\/\/diariodominicano.com\/?p=647569"},"modified":"2025-11-05T13:41:27","modified_gmt":"2025-11-05T17:41:27","slug":"muy-juiciosa-la-posposicion-de-la-cumbre-de-las-americas","status":"publish","type":"post","link":"https:\/\/diariodominicano.com\/?p=647569","title":{"rendered":"Muy juiciosa la posposici\u00f3n de la Cumbre de las Am\u00e9ricas"},"content":{"rendered":"\n<h3 class=\"wp-block-heading\">&nbsp;<\/h3>\n\n\n\n<p><strong>Una decisi\u00f3n oportuna en medio de la emergencia nacional provocada por la tormenta Melissa<\/strong><\/p>\n\n\n\n<p><strong>Por Roberto Valenzuela<\/strong><\/p>\n\n\n\n<p>La decisi\u00f3n de posponer la Cumbre de las Am\u00e9ricas en la Rep\u00fablica Dominicana ha sido, sin duda, una medida prudente y sensata. No resultaba apropiado celebrar un evento de tal magnitud mientras el pa\u00eds enfrenta una emergencia nacional que demanda la concentraci\u00f3n total de sus recursos log\u00edsticos, humanos y econ\u00f3micos para atender los da\u00f1os y la desolaci\u00f3n provocados por la tormenta Melissa.<\/p>\n\n\n\n<p>Hablar de este tema me resulta natural y apasionante. Como reportero, he tenido la oportunidad de cubrir eventos internacionales de este tipo, entre ellos la VI Cumbre de las Am\u00e9ricas, celebrada en Cartagena de Indias, Colombia (2012), donde una delegaci\u00f3n de periodistas acompa\u00f1amos al entonces presidente&nbsp;<strong>Leonel Fern\u00e1ndez<\/strong>.<\/p>\n\n\n\n<p>Asimismo, he participado en encuentros diplom\u00e1ticos realizados en territorio dominicano, como aquel (2008) en que el pa\u00eds sirvi\u00f3 de sede para buscar un punto de entendimiento en la crisis regional entre los presidentes&nbsp;<strong>Hugo Ch\u00e1vez<\/strong>&nbsp;(Venezuela),&nbsp;<strong>\u00c1lvaro Uribe V\u00e9lez<\/strong>&nbsp;(Colombia) y&nbsp;<strong>Rafael Correa<\/strong>&nbsp;(Ecuador).<\/p>\n\n\n\n<p>Nadie discute la importancia y los beneficios pol\u00edticos y diplom\u00e1ticos que conlleva organizar una cumbre internacional. Sin embargo, siempre me ha preocupado el alto costo que representan para pa\u00edses en v\u00edas de desarrollo como el nuestro. Estos eventos demandan una inversi\u00f3n millonaria en log\u00edstica, transporte para los dignatarios y sus delegaciones, hospedaje en hoteles de lujo, seguridad y otros gastos colaterales.<\/p>\n\n\n\n<p>Por ello, resulta indiscutible que la posposici\u00f3n de la Cumbre de las Am\u00e9ricas fue una decisi\u00f3n acertada. Dadas las circunstancias actuales, el pa\u00eds no estaba en condiciones de destinar cuantiosos recursos a un evento protocolar, cuando la prioridad nacional es reconstruir y asistir a las comunidades afectadas por el paso devastador de la tormenta.<\/p>\n\n\n\n<p>La Rep\u00fablica Dominicana ha sido severamente golpeada por Melissa, un fen\u00f3meno que, seg\u00fan los registros hist\u00f3ricos, ha provocado las lluvias m\u00e1s intensas de las \u00faltimas d\u00e9cadas. Durante y despu\u00e9s del desastre, el presidente&nbsp;<strong>Luis Abinader<\/strong>&nbsp;asumi\u00f3 personalmente la supervisi\u00f3n de las zonas m\u00e1s afectadas, recorriendo comunidades bajo la lluvia, con los zapatos enlodados y, en muchas ocasiones, metido en charcos de agua, coordinando en el terreno las acciones de emergencia y prevenci\u00f3n.<\/p>\n\n\n\n<p>En medio de ese escenario, resulta evidente que un mandatario no puede, al mismo tiempo, atender los clamores de un pueblo que grita por auxilio y ejercer el papel de anfitri\u00f3n de una cumbre continental. O se dedica a salvar vidas y reconstruir el pa\u00eds, o se entrega a la diplomacia ceremonial. El presidente Abinader eligi\u00f3 lo correcto: estar del lado de su pueblo en medio del desastre.<\/p>\n\n\n\n<p>Adem\u00e1s, el Gobierno declar\u00f3 el&nbsp;<strong>estado de emergencia nacional<\/strong>&nbsp;para agilizar los procesos de adquisici\u00f3n de bienes y servicios mediante la Ley de Compras y Contrataciones P\u00fablicas, con el prop\u00f3sito de atender los da\u00f1os en sectores cr\u00edticos como la agricultura, la infraestructura vial, la vivienda y la salud. Tras un fen\u00f3meno de esta magnitud, surgen inevitables riesgos sanitarios, entre ellos enfermedades contagiosas, que requieren atenci\u00f3n inmediata.<\/p>\n\n\n\n<p>Cabe recordar que incluso otras naciones invitadas al evento, como&nbsp;<strong>Hait\u00ed<\/strong>&nbsp;y&nbsp;<strong>Jamaica<\/strong>, tambi\u00e9n fueron duramente afectadas por la tormenta, lo que refuerza la pertinencia de la decisi\u00f3n.<\/p>\n\n\n\n<p>En conclusi\u00f3n, la postergaci\u00f3n de la Cumbre de las Am\u00e9ricas no solo fue un acto de prudencia pol\u00edtica, sino tambi\u00e9n una muestra de sensibilidad, coherencia y responsabilidad gubernamental ante una tragedia que demanda toda la atenci\u00f3n del Estado y de la sociedad dominicana.<\/p>\n\n\n\n<p><\/p>\n","protected":false},"excerpt":{"rendered":"<p>&nbsp; Una decisi\u00f3n oportuna en medio de la emergencia nacional provocada por la tormenta Melissa Por Roberto Valenzuela La decisi\u00f3n de posponer la Cumbre de las Am\u00e9ricas en la Rep\u00fablica Dominicana ha sido, sin duda, una medida prudente y sensata. No resultaba apropiado celebrar un evento de tal magnitud mientras el pa\u00eds enfrenta una emergencia [&hellip;]<\/p>\n","protected":false},"author":2,"featured_media":288454,"comment_status":"closed","ping_status":"closed","sticky":false,"template":"","format":"standard","meta":{"footnotes":""},"categories":[19,16],"tags":[],"class_list":["post-647569","post","type-post","status-publish","format-standard","has-post-thumbnail","hentry","category-mi-voz","category-opiniones"],"_links":{"self":[{"href":"https:\/\/diariodominicano.com\/index.php?rest_route=\/wp\/v2\/posts\/647569","targetHints":{"allow":["GET"]}}],"collection":[{"href":"https:\/\/diariodominicano.com\/index.php?rest_route=\/wp\/v2\/posts"}],"about":[{"href":"https:\/\/diariodominicano.com\/index.php?rest_route=\/wp\/v2\/types\/post"}],"author":[{"embeddable":true,"href":"https:\/\/diariodominicano.com\/index.php?rest_route=\/wp\/v2\/users\/2"}],"replies":[{"embeddable":true,"href":"https:\/\/diariodominicano.com\/index.php?rest_route=%2Fwp%2Fv2%2Fcomments&post=647569"}],"version-history":[{"count":1,"href":"https:\/\/diariodominicano.com\/index.php?rest_route=\/wp\/v2\/posts\/647569\/revisions"}],"predecessor-version":[{"id":647570,"href":"https:\/\/diariodominicano.com\/index.php?rest_route=\/wp\/v2\/posts\/647569\/revisions\/647570"}],"wp:featuredmedia":[{"embeddable":true,"href":"https:\/\/diariodominicano.com\/index.php?rest_route=\/wp\/v2\/media\/288454"}],"wp:attachment":[{"href":"https:\/\/diariodominicano.com\/index.php?rest_route=%2Fwp%2Fv2%2Fmedia&parent=647569"}],"wp:term":[{"taxonomy":"category","embeddable":true,"href":"https:\/\/diariodominicano.com\/index.php?rest_route=%2Fwp%2Fv2%2Fcategories&post=647569"},{"taxonomy":"post_tag","embeddable":true,"href":"https:\/\/diariodominicano.com\/index.php?rest_route=%2Fwp%2Fv2%2Ftags&post=647569"}],"curies":[{"name":"wp","href":"https:\/\/api.w.org\/{rel}","templated":true}]}}