{"id":647550,"date":"2025-11-05T02:42:17","date_gmt":"2025-11-05T06:42:17","guid":{"rendered":"https:\/\/diariodominicano.com\/?p=647550"},"modified":"2025-11-05T02:45:01","modified_gmt":"2025-11-05T06:45:01","slug":"el-presidente-abinader-observa-la-ley-de-gestion-de-residuos-solidos","status":"publish","type":"post","link":"https:\/\/diariodominicano.com\/?p=647550","title":{"rendered":"Mandatario observa la ley de\u00a0gesti\u00f3n de residuos s\u00f3lidos"},"content":{"rendered":"\n<p>Incluye desmonte al uso de foam en la Rep\u00fablica Dominicana<\/p>\n\n\n\n<p>4 de Noviembre 2025 | 20:25<\/p>\n\n\n\n<p>Santo Domingo, RD.- El\u00a0<strong>presidente de la Rep\u00fablica, Luis Abinader<\/strong>, observ\u00f3 la ley sobre\u00a0<strong>gesti\u00f3n de residuos s\u00f3lidos,<\/strong>\u00a0aprobada recientemente por el\u00a0<strong>Congreso Nacional,<\/strong>\u00a0con el objetivo de crear el equilibrio que garantice la libre empresa y priorice el cuidado del\u00a0<strong>medio ambiente y los recursos naturales.<\/strong><\/p>\n\n\n\n<p>En las modificaciones, se establece un&nbsp;<strong>plazo de 12 meses<\/strong>&nbsp;para los desmontes de&nbsp;<strong>pl\u00e1sticos de un solo uso y de foam,<\/strong>&nbsp;como lo contempla la ley, con excepci\u00f3n de los platos con tapas integradas en un solo cuerpo para comida conocidos popularmente como \u201claptop\u201d y las bandejas, por no tener sustitutos que compitan econ\u00f3micamente, por lo que se le extendi\u00f3 un&nbsp;<strong>plazo de 24 meses.<\/strong><\/p>\n\n\n\n<p>De igual manera, se determin\u00f3 un plazo de 12 meses para iniciar el&nbsp;<strong>cobro de fundas pl\u00e1sticas<\/strong>&nbsp;que no sean&nbsp;<strong>biodegradables<\/strong>&nbsp;en los establecimientos comerciales.&nbsp;<\/p>\n\n\n\n<p>Durante ese plazo, los establecimientos deben realizar&nbsp;<strong>campa\u00f1as de sensibilizaci\u00f3n<\/strong>&nbsp;para sustituir el uso por bolsas reusables o ecoamistosas.<\/p>\n\n\n\n<p>Adem\u00e1s, proh\u00edbe la importaci\u00f3n de&nbsp;<strong>calimetes, tenedores, cuchillos, cucharas, tapas pl\u00e1sticas,<\/strong>&nbsp;y cualquier otro producto que no sea biodegradable, luego de&nbsp;<strong>60 d\u00edas<\/strong>&nbsp;de la promulgaci\u00f3n de la presente ley.<\/p>\n\n\n\n<p>En una comunicaci\u00f3n enviada al presidente del Senado de la Rep\u00fablica,&nbsp;<strong>Ricardo de los Santos,<\/strong>&nbsp;el&nbsp;<strong>presidente Luis Abinader&nbsp;<\/strong>explica que las observaciones se sustentaron, entre otros aspectos, en cuestiones atinentes al&nbsp;<strong>cuidado del medioambiente<\/strong>, la protecci\u00f3n de la&nbsp;<strong>libre competencia<\/strong>, el rechazo a las pr\u00e1cticas monop\u00f3licas y el impulso hacia&nbsp;<strong>pr\u00e1cticas industriales sostenibles<\/strong>.<\/p>\n\n\n\n<p>La misiva, enviada en fecha 3 de noviembre en curso, del presidente de la Rep\u00fablica al Senado de la Rep\u00fablica, se refiere&nbsp; a las&nbsp;<strong>modificaciones realizadas&nbsp; por el Congreso Nacional<\/strong>&nbsp;a la Ley<strong>&nbsp;n\u00fam. 225-20,<\/strong>&nbsp;sobre la gesti\u00f3n de residuos s\u00f3lidos.<\/p>\n\n\n\n<p>Afirma adem\u00e1s, que&nbsp;<strong>valora el esfuerzo realizado por los legisladores<\/strong>&nbsp;de ambas C\u00e1maras e igualmente respalda su observaci\u00f3n en la protecci\u00f3n de la libre competencia, el rechazo a las pr\u00e1cticas monop\u00f3licas y el impulso hacia pr\u00e1cticas industriales sostenibles.<\/p>\n\n\n\n<p>Entre las modificaciones sugeridas por el presidente, se destaca la&nbsp;<strong>reformulaci\u00f3n de los criterios&nbsp;<\/strong>para el establecimiento de las estaciones de transferencia, los&nbsp;<strong>rellenos sanitarios<\/strong>&nbsp;y las plantas de valorizaci\u00f3n, de tal suerte que estas no queden limitadas por&nbsp;<strong>criterios regionales<\/strong>, sino que se habiliten siempre que se observen determinadas distancias, seg\u00fan cada caso.&nbsp;<\/p>\n\n\n\n<p>Del mismo modo, que se modifican algunas definiciones y conceptos claves para la implementaci\u00f3n de dicha ley.&nbsp;<\/p>\n\n\n\n<p>Otra modificaci\u00f3n destacable tiene que ver con la&nbsp;<strong>autonom\u00eda municipal<\/strong>, puesto que, a juicio del&nbsp;<strong>Poder Ejecutivo<\/strong>, se transgred\u00eda esta al restringir competencias constitucionales de las autoridades municipales en torno al&nbsp;<strong>uso de suelo.<\/strong><\/p>\n\n\n\n<p>Otros aspectos relevantes en las observaciones ata\u00f1en al&nbsp;<strong>plazo m\u00ednimo<\/strong>&nbsp;de los contratos de operaci\u00f3n entre el&nbsp;<strong>Fideicomiso DO Sostenible<\/strong>&nbsp;y los gestores autorizados, reduciendo el&nbsp;<strong>plazo m\u00ednimo de duraci\u00f3n y de renovaci\u00f3n,<\/strong>&nbsp;en atenci\u00f3n a las normas nacionales e internacionales sobre competencia econ\u00f3mica.&nbsp;<\/p>\n\n\n\n<p>Tambi\u00e9n es resaltable que en sus observaciones, el presidente mantiene la&nbsp;<strong>tarifa base<\/strong>&nbsp;del pago a los gestores privados, sin un aumento exacerbado en la ley, pero permitiendo al fideicomiso la determinaci\u00f3n anual de la tarifa mediante una f\u00f3rmula que considere los costos operativos, los&nbsp;<strong>m\u00e1rgenes de beneficio<\/strong>&nbsp;de cada estructura, la&nbsp;<strong>tasa de inflaci\u00f3n y devaluaci\u00f3n<\/strong>&nbsp;establecida por el fideicomiso anualmente, as\u00ed como los costos de transporte de los residuos s\u00f3lidos.<\/p>\n\n\n\n<p>Finalmente, las observaciones presidenciales abordan con ah\u00ednco la regulaci\u00f3n de los&nbsp;<strong>productos fabricados en pl\u00e1stico y foam,<\/strong>&nbsp;reduciendo significativamente los plazos para medidas impostergables en la materia, tales como la incorporaci\u00f3n de los productores a programas de responsabilidad extendida, la&nbsp;<strong>reducci\u00f3n del uso de fundas pl\u00e1sticas<\/strong>&nbsp;en establecimientos comerciales, la implementaci\u00f3n de programas de retorno de envases, entre otros.<\/p>\n\n\n\n<p>Ahora que el Senado ha recibido las observaciones, conforme a lo dispuesto por el&nbsp;<strong>art\u00edculo 102 de la Constituci\u00f3n de la Rep\u00fablica<\/strong>, este \u00f3rgano legislativo las har\u00e1 consignar en el orden del d\u00eda de la pr\u00f3xima sesi\u00f3n y discutir\u00e1 de nuevo la ley en \u00fanica lectura. Si despu\u00e9s de esta discusi\u00f3n, las dos terceras partes de los miembros presentes de dicha C\u00e1mara la aprobaran de nuevo,&nbsp;<strong>ser\u00e1 remitida a la otra C\u00e1mara,<\/strong>&nbsp;y si \u00e9sta la aprobare por igual mayor\u00eda,&nbsp;<strong>se considerar\u00e1 definitivamente ley<\/strong>&nbsp;y se promulgar\u00e1 y publicar\u00e1 en los plazos establecidos en el&nbsp;<strong>art\u00edculo 101 de la Constituci\u00f3n.<\/strong>&nbsp;<\/p>\n\n\n\n<p>Con informaci\u00f3n de la Presidencia de la Rep\u00fablica Dominicana.<\/p>\n","protected":false},"excerpt":{"rendered":"<p>Incluye desmonte al uso de foam en la Rep\u00fablica Dominicana 4 de Noviembre 2025 | 20:25 Santo Domingo, RD.- El\u00a0presidente de la Rep\u00fablica, Luis Abinader, observ\u00f3 la ley sobre\u00a0gesti\u00f3n de residuos s\u00f3lidos,\u00a0aprobada recientemente por el\u00a0Congreso Nacional,\u00a0con el objetivo de crear el equilibrio que garantice la libre empresa y priorice el cuidado del\u00a0medio ambiente y los [&hellip;]<\/p>\n","protected":false},"author":2,"featured_media":627376,"comment_status":"closed","ping_status":"closed","sticky":false,"template":"","format":"standard","meta":{"footnotes":""},"categories":[20,18],"tags":[],"class_list":["post-647550","post","type-post","status-publish","format-standard","has-post-thumbnail","hentry","category-dominicana-hoy","category-economia"],"_links":{"self":[{"href":"https:\/\/diariodominicano.com\/index.php?rest_route=\/wp\/v2\/posts\/647550","targetHints":{"allow":["GET"]}}],"collection":[{"href":"https:\/\/diariodominicano.com\/index.php?rest_route=\/wp\/v2\/posts"}],"about":[{"href":"https:\/\/diariodominicano.com\/index.php?rest_route=\/wp\/v2\/types\/post"}],"author":[{"embeddable":true,"href":"https:\/\/diariodominicano.com\/index.php?rest_route=\/wp\/v2\/users\/2"}],"replies":[{"embeddable":true,"href":"https:\/\/diariodominicano.com\/index.php?rest_route=%2Fwp%2Fv2%2Fcomments&post=647550"}],"version-history":[{"count":3,"href":"https:\/\/diariodominicano.com\/index.php?rest_route=\/wp\/v2\/posts\/647550\/revisions"}],"predecessor-version":[{"id":647553,"href":"https:\/\/diariodominicano.com\/index.php?rest_route=\/wp\/v2\/posts\/647550\/revisions\/647553"}],"wp:featuredmedia":[{"embeddable":true,"href":"https:\/\/diariodominicano.com\/index.php?rest_route=\/wp\/v2\/media\/627376"}],"wp:attachment":[{"href":"https:\/\/diariodominicano.com\/index.php?rest_route=%2Fwp%2Fv2%2Fmedia&parent=647550"}],"wp:term":[{"taxonomy":"category","embeddable":true,"href":"https:\/\/diariodominicano.com\/index.php?rest_route=%2Fwp%2Fv2%2Fcategories&post=647550"},{"taxonomy":"post_tag","embeddable":true,"href":"https:\/\/diariodominicano.com\/index.php?rest_route=%2Fwp%2Fv2%2Ftags&post=647550"}],"curies":[{"name":"wp","href":"https:\/\/api.w.org\/{rel}","templated":true}]}}