{"id":647544,"date":"2025-11-05T02:30:55","date_gmt":"2025-11-05T06:30:55","guid":{"rendered":"https:\/\/diariodominicano.com\/?p=647544"},"modified":"2025-11-05T02:32:51","modified_gmt":"2025-11-05T06:32:51","slug":"el-presidente-luis-abinader-participa-el-martes-en-la-apertura-del-52-o-seminario-internacional-sobre-presupuesto-publico","status":"publish","type":"post","link":"https:\/\/diariodominicano.com\/?p=647544","title":{"rendered":"El presidente Luis Abinader\u00a0participa  en la apertura del\u00a052.\u00ba Seminario Internacional sobre Presupuesto P\u00fablico"},"content":{"rendered":"\n<h3 class=\"wp-block-heading\">Aborda temas vinculados al crecimiento econ\u00f3mico en Am\u00e9rica Latina y el Caribe. Un escenario propicio para promover la\u00a0<strong>transparencia y eficacia<\/strong>\u00a0del gasto p\u00fablico, llevando cada vez m\u00e1s bienestar a la ciudadan\u00eda, recalc\u00f3 el mandatario.<\/h3>\n\n\n\n<p>4 de Noviembre 2025 | 21:01<\/p>\n\n\n\n<p>Santo Domingo, RD.-\u00a0<strong>El presidente Luis Abinader<\/strong>\u00a0particip\u00f3 el martes en la apertura del\u00a0<strong>52.\u00ba Seminario Internacional sobre Presupuesto P\u00fablico,<\/strong>\u00a0que aborda temas como la sostenibilidad fiscal, la estabilidad macroecon\u00f3mica, el crecimiento econ\u00f3mico y la distribuci\u00f3n del ingreso en\u00a0<strong>Am\u00e9rica Latina y el Caribe.<\/strong><\/p>\n\n\n\n<p>Se trata de un escenario propicio para promover la&nbsp;<strong>transparencia y eficacia<\/strong>&nbsp;del gasto p\u00fablico, llevando cada vez m\u00e1s bienestar a la ciudadan\u00eda, recalc\u00f3 el mandatario.<\/p>\n\n\n\n<p>Para esto, consider\u00f3 fundamental la presentaci\u00f3n y discusi\u00f3n de&nbsp;<strong>pol\u00edticas exitosas<\/strong>&nbsp;que puedan ser replicadas en las dem\u00e1s naciones.<\/p>\n\n\n\n<figure class=\"wp-block-image\"><img decoding=\"async\" src=\"https:\/\/www.presidencia.gob.do\/sites\/default\/files\/inline-images\/Sin%20t%C3%ADtulo_17.jpg\" alt=\"\"\/><\/figure>\n\n\n\n<p>De igual modo, el director general de Presupuesto,&nbsp;<strong>Jos\u00e9 Rijo Presbot<\/strong>, resalt\u00f3 la importancia y el inter\u00e9s del Gobierno en planificar presupuestos m\u00e1s<strong>&nbsp;estrat\u00e9gicos, sostenibles y transparentes,<\/strong>&nbsp;que mejoren la calidad del gasto, garanticen la sostenibilidad fiscal y consoliden la confianza en las finanzas p\u00fablicas.<\/p>\n\n\n\n<p>En sus palabras, reiter\u00f3 adem\u00e1s que el Gobierno est\u00e1 inmerso en un proceso de&nbsp;<strong>modernizaci\u00f3n y fortalecimiento institucional<\/strong>&nbsp;que busca hacer frente a las tensiones geopol\u00edticas y desaf\u00edos econ\u00f3micos globales.<\/p>\n\n\n\n<p>Este a\u00f1o, el seminario se lleva a cabo bajo el lema \u201cLa geopol\u00edtica internacional y la fiscalidad en tiempos de transformaci\u00f3n global\u201d.<\/p>\n\n\n\n<p><strong>Hacer frente a problemas comunes<\/strong><\/p>\n\n\n\n<p>De su lado,&nbsp;<strong>Jos\u00e9 Luis Araya,<\/strong>&nbsp;presidente del Consejo Directivo de la Asociaci\u00f3n Internacional de Presupuesto P\u00fablico&nbsp;<strong>(ASIP)<\/strong>, dijo que la pol\u00edtica fiscal de cada pa\u00eds es el eje que le permite&nbsp;<em>\u201camortiguar<\/em>\u201d las problem\u00e1ticas sociales, por lo que&nbsp;<em>\u201ceste seminario intentar\u00e1 dar respuesta a algunos de los problemas que plantea la situaci\u00f3n actual\u201d.<\/em><\/p>\n\n\n\n<figure class=\"wp-block-image\"><img decoding=\"async\" src=\"https:\/\/www.presidencia.gob.do\/sites\/default\/files\/inline-images\/Sin%20t%C3%ADtulo_14.jpg\" alt=\"\"\/><\/figure>\n\n\n\n<p><strong>Organizaci\u00f3n<\/strong><\/p>\n\n\n\n<p>Algunos de los pa\u00edses participantes son&nbsp;<strong>Argentina, Chile, Paraguay, Puerto Rico, Costa Rica y Guatemala.<\/strong><\/p>\n\n\n\n<p>El seminario, que este a\u00f1o se celebra en la\u00a0<strong>Rep\u00fablica Dominicana<\/strong>, se extender\u00e1 hasta el\u00a0<strong>jueves 6 de noviembre<\/strong>, y es organizado por la Direcci\u00f3n General de Presupuesto junto a la\u00a0Asociaci\u00f3n Internacional de Presupuesto P\u00fablico (ASIP), cuyo objetivo es mejorar el\u00a0<strong>dise\u00f1o presupuestario y la administraci\u00f3n financiera\u00a0<\/strong>a nivel nacional, provincial y municipal en los pa\u00edses de Am\u00e9rica Latina y el Caribe.<\/p>\n\n\n\n<p>Con informaci\u00f3n de la Presidencia de la Rep\u00fablica.<\/p>\n","protected":false},"excerpt":{"rendered":"<p>Aborda temas vinculados al crecimiento econ\u00f3mico en Am\u00e9rica Latina y el Caribe. Un escenario propicio para promover la\u00a0transparencia y eficacia\u00a0del gasto p\u00fablico, llevando cada vez m\u00e1s bienestar a la ciudadan\u00eda, recalc\u00f3 el mandatario. 4 de Noviembre 2025 | 21:01 Santo Domingo, RD.-\u00a0El presidente Luis Abinader\u00a0particip\u00f3 el martes en la apertura del\u00a052.\u00ba Seminario Internacional sobre Presupuesto [&hellip;]<\/p>\n","protected":false},"author":2,"featured_media":647545,"comment_status":"closed","ping_status":"closed","sticky":false,"template":"","format":"standard","meta":{"footnotes":""},"categories":[20,27],"tags":[],"class_list":["post-647544","post","type-post","status-publish","format-standard","has-post-thumbnail","hentry","category-dominicana-hoy","category-portada"],"_links":{"self":[{"href":"https:\/\/diariodominicano.com\/index.php?rest_route=\/wp\/v2\/posts\/647544","targetHints":{"allow":["GET"]}}],"collection":[{"href":"https:\/\/diariodominicano.com\/index.php?rest_route=\/wp\/v2\/posts"}],"about":[{"href":"https:\/\/diariodominicano.com\/index.php?rest_route=\/wp\/v2\/types\/post"}],"author":[{"embeddable":true,"href":"https:\/\/diariodominicano.com\/index.php?rest_route=\/wp\/v2\/users\/2"}],"replies":[{"embeddable":true,"href":"https:\/\/diariodominicano.com\/index.php?rest_route=%2Fwp%2Fv2%2Fcomments&post=647544"}],"version-history":[{"count":3,"href":"https:\/\/diariodominicano.com\/index.php?rest_route=\/wp\/v2\/posts\/647544\/revisions"}],"predecessor-version":[{"id":647549,"href":"https:\/\/diariodominicano.com\/index.php?rest_route=\/wp\/v2\/posts\/647544\/revisions\/647549"}],"wp:featuredmedia":[{"embeddable":true,"href":"https:\/\/diariodominicano.com\/index.php?rest_route=\/wp\/v2\/media\/647545"}],"wp:attachment":[{"href":"https:\/\/diariodominicano.com\/index.php?rest_route=%2Fwp%2Fv2%2Fmedia&parent=647544"}],"wp:term":[{"taxonomy":"category","embeddable":true,"href":"https:\/\/diariodominicano.com\/index.php?rest_route=%2Fwp%2Fv2%2Fcategories&post=647544"},{"taxonomy":"post_tag","embeddable":true,"href":"https:\/\/diariodominicano.com\/index.php?rest_route=%2Fwp%2Fv2%2Ftags&post=647544"}],"curies":[{"name":"wp","href":"https:\/\/api.w.org\/{rel}","templated":true}]}}