{"id":647474,"date":"2025-11-05T00:28:37","date_gmt":"2025-11-05T04:28:37","guid":{"rendered":"https:\/\/diariodominicano.com\/?p=647474"},"modified":"2025-11-05T00:38:10","modified_gmt":"2025-11-05T04:38:10","slug":"ministro-de-agricultura-anuncia-que-por-instrucciones-del-presidente-abinader-rehabilitaran-76-kilometros-de-caminos-interparcelarios-danados-en-la-provincia-monte-plata","status":"publish","type":"post","link":"https:\/\/diariodominicano.com\/?p=647474","title":{"rendered":"Ministro de Agricultura anuncia que por instrucciones del presidente  Abinader \u00a0rehabilitar\u00e1n 76 kil\u00f3metros de caminos interparcelarios da\u00f1ados en la Provincia Monte Plata"},"content":{"rendered":"\n<p>Diario Dominicano<\/p>\n\n\n\n<p><strong>Monte Plata, RD.-<\/strong>\u00a0El ministro de Agricultura, Limber Cruz, anunci\u00f3 que por instrucciones del presidente de la Rep\u00fablica, Luis Abinader \u00a0rehabilitar\u00e1n 76 kil\u00f3metros de caminos interparcelarios da\u00f1ados en esta provincia los cuales ya fueron aprobados.<\/p>\n\n\n\n<p>Entre las medidas figuran facilidad de reestructuraci\u00f3n de deudas con el Banco Agr\u00edcola en zonas afectadas, el pago de RD$1,500 pesos por tarea da\u00f1ada a peque\u00f1os y medianos productores, entre otras acciones. Tambi\u00e9n el env\u00edo de una m\u00e1quina perforadora de pozos.<\/p>\n\n\n\n<p>Limber Cruz junto a la gobernadora provincial Rafaela Javier Gomera y otras autoridades locales, pasaron balance a los da\u00f1os indirectos en la agropecuaria por la tormenta Melissa.<\/p>\n\n\n\n<p>En Monte Plata las p\u00e9rdidas cuantificadas son de unas tres mil tareas de arroz, dos mil tareas de pl\u00e1tanos y deterioro en la mayor\u00eda de caminos interparcelarios en todas las comunidades. As\u00ed mismo, Melissa afect\u00f3 la producci\u00f3n de chinolas, pi\u00f1as, aj\u00edes, sandias, lechoza y otros productos de siembra masiva en esta provincia.<\/p>\n\n\n\n<p>Las comunidades afectadas son: Mam\u00e1 Ting\u00f3, Yamas\u00e1, Batista, Cabima, S\u00e1bana Grande de Boy\u00e1, Bayaguana, Los Hidalgos, Monte Plata, Chirino, Don Juan y otras zonas productivas.<\/p>\n\n\n\n<p>Participaron en la actividad, el viceministro de Producci\u00f3n y Mercadeo de Agricultura, Eulalio Ram\u00edrez; Franklin de los \u00c1ngeles, director zonal de Monte Plata, varios diputados y autoridades locales de las comunidades afectadas.<\/p>\n\n\n\n<p><strong>Periodista Erick Montilla<\/strong><\/p>\n\n\n\n<p>Director de Comunicaciones, Prensa y RR.PP.<\/p>\n\n\n\n<p>Ministerio de Agricultura<\/p>\n","protected":false},"excerpt":{"rendered":"<p>Diario Dominicano Monte Plata, RD.-\u00a0El ministro de Agricultura, Limber Cruz, anunci\u00f3 que por instrucciones del presidente de la Rep\u00fablica, Luis Abinader \u00a0rehabilitar\u00e1n 76 kil\u00f3metros de caminos interparcelarios da\u00f1ados en esta provincia los cuales ya fueron aprobados. Entre las medidas figuran facilidad de reestructuraci\u00f3n de deudas con el Banco Agr\u00edcola en zonas afectadas, el pago de [&hellip;]<\/p>\n","protected":false},"author":2,"featured_media":0,"comment_status":"closed","ping_status":"closed","sticky":false,"template":"","format":"standard","meta":{"footnotes":""},"categories":[20,18],"tags":[],"class_list":["post-647474","post","type-post","status-publish","format-standard","hentry","category-dominicana-hoy","category-economia"],"_links":{"self":[{"href":"https:\/\/diariodominicano.com\/index.php?rest_route=\/wp\/v2\/posts\/647474","targetHints":{"allow":["GET"]}}],"collection":[{"href":"https:\/\/diariodominicano.com\/index.php?rest_route=\/wp\/v2\/posts"}],"about":[{"href":"https:\/\/diariodominicano.com\/index.php?rest_route=\/wp\/v2\/types\/post"}],"author":[{"embeddable":true,"href":"https:\/\/diariodominicano.com\/index.php?rest_route=\/wp\/v2\/users\/2"}],"replies":[{"embeddable":true,"href":"https:\/\/diariodominicano.com\/index.php?rest_route=%2Fwp%2Fv2%2Fcomments&post=647474"}],"version-history":[{"count":2,"href":"https:\/\/diariodominicano.com\/index.php?rest_route=\/wp\/v2\/posts\/647474\/revisions"}],"predecessor-version":[{"id":647489,"href":"https:\/\/diariodominicano.com\/index.php?rest_route=\/wp\/v2\/posts\/647474\/revisions\/647489"}],"wp:attachment":[{"href":"https:\/\/diariodominicano.com\/index.php?rest_route=%2Fwp%2Fv2%2Fmedia&parent=647474"}],"wp:term":[{"taxonomy":"category","embeddable":true,"href":"https:\/\/diariodominicano.com\/index.php?rest_route=%2Fwp%2Fv2%2Fcategories&post=647474"},{"taxonomy":"post_tag","embeddable":true,"href":"https:\/\/diariodominicano.com\/index.php?rest_route=%2Fwp%2Fv2%2Ftags&post=647474"}],"curies":[{"name":"wp","href":"https:\/\/api.w.org\/{rel}","templated":true}]}}