{"id":647438,"date":"2025-11-04T23:33:32","date_gmt":"2025-11-05T03:33:32","guid":{"rendered":"https:\/\/diariodominicano.com\/?p=647438"},"modified":"2025-11-04T23:33:52","modified_gmt":"2025-11-05T03:33:52","slug":"la-anpa-convoca-a-un-paro-nacional-de-24-horas-en-todo-el-sector-agropecuario-este-viernes-7-de-noviembre","status":"publish","type":"post","link":"https:\/\/diariodominicano.com\/?p=647438","title":{"rendered":"La ANPA convoca a un paro nacional de 24 horas en todo el sector agropecuario este viernes 7 de noviembre"},"content":{"rendered":"\n<p>La Asociaci\u00f3n Nacional de Profesionales Agropecuarios (ANPA) informa al pa\u00eds y a todos los trabajadores del sector agropecuario que, luego de agotar m\u00faltiples gestiones de di\u00e1logo y ante el incumplimiento de los acuerdos asumidos por las autoridades, ha decidido convocar a un paro nacional de 24 horas para este viernes 7 de noviembre, en todas las instituciones y dependencias del sector agropecuario a nivel nacional.<\/p>\n\n\n\n<p>La ANPA convoca a todos los profesionales agropecuarios a integrarse de manera firme y decidida a esta jornada de lucha, en reclamo de pensiones para 1,537 profesionales agropecuarios, la revisi\u00f3n de ac\u00e1pites para 440, t\u00e9cnicos, la reposici\u00f3n de 350 agr\u00f3nomos cancelados y el aumento salarial a 50 mil pesos para los servidores activos del sector.<\/p>\n\n\n\n<p>Asimismo, la ANPA denuncia los maltratos y descon\u00adsideraciones a que han sido sometidos los profesionales agropecuarios que laboran en el Instituto Agrario Dominicano (IAD), en el marco del proceso de fusi\u00f3n con el Ministerio de Agricultura, por lo que en esta ocasi\u00f3n la jornada central de la huelga se concentrar\u00e1 frente al edificio del IAD, en defensa de la dignidad y los derechos de nuestros compa\u00f1eros.<\/p>\n\n\n\n<p>Nuestro gremio lamenta tener que recurrir nuevamente a este tipo de acciones, pero las autoridades no han dado respuesta a las justas demandas del sector, pese a los compromisos asumidos en reuniones con el Presidente de la Rep\u00fablica y el Ministro de Agricultura.<\/p>\n\n\n\n<p>La ANPA reitera que el paro se realizar\u00e1 de manera pac\u00edfica, ordenada y responsable, e invita a todos los profesionales agropecuarios, t\u00e9cnicos, empleados y colaboradores del sector a unirse en defensa de sus derechos laborales y profesionales, manteniendo la unidad, la firmeza y la disciplina gremial.<\/p>\n\n\n\n<p>Finalmente, el Comit\u00e9 Ejecutivo Nacional de la ANPA exhorta al Gobierno a escuchar el clamor de los profesionales agropecuarios, cuya labor es esencial para garantizar la seguridad y soberan\u00eda alimentaria del pueblo dominicano.<\/p>\n","protected":false},"excerpt":{"rendered":"<p>La Asociaci\u00f3n Nacional de Profesionales Agropecuarios (ANPA) informa al pa\u00eds y a todos los trabajadores del sector agropecuario que, luego de agotar m\u00faltiples gestiones de di\u00e1logo y ante el incumplimiento de los acuerdos asumidos por las autoridades, ha decidido convocar a un paro nacional de 24 horas para este viernes 7 de noviembre, en todas [&hellip;]<\/p>\n","protected":false},"author":7,"featured_media":647450,"comment_status":"closed","ping_status":"open","sticky":false,"template":"","format":"standard","meta":{"footnotes":""},"categories":[20],"tags":[2659],"class_list":["post-647438","post","type-post","status-publish","format-standard","has-post-thumbnail","hentry","category-dominicana-hoy","tag-anpa"],"_links":{"self":[{"href":"https:\/\/diariodominicano.com\/index.php?rest_route=\/wp\/v2\/posts\/647438","targetHints":{"allow":["GET"]}}],"collection":[{"href":"https:\/\/diariodominicano.com\/index.php?rest_route=\/wp\/v2\/posts"}],"about":[{"href":"https:\/\/diariodominicano.com\/index.php?rest_route=\/wp\/v2\/types\/post"}],"author":[{"embeddable":true,"href":"https:\/\/diariodominicano.com\/index.php?rest_route=\/wp\/v2\/users\/7"}],"replies":[{"embeddable":true,"href":"https:\/\/diariodominicano.com\/index.php?rest_route=%2Fwp%2Fv2%2Fcomments&post=647438"}],"version-history":[{"count":1,"href":"https:\/\/diariodominicano.com\/index.php?rest_route=\/wp\/v2\/posts\/647438\/revisions"}],"predecessor-version":[{"id":647451,"href":"https:\/\/diariodominicano.com\/index.php?rest_route=\/wp\/v2\/posts\/647438\/revisions\/647451"}],"wp:featuredmedia":[{"embeddable":true,"href":"https:\/\/diariodominicano.com\/index.php?rest_route=\/wp\/v2\/media\/647450"}],"wp:attachment":[{"href":"https:\/\/diariodominicano.com\/index.php?rest_route=%2Fwp%2Fv2%2Fmedia&parent=647438"}],"wp:term":[{"taxonomy":"category","embeddable":true,"href":"https:\/\/diariodominicano.com\/index.php?rest_route=%2Fwp%2Fv2%2Fcategories&post=647438"},{"taxonomy":"post_tag","embeddable":true,"href":"https:\/\/diariodominicano.com\/index.php?rest_route=%2Fwp%2Fv2%2Ftags&post=647438"}],"curies":[{"name":"wp","href":"https:\/\/api.w.org\/{rel}","templated":true}]}}