{"id":647322,"date":"2025-11-04T04:35:38","date_gmt":"2025-11-04T08:35:38","guid":{"rendered":"https:\/\/diariodominicano.com\/?p=647322"},"modified":"2025-11-04T04:38:16","modified_gmt":"2025-11-04T08:38:16","slug":"vicepresidencia-raquel-pena-encabeza-reunion-de-evaluacion-de-avances-en-materia-de-seguridad","status":"publish","type":"post","link":"https:\/\/diariodominicano.com\/?p=647322","title":{"rendered":"Vicepresidenta Raquel Pe\u00f1a encabeza reuni\u00f3n de evaluaci\u00f3n de avances en materia de seguridad"},"content":{"rendered":"\n<h3 class=\"wp-block-heading\">El Gobierno revisa los progresos del Plan de Seguridad Ciudadana y reafirma su compromiso con la reducci\u00f3n de los hechos delictivos y la tranquilidad de la poblaci\u00f3n.<\/h3>\n\n\n\n<p>3 de Noviembre 2025 |<\/p>\n\n\n\n<figure class=\"wp-block-image\"><img decoding=\"async\" src=\"https:\/\/platform-cdn.sharethis.com\/img\/facebook.svg\" alt=\"facebook sharing button\"\/><\/figure>\n\n\n\n<figure class=\"wp-block-image\"><img decoding=\"async\" src=\"https:\/\/platform-cdn.sharethis.com\/img\/sharethis.svg\" alt=\"sharethis sharing button\"\/><\/figure>\n\n\n\n<p>Diario Dominicano<\/p>\n\n\n\n<p>Santo Domingo, RD.\u2013 La vicepresidenta de la Rep\u00fablica,\u00a0<strong>Raquel Pe\u00f1a<\/strong>, encabez\u00f3 el  lunes la\u00a0<strong>reuni\u00f3n n\u00famero 113<\/strong>\u00a0<strong>de seguimiento al Plan de Seguridad Ciudadana<\/strong>, con el prop\u00f3sito de evaluar los\u00a0<strong>avances<\/strong>\u00a0alcanzados y fortalecer las\u00a0<strong>estrategias<\/strong>\u00a0orientadas a garantizar la\u00a0<strong>protecci\u00f3n de los dominicanos.<\/strong><\/p>\n\n\n\n<p>El encuentro, celebrado en el Sal\u00f3n del Club de Oficiales del Palacio de la Polic\u00eda Nacional, inici\u00f3 a las 10:18 de la ma\u00f1ana y abarc\u00f3 la revisi\u00f3n de los&nbsp;<strong>indicadores m\u00e1s recientes sobre criminalidad, patrullaje preventivo y respuesta institucional ante los hechos delictivos.<\/strong><\/p>\n\n\n\n<p>Durante la sesi\u00f3n se analizaron tambi\u00e9n los resultados de las&nbsp;<strong>acciones conjuntas<\/strong>&nbsp;entre la Polic\u00eda Nacional, el Ministerio de Interior y Polic\u00eda, el Ministerio de Defensa, la Procuradur\u00eda General de la Rep\u00fablica, la Direcci\u00f3n Nacional de Control de Drogas (DNCD) y otras instituciones que conforman el plan.<\/p>\n\n\n\n<p>La vicepresidenta Raquel Pe\u00f1a reiter\u00f3 el&nbsp;<strong>compromiso del Gobierno<\/strong>&nbsp;con el fortalecimiento de las pol\u00edticas p\u00fablicas orientadas a la&nbsp;<strong>seguridad ciudadana,<\/strong>&nbsp;destacando que el trabajo interinstitucional ha permitido&nbsp;<strong>una presencia policial m\u00e1s efectiva y una mayor confianza de la ciudadan\u00eda en las autoridades.<\/strong><\/p>\n\n\n\n<p>Acompa\u00f1aron a la vicepresidenta la ministra de Interior y Polic\u00eda,&nbsp;<strong>Faride Raful<\/strong>; el ministro de Defensa, teniente general&nbsp;<strong>Carlos Antonio Fern\u00e1ndez Onofre<\/strong>; la procuradora general de la Rep\u00fablica,&nbsp;<strong>Yeni Berenice Reynoso<\/strong>; el comandante general del Ej\u00e9rcito de Rep\u00fablica Dominicana, mayor general&nbsp;<strong>Jorge Iv\u00e1n Camino P\u00e9rez,&nbsp;<\/strong>y el director de la Polic\u00eda Nacional, mayor general&nbsp;<strong>Ram\u00f3n Antonio Guzm\u00e1n Peralta.<\/strong><\/p>\n\n\n\n<p>Tambi\u00e9n participaron el vicealmirante&nbsp;<strong>Jos\u00e9 Manuel Cabrera Ulloa<\/strong>, presidente de la DNCD; el vicealmirante&nbsp;<strong>Luis Rafael Lee Ballester<\/strong>, director general de Migraci\u00f3n; y la fiscal del Distrito Nacional,&nbsp;<strong>Rosalba Ramos<\/strong>, junto a una comisi\u00f3n de fiscales.<\/p>\n\n\n\n<p>Con esta reuni\u00f3n, el Gobierno reafirma su compromiso de mantener el seguimiento permanente al Plan de Seguridad Ciudadana, fortaleciendo\u00a0<strong>la prevenci\u00f3n, la coordinaci\u00f3n y la capacidad de respuesta ante los desaf\u00edos de la seguridad p\u00fablica.<\/strong><\/p>\n\n\n\n<p>Con informaci\u00f3n de la Presidencia de la Rep\u00fablica.<\/p>\n\n\n\n<p>#Raquel Pe\u00f1a\u2003\u2003\u2003 #Faride<\/p>\n","protected":false},"excerpt":{"rendered":"<p>El Gobierno revisa los progresos del Plan de Seguridad Ciudadana y reafirma su compromiso con la reducci\u00f3n de los hechos delictivos y la tranquilidad de la poblaci\u00f3n. 3 de Noviembre 2025 | Diario Dominicano Santo Domingo, RD.\u2013 La vicepresidenta de la Rep\u00fablica,\u00a0Raquel Pe\u00f1a, encabez\u00f3 el lunes la\u00a0reuni\u00f3n n\u00famero 113\u00a0de seguimiento al Plan de Seguridad Ciudadana, [&hellip;]<\/p>\n","protected":false},"author":2,"featured_media":647325,"comment_status":"closed","ping_status":"closed","sticky":false,"template":"","format":"standard","meta":{"footnotes":""},"categories":[20,29],"tags":[],"class_list":["post-647322","post","type-post","status-publish","format-standard","has-post-thumbnail","hentry","category-dominicana-hoy","category-policiasucesos"],"_links":{"self":[{"href":"https:\/\/diariodominicano.com\/index.php?rest_route=\/wp\/v2\/posts\/647322","targetHints":{"allow":["GET"]}}],"collection":[{"href":"https:\/\/diariodominicano.com\/index.php?rest_route=\/wp\/v2\/posts"}],"about":[{"href":"https:\/\/diariodominicano.com\/index.php?rest_route=\/wp\/v2\/types\/post"}],"author":[{"embeddable":true,"href":"https:\/\/diariodominicano.com\/index.php?rest_route=\/wp\/v2\/users\/2"}],"replies":[{"embeddable":true,"href":"https:\/\/diariodominicano.com\/index.php?rest_route=%2Fwp%2Fv2%2Fcomments&post=647322"}],"version-history":[{"count":4,"href":"https:\/\/diariodominicano.com\/index.php?rest_route=\/wp\/v2\/posts\/647322\/revisions"}],"predecessor-version":[{"id":647329,"href":"https:\/\/diariodominicano.com\/index.php?rest_route=\/wp\/v2\/posts\/647322\/revisions\/647329"}],"wp:featuredmedia":[{"embeddable":true,"href":"https:\/\/diariodominicano.com\/index.php?rest_route=\/wp\/v2\/media\/647325"}],"wp:attachment":[{"href":"https:\/\/diariodominicano.com\/index.php?rest_route=%2Fwp%2Fv2%2Fmedia&parent=647322"}],"wp:term":[{"taxonomy":"category","embeddable":true,"href":"https:\/\/diariodominicano.com\/index.php?rest_route=%2Fwp%2Fv2%2Fcategories&post=647322"},{"taxonomy":"post_tag","embeddable":true,"href":"https:\/\/diariodominicano.com\/index.php?rest_route=%2Fwp%2Fv2%2Ftags&post=647322"}],"curies":[{"name":"wp","href":"https:\/\/api.w.org\/{rel}","templated":true}]}}