{"id":647293,"date":"2025-11-04T04:02:45","date_gmt":"2025-11-04T08:02:45","guid":{"rendered":"https:\/\/diariodominicano.com\/?p=647293"},"modified":"2025-11-04T04:06:05","modified_gmt":"2025-11-04T08:06:05","slug":"roi-cuestiona-fundamentos-e-incoherencia-en-acta-del-cnm-relativa-a-la-no-ratificacion-de-tres-jueces-de-la-suprema-corte-de-justicia","status":"publish","type":"post","link":"https:\/\/diariodominicano.com\/?p=647293","title":{"rendered":"ROI cuestiona fundamentos e incoherencia en acta del CNM relativa a la no ratificaci\u00f3n de tres jueces de la Suprema Corte de Justicia"},"content":{"rendered":"\n<p>ARCHIVO: De rueda de prensa de la Red de Observadores por la Institucionalidad (ROI)<\/p>\n\n\n\n<p>Diario Dominicano<\/p>\n\n\n\n<p>La Red de Observadores por la Institucionalidad (ROI) expres\u00f3 su profunda preocupaci\u00f3n por las razones invocadas por el Consejo Nacional de la Magistratura (CNM) en el Acta n\u00fam. 010-2025 para no ratificar en sus funciones a los magistrados y la magistrada Pilar Jim\u00e9nez Ortiz, Manuel Alexis Read Ortiz y Mois\u00e9s Ferrer Landr\u00f3n, quienes fueron evaluados en el reciente proceso de revisi\u00f3n de desempe\u00f1o de la Suprema Corte de Justicia (SCJ).<\/p>\n\n\n\n<p>Seg\u00fan el documento oficial, el CNM justific\u00f3 la no ratificaci\u00f3n de los tres jueces se\u00f1alando que \u201clos resultados no alcanzan los est\u00e1ndares de idoneidad y desempe\u00f1o exigidos\u201d. Sin embargo, la documentaci\u00f3n p\u00fablica sobre las evaluaciones realizadas por la propia del Consejo refleja valoraciones excelentes en aspectos de capacidad jur\u00eddica, \u00e9tica profesional, independencia y cumplimiento de funciones. Para ROI, esta incongruencia entre las evaluaciones t\u00e9cnicas y la decisi\u00f3n final pone en entredicho la objetividad y transparencia del proceso.<\/p>\n\n\n\n<p>En el caso del magistrado Manuel Alexis Read Ortiz, el CNM aludi\u00f3 a su proximidad a la edad de retiro establecida en el art\u00edculo 151, numeral 2, de la Constituci\u00f3n de la Rep\u00fablica, que fija el l\u00edmite en 75 a\u00f1os. Aunque dicha circunstancia puede ser una raz\u00f3n atendible, ROI considera que, de ser ese el criterio, el juez no debi\u00f3 haber sido sometido a evaluaci\u00f3n, pues el proceso debe dirigirse a valorar desempe\u00f1o y no a aplicar causales de retiro que ya est\u00e1n constitucionalmente determinadas. De hecho, el acta no consigna la edad como motivo de exclusi\u00f3n, lo que evidencia un uso discrecional y poco coherente de los criterios.<\/p>\n\n\n\n<p>Asimismo, ROI advierte que las observaciones vertidas en el acta sobre las posiciones jur\u00eddicas razonadas de la magistrada Pilar Jim\u00e9nez Ortiz, \u00fanica mujer evaluada en esta etapa, revelan sesgos preocupantes que afectan el principio de igualdad y la garant\u00eda de independencia judicial. Cuestionar posturas jurisdiccionales debidamente fundamentadas puede constituir interferencias en la libertad de criterio judicial y se suma a precedentes adversos para la justicia dominicana.<\/p>\n\n\n\n<p>Observa, adem\u00e1s, que las actas no indican qui\u00e9nes emitieron las opiniones ni los votos individuales, lo que impide determinar las responsabilidades institucionales en una decisi\u00f3n de alta relevancia para la justicia nacional. Esta omisi\u00f3n vulnera los principios de transparencia y rendici\u00f3n de cuentas que deben regir los procesos del CNM.<\/p>\n\n\n\n<p>La Red recuerda que la evaluaci\u00f3n de desempe\u00f1o judicial no debe convertirse en un instrumento discrecional para separar jueces y juezas de sus funciones. Aunque son designados por un per\u00edodo determinado, la evaluaci\u00f3n debe tener un car\u00e1cter t\u00e9cnico, objetivo y formativo, orientado a mejorar la calidad de la justicia y no a ejercer control pol\u00edtico o disciplinario sobre quienes integran la SCJ. Cualquier utilizaci\u00f3n del proceso evaluativo con fines distintos pone en riesgo la independencia judicial, la estabilidad institucional y la confianza p\u00fablica en la justicia.<\/p>\n\n\n\n<p>ROI reiter\u00f3 su llamado al CNM a continuar publicando las actas y a que lo haga oportunamente, consignando de manera \u00edntegra las evaluaciones, los fundamentos t\u00e9cnicos con la indicaci\u00f3n de la postura y de los votos individuales de cada uno sus integrantes, a fin de asegurar que las designaciones respondan a est\u00e1ndares verificables de m\u00e9rito, transparencia, idoneidad y equidad, y no a criterios discrecionales.<\/p>\n\n\n\n<p>ROI est\u00e1 compuesto por el Instituto Tecnol\u00f3gico de Santo Domingo (INTEC), Participaci\u00f3n Ciudadana (PC), la Fundaci\u00f3n Friedrich Ebert (FES), Foro Ciudadano y el Centro de Investigaci\u00f3n para la Acci\u00f3n Femenina (CIPAF).<\/p>\n\n\n\n<p><strong>Alaiska Cuevas |<\/strong>\u00a0Encargada de Comunicaciones<\/p>\n\n\n\n<p>Alaiska Cuevas<\/p>\n\n\n\n<p><a href=\"mailto:a.cuevas@pciudadana.org\" target=\"_blank\" rel=\"noreferrer noopener\">a.cuevas@pciudadana.org<\/a><\/p>\n\n\n\n<p>#ROI\u2003\u2003\u2003\u2003\u2003\u2003\u2002#CNM<\/p>\n","protected":false},"excerpt":{"rendered":"<p>ARCHIVO: De rueda de prensa de la Red de Observadores por la Institucionalidad (ROI) Diario Dominicano La Red de Observadores por la Institucionalidad (ROI) expres\u00f3 su profunda preocupaci\u00f3n por las razones invocadas por el Consejo Nacional de la Magistratura (CNM) en el Acta n\u00fam. 010-2025 para no ratificar en sus funciones a los magistrados y [&hellip;]<\/p>\n","protected":false},"author":2,"featured_media":642169,"comment_status":"closed","ping_status":"closed","sticky":false,"template":"","format":"standard","meta":{"footnotes":""},"categories":[20,22,27],"tags":[],"class_list":["post-647293","post","type-post","status-publish","format-standard","has-post-thumbnail","hentry","category-dominicana-hoy","category-politica","category-portada"],"_links":{"self":[{"href":"https:\/\/diariodominicano.com\/index.php?rest_route=\/wp\/v2\/posts\/647293","targetHints":{"allow":["GET"]}}],"collection":[{"href":"https:\/\/diariodominicano.com\/index.php?rest_route=\/wp\/v2\/posts"}],"about":[{"href":"https:\/\/diariodominicano.com\/index.php?rest_route=\/wp\/v2\/types\/post"}],"author":[{"embeddable":true,"href":"https:\/\/diariodominicano.com\/index.php?rest_route=\/wp\/v2\/users\/2"}],"replies":[{"embeddable":true,"href":"https:\/\/diariodominicano.com\/index.php?rest_route=%2Fwp%2Fv2%2Fcomments&post=647293"}],"version-history":[{"count":4,"href":"https:\/\/diariodominicano.com\/index.php?rest_route=\/wp\/v2\/posts\/647293\/revisions"}],"predecessor-version":[{"id":647299,"href":"https:\/\/diariodominicano.com\/index.php?rest_route=\/wp\/v2\/posts\/647293\/revisions\/647299"}],"wp:featuredmedia":[{"embeddable":true,"href":"https:\/\/diariodominicano.com\/index.php?rest_route=\/wp\/v2\/media\/642169"}],"wp:attachment":[{"href":"https:\/\/diariodominicano.com\/index.php?rest_route=%2Fwp%2Fv2%2Fmedia&parent=647293"}],"wp:term":[{"taxonomy":"category","embeddable":true,"href":"https:\/\/diariodominicano.com\/index.php?rest_route=%2Fwp%2Fv2%2Fcategories&post=647293"},{"taxonomy":"post_tag","embeddable":true,"href":"https:\/\/diariodominicano.com\/index.php?rest_route=%2Fwp%2Fv2%2Ftags&post=647293"}],"curies":[{"name":"wp","href":"https:\/\/api.w.org\/{rel}","templated":true}]}}