{"id":647053,"date":"2025-11-03T03:42:04","date_gmt":"2025-11-03T07:42:04","guid":{"rendered":"https:\/\/diariodominicano.com\/?p=647053"},"modified":"2025-11-03T03:42:34","modified_gmt":"2025-11-03T07:42:34","slug":"inician-el-maraton-de-beijing-2025","status":"publish","type":"post","link":"https:\/\/diariodominicano.com\/?p=647053","title":{"rendered":"Inician el Marat\u00f3n de Beijing 2025"},"content":{"rendered":"\n<p><em>spanish.news.cn<\/em>|<em>&nbsp;2025-11-03 09:03:50<\/em>|<\/p>\n\n\n\n<figure class=\"wp-block-image\"><img decoding=\"async\" src=\"https:\/\/spanish.xinhuanet.com\/20251103\/fe533e7d49d74f1ab77dc0c6ddf52e03\/20251103fe533e7d49d74f1ab77dc0c6ddf52e03_202511039cf32417bcd6434a8245be2b548a4a7d.jpg\" alt=\"\"\/><\/figure>\n\n\n\n<p>BEIJING, 2 noviembre, 2025 (Xinhua) &#8212; Participantes corren junto a la plaza de Tian&#8217;anmen durante el Marat\u00f3n de Beijing 2025, en Beijing, capital de China, el 2 de noviembre de 2025. (Xinhua\/Zhang Chenlin)<\/p>\n\n\n\n<figure class=\"wp-block-image\"><img decoding=\"async\" src=\"https:\/\/spanish.xinhuanet.com\/20251103\/fe533e7d49d74f1ab77dc0c6ddf52e03\/20251103fe533e7d49d74f1ab77dc0c6ddf52e03_202511033724fa6b55244f499ad4b3768ed925d3.jpg\" alt=\"\"\/><\/figure>\n\n\n\n<p>BEIJING, 2 noviembre, 2025 (Xinhua) &#8212; Participantes compiten durante el Marat\u00f3n de Beijing 2025, en Beijing, capital de China, el 2 de noviembre de 2025. (Xinhua\/Zhang Chenlin)<\/p>\n\n\n\n<figure class=\"wp-block-image\"><img decoding=\"async\" src=\"https:\/\/spanish.xinhuanet.com\/20251103\/fe533e7d49d74f1ab77dc0c6ddf52e03\/20251103fe533e7d49d74f1ab77dc0c6ddf52e03_2025110316ec8dde41984c9d9925da57316caa4b.jpg\" alt=\"\"\/><\/figure>\n\n\n\n<p>BEIJING, 2 noviembre, 2025 (Xinhua) &#8212; Participantes inician el Marat\u00f3n de Beijing 2025, en Beijing, capital de China, el 2 de noviembre de 2025. (Xinhua\/Li Xulun)<\/p>\n\n\n\n<figure class=\"wp-block-image\"><img decoding=\"async\" src=\"https:\/\/spanish.xinhuanet.com\/20251103\/fe533e7d49d74f1ab77dc0c6ddf52e03\/20251103fe533e7d49d74f1ab77dc0c6ddf52e03_20251103383869b84ea449d496ea89b4ec5684dd.jpg\" alt=\"\"\/><\/figure>\n\n\n\n<p>BEIJING, 2 noviembre, 2025 (Xinhua) &#8212; Participantes inician el Marat\u00f3n de Beijing 2025, en Beijing, capital de China, el 2 de noviembre de 2025. (Xinhua\/Xie Han)<\/p>\n\n\n\n<figure class=\"wp-block-image\"><img decoding=\"async\" src=\"https:\/\/spanish.xinhuanet.com\/20251103\/fe533e7d49d74f1ab77dc0c6ddf52e03\/20251103fe533e7d49d74f1ab77dc0c6ddf52e03_202511030ee80d4e36af420b8bda1fe9a1842045.jpg\" alt=\"\"\/><\/figure>\n\n\n\n<p>BEIJING, 2 noviembre, 2025 (Xinhua) &#8212; El ganador del primer lugar, Lemi Berhanu Hayle (c), de Etiop\u00eda, posa con el ganador del segundo lugar, Desalegn Girma Debel (i), de Etiop\u00eda, y el ganador del tercer lugar, Han Il Ryong, de la Rep\u00fablica Popular Democr\u00e1tica de Corea, durante la ceremonia de premiaci\u00f3n del evento de marat\u00f3n masculino del Marat\u00f3n de Beijing 2025, en Beijing, capital de China, el 2 de noviembre de 2025. (Xinhua\/Xie Han)<\/p>\n\n\n\n<figure class=\"wp-block-image\"><img decoding=\"async\" src=\"https:\/\/spanish.xinhuanet.com\/20251103\/fe533e7d49d74f1ab77dc0c6ddf52e03\/20251103fe533e7d49d74f1ab77dc0c6ddf52e03_202511032b7e8214968a4a73ba92e21f8495f15c.jpg\" alt=\"\"\/><\/figure>\n\n\n\n<p>BEIJING, 2 noviembre, 2025 (Xinhua) &#8212; Participantes corren junto a la plaza de Tian&#8217;anmen durante el Marat\u00f3n de Beijing 2025, en Beijing, capital de China, el 2 de noviembre de 2025. (Xinhua\/Guo Yu)<\/p>\n\n\n\n<figure class=\"wp-block-image\"><img decoding=\"async\" src=\"https:\/\/spanish.xinhuanet.com\/20251103\/fe533e7d49d74f1ab77dc0c6ddf52e03\/20251103fe533e7d49d74f1ab77dc0c6ddf52e03_20251103e4b6a90820e04129ad5b868210d7ec25.jpg\" alt=\"\"\/><\/figure>\n\n\n\n<p>BEIJING, 2 noviembre, 2025 (Xinhua) &#8212; Participantes corren junto a la plaza de Tian&#8217;anmen durante el Marat\u00f3n de Beijing 2025, en Beijing, capital de China, el 2 de noviembre de 2025. (Xinhua\/Xie Han)<\/p>\n\n\n\n<figure class=\"wp-block-image\"><img decoding=\"async\" src=\"https:\/\/spanish.xinhuanet.com\/20251103\/fe533e7d49d74f1ab77dc0c6ddf52e03\/20251103fe533e7d49d74f1ab77dc0c6ddf52e03_2025110302fed04a881d4222ac4b06753a22a6a8.jpg\" alt=\"\"\/><\/figure>\n\n\n\n<p>BEIJING, 2 noviembre, 2025 (Xinhua) &#8212; Participantes festejan al t\u00e9rmino del Marat\u00f3n de Beijing 2025, en Beijing, capital de China, el 2 de noviembre de 2025. (Xinhua\/Zhang Chenlin)<\/p>\n\n\n\n<figure class=\"wp-block-image\"><img decoding=\"async\" src=\"https:\/\/spanish.xinhuanet.com\/20251103\/fe533e7d49d74f1ab77dc0c6ddf52e03\/20251103fe533e7d49d74f1ab77dc0c6ddf52e03_2025110364b727f8c7154c7d8acdf5e6667a3236.jpg\" alt=\"\"\/><\/figure>\n\n\n\n<p>BEIJING, 2 noviembre, 2025 (Xinhua) &#8212; Participantes compiten durante el Marat\u00f3n de Beijing 2025, en Beijing, capital de China, el 2 de noviembre de 2025. (Xinhua\/Xie Han)<\/p>\n\n\n\n<figure class=\"wp-block-image\"><img decoding=\"async\" src=\"https:\/\/spanish.xinhuanet.com\/20251103\/fe533e7d49d74f1ab77dc0c6ddf52e03\/20251103fe533e7d49d74f1ab77dc0c6ddf52e03_202511031399d7efaf5a4672a2f0e724b9f88752.jpg\" alt=\"\"\/><\/figure>\n\n\n\n<p>BEIJING, 2 noviembre, 2025 (Xinhua) &#8212; Anchinalu Dessie Genaneh, de Etiop\u00eda, cruza la l\u00ednea de meta y gana el primer lugar en el marat\u00f3n femenino durante el Marat\u00f3n de Beijing 2025, en Beijing, capital de China, el 2 de noviembre de 2025. (Xinhua\/Guo Yu)<\/p>\n\n\n\n<p><a href=\"https:\/\/www.facebook.com\/sharer\/sharer.php?u=https:\/\/spanish.xinhuanet.com\/20251103\/fe533e7d49d74f1ab77dc0c6ddf52e03\/c.html\" target=\"_blank\" rel=\"noreferrer noopener\"><\/a>&nbsp;<a href=\"https:\/\/twitter.com\/intent\/tweet?text=Inician%20el%20Marat%C3%B3n%20de%20Beijing%202025&amp;url=https:\/\/spanish.xinhuanet.com\/20251103\/fe533e7d49d74f1ab77dc0c6ddf52e03\/c.html\" target=\"_blank\" rel=\"noreferrer noopener\"><\/a>&nbsp;<a target=\"_blank\" href=\"https:\/\/service.weibo.com\/share\/share.php?title=Inician%20el%20Marat%C3%B3n%20de%20Beijing%202025&amp;url=https:\/\/spanish.xinhuanet.com\/20251103\/fe533e7d49d74f1ab77dc0c6ddf52e03\/c.html\" rel=\"noreferrer noopener\"><\/a>&nbsp;<a><\/a><\/p>\n","protected":false},"excerpt":{"rendered":"<p>spanish.news.cn|&nbsp;2025-11-03 09:03:50| BEIJING, 2 noviembre, 2025 (Xinhua) &#8212; Participantes corren junto a la plaza de Tian&#8217;anmen durante el Marat\u00f3n de Beijing 2025, en Beijing, capital de China, el 2 de noviembre de 2025. (Xinhua\/Zhang Chenlin) BEIJING, 2 noviembre, 2025 (Xinhua) &#8212; Participantes compiten durante el Marat\u00f3n de Beijing 2025, en Beijing, capital de China, el [&hellip;]<\/p>\n","protected":false},"author":2,"featured_media":647054,"comment_status":"closed","ping_status":"closed","sticky":false,"template":"","format":"standard","meta":{"footnotes":""},"categories":[17],"tags":[],"class_list":["post-647053","post","type-post","status-publish","format-standard","has-post-thumbnail","hentry","category-deportes"],"_links":{"self":[{"href":"https:\/\/diariodominicano.com\/index.php?rest_route=\/wp\/v2\/posts\/647053","targetHints":{"allow":["GET"]}}],"collection":[{"href":"https:\/\/diariodominicano.com\/index.php?rest_route=\/wp\/v2\/posts"}],"about":[{"href":"https:\/\/diariodominicano.com\/index.php?rest_route=\/wp\/v2\/types\/post"}],"author":[{"embeddable":true,"href":"https:\/\/diariodominicano.com\/index.php?rest_route=\/wp\/v2\/users\/2"}],"replies":[{"embeddable":true,"href":"https:\/\/diariodominicano.com\/index.php?rest_route=%2Fwp%2Fv2%2Fcomments&post=647053"}],"version-history":[{"count":2,"href":"https:\/\/diariodominicano.com\/index.php?rest_route=\/wp\/v2\/posts\/647053\/revisions"}],"predecessor-version":[{"id":647056,"href":"https:\/\/diariodominicano.com\/index.php?rest_route=\/wp\/v2\/posts\/647053\/revisions\/647056"}],"wp:featuredmedia":[{"embeddable":true,"href":"https:\/\/diariodominicano.com\/index.php?rest_route=\/wp\/v2\/media\/647054"}],"wp:attachment":[{"href":"https:\/\/diariodominicano.com\/index.php?rest_route=%2Fwp%2Fv2%2Fmedia&parent=647053"}],"wp:term":[{"taxonomy":"category","embeddable":true,"href":"https:\/\/diariodominicano.com\/index.php?rest_route=%2Fwp%2Fv2%2Fcategories&post=647053"},{"taxonomy":"post_tag","embeddable":true,"href":"https:\/\/diariodominicano.com\/index.php?rest_route=%2Fwp%2Fv2%2Ftags&post=647053"}],"curies":[{"name":"wp","href":"https:\/\/api.w.org\/{rel}","templated":true}]}}