{"id":647045,"date":"2025-11-03T03:30:04","date_gmt":"2025-11-03T07:30:04","guid":{"rendered":"https:\/\/diariodominicano.com\/?p=647045"},"modified":"2025-11-03T03:30:06","modified_gmt":"2025-11-03T07:30:06","slug":"especial-buenos-aires-celebra-fervor-por-la-lectura-con-atractiva-edicion-de-feria-del-libro-antiguo","status":"publish","type":"post","link":"https:\/\/diariodominicano.com\/?p=647045","title":{"rendered":"Especial: Buenos Aires celebra fervor por la lectura con atractiva edici\u00f3n de Feria del Libro Antiguo"},"content":{"rendered":"\n<p><em>spanish.news.cn<\/em>|<em>&nbsp;2025-11-03 07:09:47<\/em>|<\/p>\n\n\n\n<p>BUENOS AIRES, 2 nov (Xinhua) &#8212; La capital de Argentina, la ciudad de Buenos Aires, celebr\u00f3 su fervor por la lectura con una nueva y atractiva edici\u00f3n de la Feria del Libro Antiguo, evento de cinco d\u00edas de duraci\u00f3n que concluy\u00f3 hoy domingo y dio la posibilidad a quienes asistieron de disfrutar de un exquisito patrimonio bibliogr\u00e1fico nacional y universal.<\/p>\n\n\n\n<p>La propuesta, que este a\u00f1o lleg\u00f3 a su edici\u00f3n n\u00famero 18, se llev\u00f3 a cabo en el Centro Cultural Palacio Libertad, ubicado en el centro de la capital argentina, organizada por la Asociaci\u00f3n de Libreros Anticuarios de Argentina (ALADA).<\/p>\n\n\n\n<p>La feria tuvo como eje tem\u00e1tico a la mujer argentina escritora y quienes la visitaron pudieron recorrer una treintena de puestos de expositores que ofrecieron ejemplares antiguos de distintos siglos.<\/p>\n\n\n\n<p>Cont\u00f3 con ediciones modernas, raras y especiales, as\u00ed como ejemplares \u00fanicos de ilustraciones originales o encuadernaciones art\u00edsticas, adem\u00e1s de grabados, mapas, fotograf\u00edas antiguas y afiches, entre otras piezas, siempre con el soporte del papel.<\/p>\n\n\n\n<p>El presidente de la ALADA, Roberto Vega, explic\u00f3 a Xinhua que la feria \u00absiempre es un encuentro que despierta grandes expectativas entre los amantes del libro\u00bb, as\u00ed como entre los profesionales del legado antiguo, bibli\u00f3filos, coleccionistas, libreros y p\u00fablico lector en general.<\/p>\n\n\n\n<p>\u00abEs una reuni\u00f3n de libreros anticuarios y de maestros artesanos y artistas vinculados al mundo del libro (&#8230;) encuadernadores, editores, constructores de papel artesanal. Todo este entramado se vincula a la cultura impresa\u00bb, dijo el tambi\u00e9n titular de \u00abHilario. Artes, Letras y Oficios\u00bb.<\/p>\n\n\n\n<p>Vega remarc\u00f3 que como libreros anticuarios \u00absentimos que en el \u00e1mbito de la feria se revitaliza ese fervor por el patrimonio bibliogr\u00e1fico nacional y universal, y por la voluntad de protegerlo para su disfrute actual y para que las generaciones futuras puedan recibir ese legado de amor, emociones, mensajes, historias y tantas otras tramas que le dan vida y raz\u00f3n de ser a la cultura impresa\u00bb.<\/p>\n\n\n\n<p>\u00abPara un p\u00fablico curioso extranjero que visita nuestra ciudad, es una ocasi\u00f3n fant\u00e1stica por conocer la idiosincrasia de este pa\u00eds latinoamericano a trav\u00e9s de la letra impresa, desde obras antiguas hasta contempor\u00e1neas que tambi\u00e9n se presentan\u00bb, indic\u00f3.<\/p>\n\n\n\n<p>\u00abNuestra idea es acceder a un p\u00fablico nuevo, a un p\u00fablico que nos descubra, que descubra el libro lindo, el libro antiguo, el libro especial, las ediciones en primera y las ediciones muy cortas, es decir, el libro raro\u00bb, a\u00f1adi\u00f3 el entrevistado.<\/p>\n\n\n\n<p>El evento incluy\u00f3 mesas de debate sobre mujeres argentinas escritoras, as\u00ed como de cultura, patrimonio y coleccionismo, al disponer de un espacio-taller de encuadernadores, editores, impresores y otros artistas o artesanos ligados al mundo del libro.<\/p>\n\n\n\n<p>Entre los ejemplares antiguos que el p\u00fablico pudo apreciar destacaron desde ediciones del siglo XVI, hasta impresores humanistas del Renacimiento y obras emblem\u00e1ticas de las vanguardias argentinas.<\/p>\n\n\n\n<p>Destac\u00f3 un ejemplar del \u00abFacundo\u00bb, obra del expresidente Domingo Faustino Sarmiento (1868-1874), el primer libro publicado por la Sociedad de Bibli\u00f3filos Argentinos, encuadernado por Paul Bonet, el mayor encuadernador franc\u00e9s contempor\u00e1neo.<\/p>\n\n\n\n<p>Otro de los ejemplares destacados fue \u00abConquista espiritual\u00bb (1639) de Antonio Ruiz de Montoya sobre la historia de misiones religiosas.<\/p>\n\n\n\n<p>La ALADA, encargada de la organizaci\u00f3n de la Feria del Libro Antiguo, fue fundada a mediados del siglo pasado por un grupo de destacados libreros, al agrupar a libreros especializados, anticuarios y editores que asumen la importancia de colaborar con la conservaci\u00f3n del patrimonio bibliogr\u00e1fico nacional y universal.<\/p>\n\n\n\n<p><a href=\"https:\/\/www.facebook.com\/sharer\/sharer.php?u=https:\/\/spanish.xinhuanet.com\/20251103\/265bc05b699d4adcb17a81a00a18460b\/c.html\" target=\"_blank\" rel=\"noreferrer noopener\"><\/a>&nbsp;<a href=\"https:\/\/twitter.com\/intent\/tweet?text=Especial:%20Buenos%20Aires%20celebra%20fervor%20por%20la%20lectura%20con%20atractiva%20edici%C3%B3n%20de%20Feria%20del%20Libro%20Antiguo&amp;url=https:\/\/spanish.xinhuanet.com\/20251103\/265bc05b699d4adcb17a81a00a18460b\/c.html\" target=\"_blank\" rel=\"noreferrer noopener\"><\/a>&nbsp;<a target=\"_blank\" href=\"https:\/\/service.weibo.com\/share\/share.php?title=Especial:%20Buenos%20Aires%20celebra%20fervor%20por%20la%20lectura%20con%20atractiva%20edici%C3%B3n%20de%20Feria%20del%20Libro%20Antiguo&amp;url=https:\/\/spanish.xinhuanet.com\/20251103\/265bc05b699d4adcb17a81a00a18460b\/c.html\" rel=\"noreferrer noopener\"><\/a>&nbsp;<a><\/a><\/p>\n\n\n\n<figure class=\"wp-block-image\"><img decoding=\"async\" src=\"https:\/\/imgs.news.cn\/res\/xhwimg\/spanish\/20170522\/img\/jc-xfa.png\" alt=\"\"\/><\/figure>\n","protected":false},"excerpt":{"rendered":"<p>spanish.news.cn|&nbsp;2025-11-03 07:09:47| BUENOS AIRES, 2 nov (Xinhua) &#8212; La capital de Argentina, la ciudad de Buenos Aires, celebr\u00f3 su fervor por la lectura con una nueva y atractiva edici\u00f3n de la Feria del Libro Antiguo, evento de cinco d\u00edas de duraci\u00f3n que concluy\u00f3 hoy domingo y dio la posibilidad a quienes asistieron de disfrutar de [&hellip;]<\/p>\n","protected":false},"author":2,"featured_media":0,"comment_status":"closed","ping_status":"closed","sticky":false,"template":"","format":"standard","meta":{"footnotes":""},"categories":[21],"tags":[],"class_list":["post-647045","post","type-post","status-publish","format-standard","hentry","category-cultura"],"_links":{"self":[{"href":"https:\/\/diariodominicano.com\/index.php?rest_route=\/wp\/v2\/posts\/647045","targetHints":{"allow":["GET"]}}],"collection":[{"href":"https:\/\/diariodominicano.com\/index.php?rest_route=\/wp\/v2\/posts"}],"about":[{"href":"https:\/\/diariodominicano.com\/index.php?rest_route=\/wp\/v2\/types\/post"}],"author":[{"embeddable":true,"href":"https:\/\/diariodominicano.com\/index.php?rest_route=\/wp\/v2\/users\/2"}],"replies":[{"embeddable":true,"href":"https:\/\/diariodominicano.com\/index.php?rest_route=%2Fwp%2Fv2%2Fcomments&post=647045"}],"version-history":[{"count":1,"href":"https:\/\/diariodominicano.com\/index.php?rest_route=\/wp\/v2\/posts\/647045\/revisions"}],"predecessor-version":[{"id":647046,"href":"https:\/\/diariodominicano.com\/index.php?rest_route=\/wp\/v2\/posts\/647045\/revisions\/647046"}],"wp:attachment":[{"href":"https:\/\/diariodominicano.com\/index.php?rest_route=%2Fwp%2Fv2%2Fmedia&parent=647045"}],"wp:term":[{"taxonomy":"category","embeddable":true,"href":"https:\/\/diariodominicano.com\/index.php?rest_route=%2Fwp%2Fv2%2Fcategories&post=647045"},{"taxonomy":"post_tag","embeddable":true,"href":"https:\/\/diariodominicano.com\/index.php?rest_route=%2Fwp%2Fv2%2Ftags&post=647045"}],"curies":[{"name":"wp","href":"https:\/\/api.w.org\/{rel}","templated":true}]}}