{"id":647012,"date":"2025-11-03T02:58:45","date_gmt":"2025-11-03T06:58:45","guid":{"rendered":"https:\/\/diariodominicano.com\/?p=647012"},"modified":"2025-11-03T03:49:06","modified_gmt":"2025-11-03T07:49:06","slug":"el-presidente-abinader-inaugura-planta-de-tratamiento-de-aguas-residuales-en-el-municipio-pimentel","status":"publish","type":"post","link":"https:\/\/diariodominicano.com\/?p=647012","title":{"rendered":"El Presidente Abinader inaugura planta de tratamiento de aguas residuales en el municipio Pimentel"},"content":{"rendered":"\n<h3 class=\"wp-block-heading\">El Director del Inapa dijo que, por dos d\u00e9cadas, la obra no fue prioridad para las autoridades y que debi\u00f3 llegar a la Presidencia, Luis Abinader, para que se destinaran los recursos necesarios para hacerla realidad y llevar salud a la gente. La obra beneficia a  15,000 habitantes.<\/h3>\n\n\n\n<p>2 de Noviembre 2025 |<\/p>\n\n\n\n<p>Pimentel, Duarte, RD.\u2013 El &nbsp;<strong>presidente Luis Abinader<\/strong>&nbsp;inaugur\u00f3 el domingo la&nbsp;<strong>planta de tratamiento de aguas residuales<\/strong>&nbsp;del municipio&nbsp;<strong>Pimentel<\/strong>, provincia Duarte, cumpliendo as\u00ed su compromiso de llevar&nbsp;<strong>dignidad y bienesta<\/strong>r a las comunidades, al garantizar&nbsp;<strong>condiciones sanitarias adecuadas<\/strong>&nbsp;para los residentes que, durante d\u00e9cadas, convivieron con aguas residuales a cielo abierto, afirm\u00f3 el  director del INAPA.\u2002Dijo que la obra es la respuesta a un reclamo de&nbsp;<strong>m\u00e1s de 20 a\u00f1os. <\/strong><\/p>\n\n\n\n<p>La obra, entregada junto con el director ejecutivo del&nbsp;<strong>Instituto Nacional de Aguas Potables y Alcantarillados<\/strong>&nbsp;(Inapa),&nbsp;<strong>Wellington Arnaud,<\/strong>&nbsp;beneficiar\u00e1 a m\u00e1s de&nbsp;<strong>14,800<\/strong>&nbsp;habitantes de la localidad.<\/p>\n\n\n\n<p>La planta incluye nuevos desarenadores, laguna primaria anaer\u00f3bica, laguna secundaria facultativa, otra de maduraci\u00f3n facultativa y un sistema de desinfecci\u00f3n por cloro, con el fin de garantizar un adecuado proceso de&nbsp;<strong>recolecci\u00f3n, tratamiento y disposici\u00f3n final<\/strong>&nbsp;de las aguas residuales.<\/p>\n\n\n\n<figure class=\"wp-block-image\"><img decoding=\"async\" src=\"https:\/\/www.presidencia.gob.do\/sites\/default\/files\/inline-images\/Sin%20t%C3%ADtulo_20.jpg\" alt=\"\"\/><\/figure>\n\n\n\n<p>En las palabras centrales del acto, Arnaud resalt\u00f3 qu\u00e9, durante dos d\u00e9cadas, la obra no fue prioridad para las autoridades, y que&nbsp;<strong>debi\u00f3 llegar a la Presidencia Luis Abinader<\/strong>&nbsp;para que se asignaran los recursos y se hiciera realidad esta intervenci\u00f3n que hoy lleva salud y bienestar a la poblaci\u00f3n.<\/p>\n\n\n\n<p><em>\u201cEstamos sembrando salud y bienestar, ocup\u00e1ndonos de que cada peso sea invertido de forma eficiente, para mejorar la calidad de vida del pueblo dominicano\u201d<\/em>, expres\u00f3 el funcionario.<\/p>\n\n\n\n<p>Arnaud destac\u00f3, adem\u00e1s, el inter\u00e9s del presidente Abinader en ejecutar obras que, aunque no representen capital pol\u00edtico inmediato, tienen un profundo&nbsp;<strong>impacto social<\/strong>.<em>&nbsp;\u201cEsta es una obra que no se ve, porque la mayor parte est\u00e1 soterrada, pero el presidente tiene claro que transforma la vida de la gente\u201d,<\/em>&nbsp;indic\u00f3.<\/p>\n\n\n\n<figure class=\"wp-block-image\"><img decoding=\"async\" src=\"https:\/\/www.presidencia.gob.do\/sites\/default\/files\/inline-images\/Sin%20t%C3%ADtulo_21.jpg\" alt=\"\"\/><\/figure>\n\n\n\n<p>Asimismo, explic\u00f3 que, como parte de la pol\u00edtica de&nbsp;<strong>eficiencia y transparencia del Gobierno<\/strong>, en esta gesti\u00f3n primero se realizan las excavaciones y se concluyen las obras, para luego proceder al asfaltado de las v\u00edas intervenidas en todo el municipio.<\/p>\n\n\n\n<p><em>\u201cAntes, se aplicaba el asfalto y luego se romp\u00eda para colocar las tuber\u00edas. Ahora, cada centavo del pueblo dominicano se ejecuta de manera eficiente, eficaz y, sobre todo, transparente\u201d,<\/em>&nbsp;enfatiz\u00f3 Arnaud.<\/p>\n\n\n\n<p>Con informaci\u00f3n de la Presidencia de la Rep\u00fablica.<\/p>\n\n\n\n<figure class=\"wp-block-embed is-type-wp-embed is-provider-diario-dominicano wp-block-embed-diario-dominicano\"><div class=\"wp-block-embed__wrapper\">\n<blockquote class=\"wp-embedded-content\" data-secret=\"KX04O23wbs\"><a href=\"https:\/\/diariodominicano.com\/?p=647029\">Mandatario entrega techado de la UASD San Francisco de Macor\u00eds, que beneficiar\u00e1 a m\u00e1s de 12,000 estudiantes<\/a><\/blockquote><iframe loading=\"lazy\" class=\"wp-embedded-content\" sandbox=\"allow-scripts\" security=\"restricted\" style=\"position: absolute; visibility: hidden;\" title=\"\u00abMandatario entrega techado de la UASD San Francisco de Macor\u00eds, que beneficiar\u00e1 a m\u00e1s de 12,000 estudiantes\u00bb \u2014 Diario Dominicano\" src=\"https:\/\/diariodominicano.com\/?p=647029&#038;embed=true#?secret=bH4GEgeNgm#?secret=KX04O23wbs\" data-secret=\"KX04O23wbs\" width=\"600\" height=\"338\" frameborder=\"0\" marginwidth=\"0\" marginheight=\"0\" scrolling=\"no\"><\/iframe>\n<\/div><\/figure>\n\n\n\n<p><\/p>\n\n\n\n<figure class=\"wp-block-embed is-type-wp-embed is-provider-diario-dominicano wp-block-embed-diario-dominicano\"><div class=\"wp-block-embed__wrapper\">\n<blockquote class=\"wp-embedded-content\" data-secret=\"HCyZ3RLjK1\"><a href=\"https:\/\/diariodominicano.com\/?p=647040\">Abinader entrega Hospital Regional Universitario Dr. \u00c1ngel Mar\u00eda Gat\u00f3n<\/a><\/blockquote><iframe loading=\"lazy\" class=\"wp-embedded-content\" sandbox=\"allow-scripts\" security=\"restricted\" style=\"position: absolute; visibility: hidden;\" title=\"\u00abAbinader entrega Hospital Regional Universitario Dr. \u00c1ngel Mar\u00eda Gat\u00f3n\u00bb \u2014 Diario Dominicano\" src=\"https:\/\/diariodominicano.com\/?p=647040&#038;embed=true#?secret=h6KMAQmF3s#?secret=HCyZ3RLjK1\" data-secret=\"HCyZ3RLjK1\" width=\"600\" height=\"338\" frameborder=\"0\" marginwidth=\"0\" marginheight=\"0\" scrolling=\"no\"><\/iframe>\n<\/div><\/figure>\n","protected":false},"excerpt":{"rendered":"<p>El Director del Inapa dijo que, por dos d\u00e9cadas, la obra no fue prioridad para las autoridades y que debi\u00f3 llegar a la Presidencia, Luis Abinader, para que se destinaran los recursos necesarios para hacerla realidad y llevar salud a la gente. La obra beneficia a 15,000 habitantes. 2 de Noviembre 2025 | Pimentel, Duarte, [&hellip;]<\/p>\n","protected":false},"author":2,"featured_media":647018,"comment_status":"closed","ping_status":"closed","sticky":false,"template":"","format":"standard","meta":{"footnotes":""},"categories":[20,27],"tags":[],"class_list":["post-647012","post","type-post","status-publish","format-standard","has-post-thumbnail","hentry","category-dominicana-hoy","category-portada"],"_links":{"self":[{"href":"https:\/\/diariodominicano.com\/index.php?rest_route=\/wp\/v2\/posts\/647012","targetHints":{"allow":["GET"]}}],"collection":[{"href":"https:\/\/diariodominicano.com\/index.php?rest_route=\/wp\/v2\/posts"}],"about":[{"href":"https:\/\/diariodominicano.com\/index.php?rest_route=\/wp\/v2\/types\/post"}],"author":[{"embeddable":true,"href":"https:\/\/diariodominicano.com\/index.php?rest_route=\/wp\/v2\/users\/2"}],"replies":[{"embeddable":true,"href":"https:\/\/diariodominicano.com\/index.php?rest_route=%2Fwp%2Fv2%2Fcomments&post=647012"}],"version-history":[{"count":4,"href":"https:\/\/diariodominicano.com\/index.php?rest_route=\/wp\/v2\/posts\/647012\/revisions"}],"predecessor-version":[{"id":647058,"href":"https:\/\/diariodominicano.com\/index.php?rest_route=\/wp\/v2\/posts\/647012\/revisions\/647058"}],"wp:featuredmedia":[{"embeddable":true,"href":"https:\/\/diariodominicano.com\/index.php?rest_route=\/wp\/v2\/media\/647018"}],"wp:attachment":[{"href":"https:\/\/diariodominicano.com\/index.php?rest_route=%2Fwp%2Fv2%2Fmedia&parent=647012"}],"wp:term":[{"taxonomy":"category","embeddable":true,"href":"https:\/\/diariodominicano.com\/index.php?rest_route=%2Fwp%2Fv2%2Fcategories&post=647012"},{"taxonomy":"post_tag","embeddable":true,"href":"https:\/\/diariodominicano.com\/index.php?rest_route=%2Fwp%2Fv2%2Ftags&post=647012"}],"curies":[{"name":"wp","href":"https:\/\/api.w.org\/{rel}","templated":true}]}}