{"id":646992,"date":"2025-11-03T02:33:38","date_gmt":"2025-11-03T06:33:38","guid":{"rendered":"https:\/\/diariodominicano.com\/?p=646992"},"modified":"2025-11-03T02:33:41","modified_gmt":"2025-11-03T06:33:41","slug":"julianny-de-la-cruz-se-corona-en-el-torneo-tennis-europe-u16-espana","status":"publish","type":"post","link":"https:\/\/diariodominicano.com\/?p=646992","title":{"rendered":"Julianny De La Cruz se corona en el torneo Tennis Europe U16, Espa\u00f1a"},"content":{"rendered":"\n<p>Sergio Sabadello, de\u00a0Vilas Tennis Academy, premia a la campeona del torneo, la dominicana Julianny De La Cruz.<\/p>\n\n\n\n<p>SANTO DOMINGO, RD.-\u00a0La brillante tenista dominicana Julianny De La Cruz otra vez pone la bandera dominicana en los m\u00e1s alto tras coronarse campeona del torneo internacional Tennis Europe U16, celebrado entre el 25 de octubre y concluy\u00f3 este domingo 2 de noviembre.<\/p>\n\n\n\n<p>El evento fue celebrado con unos 100 tenistas de todo el mundo, en Vilas Tennis Academy, en Palma de Mallorca, Espa\u00f1a.<\/p>\n\n\n\n<p>La criolla De La Cruz dej\u00f3 en el camino en la final celebrada este domingo a la valenciana y quinta favorita del torneo,&nbsp;Edurne Tortajada, por 7-5 1-0 y retiro. &nbsp;<\/p>\n\n\n\n<p>Previo a la final, Julianny tuvo que vencer a la rumana Ania Curuia, por 7-6 6-0, en la semifinal. &nbsp;&nbsp;<\/p>\n\n\n\n<p>Tambi\u00e9n la dominicana dio cuentas en cuartos de final a Hana Peterlin Pahor, de Eslovenia, por 0-6 6-4 y 7-6.<\/p>\n\n\n\n<p>En los octavos de final Julianny derrot\u00f3 a la francesa Ayah Hachad, por 6-7 6-4 y 3-0.<\/p>\n\n\n\n<p>Renata Sasonkina, de&nbsp;Bielorrusia, fue una v\u00edctima de Julianny en la primera ronda, con&nbsp;sets de 6-7 6-2 y 7-6.<\/p>\n\n\n\n<p>El evento fue celebrado en una cancha de arcilla.&nbsp;El director del torneo fue Cristiano Babuin, Jes\u00fas Su\u00e1rez, el r\u00e9feri. &nbsp;&nbsp;<\/p>\n\n\n\n<p>Julianny, con tan solo 14 a\u00f1os de edad viene acumulando palmar\u00e9s importantes para su corta carrera como tenista juvenil.&nbsp;<\/p>\n\n\n\n<p>Actualmente la criolla es 800 en la clasificaci\u00f3n Junior de la ITF. Su mejor ranking es de 769. &nbsp;<\/p>\n\n\n\n<p>Recientemente, De La Cruz fue la doble campeona de las Copas&nbsp;Uvero Alto&nbsp;y&nbsp;B\u00e1varo J30.&nbsp;Antes, se coron\u00f3 en el Torneo Master Cotecc U14 2025, evento celebrado en M\u00e9xico.<\/p>\n\n\n\n<p>En lo que va de a\u00f1o, Julianny ha ganado varias paradas del Torneo Nacional Juvenil Grado A, organizado por la Fedotenis.<\/p>\n\n\n\n<p>As\u00ed las cosas, la portento tenista dominicana ha trillado un 2025 de ensue\u00f1o. &nbsp;<\/p>\n\n\n\n<p>Federacion Dominicana de Tenis Fedotenis<\/p>\n\n\n\n<p><a target=\"_blank\" href=\"mailto:prensafedotenis@gmail.com\" rel=\"noreferrer noopener\">prensafedotenis@gmail.com<\/a><\/p>\n","protected":false},"excerpt":{"rendered":"<p>Sergio Sabadello, de\u00a0Vilas Tennis Academy, premia a la campeona del torneo, la dominicana Julianny De La Cruz. SANTO DOMINGO, RD.-\u00a0La brillante tenista dominicana Julianny De La Cruz otra vez pone la bandera dominicana en los m\u00e1s alto tras coronarse campeona del torneo internacional Tennis Europe U16, celebrado entre el 25 de octubre y concluy\u00f3 este [&hellip;]<\/p>\n","protected":false},"author":2,"featured_media":646993,"comment_status":"closed","ping_status":"closed","sticky":false,"template":"","format":"standard","meta":{"footnotes":""},"categories":[17],"tags":[],"class_list":["post-646992","post","type-post","status-publish","format-standard","has-post-thumbnail","hentry","category-deportes"],"_links":{"self":[{"href":"https:\/\/diariodominicano.com\/index.php?rest_route=\/wp\/v2\/posts\/646992","targetHints":{"allow":["GET"]}}],"collection":[{"href":"https:\/\/diariodominicano.com\/index.php?rest_route=\/wp\/v2\/posts"}],"about":[{"href":"https:\/\/diariodominicano.com\/index.php?rest_route=\/wp\/v2\/types\/post"}],"author":[{"embeddable":true,"href":"https:\/\/diariodominicano.com\/index.php?rest_route=\/wp\/v2\/users\/2"}],"replies":[{"embeddable":true,"href":"https:\/\/diariodominicano.com\/index.php?rest_route=%2Fwp%2Fv2%2Fcomments&post=646992"}],"version-history":[{"count":1,"href":"https:\/\/diariodominicano.com\/index.php?rest_route=\/wp\/v2\/posts\/646992\/revisions"}],"predecessor-version":[{"id":646995,"href":"https:\/\/diariodominicano.com\/index.php?rest_route=\/wp\/v2\/posts\/646992\/revisions\/646995"}],"wp:featuredmedia":[{"embeddable":true,"href":"https:\/\/diariodominicano.com\/index.php?rest_route=\/wp\/v2\/media\/646993"}],"wp:attachment":[{"href":"https:\/\/diariodominicano.com\/index.php?rest_route=%2Fwp%2Fv2%2Fmedia&parent=646992"}],"wp:term":[{"taxonomy":"category","embeddable":true,"href":"https:\/\/diariodominicano.com\/index.php?rest_route=%2Fwp%2Fv2%2Fcategories&post=646992"},{"taxonomy":"post_tag","embeddable":true,"href":"https:\/\/diariodominicano.com\/index.php?rest_route=%2Fwp%2Fv2%2Ftags&post=646992"}],"curies":[{"name":"wp","href":"https:\/\/api.w.org\/{rel}","templated":true}]}}