{"id":646973,"date":"2025-11-03T01:59:06","date_gmt":"2025-11-03T05:59:06","guid":{"rendered":"https:\/\/diariodominicano.com\/?p=646973"},"modified":"2025-11-03T02:54:07","modified_gmt":"2025-11-03T06:54:07","slug":"rd-anuncia-sus-convocados-para-duelos-de-concacaf-friendly-series-en-santiago","status":"publish","type":"post","link":"https:\/\/diariodominicano.com\/?p=646973","title":{"rendered":"RD anuncia sus convocados para duelos \u00a0de Concacaf Friendly Series en Santiago"},"content":{"rendered":"\n<p>SANTO DOMINGO, RD.- La Selecci\u00f3n Dominicana dio a conocer la lista de jugadores convocados para la Ventana FIFA en la que Rep\u00fablica Dominicana estar\u00e1 disputando los dos primeros compromisos de la Concacaf Friendly Series 2025-26, los d\u00edas 12 y 18 de noviembre en el Estadio Cibao FC de Santiago de los Caballeros.<\/p>\n\n\n\n<p>Marcelo Neveleff ha citado a su plantel de lujo para enfrentar a San Vicente y Las Granadinas el mi\u00e9rcoles 12 de noviembre desde las 8:00 PM y a Martinica el martes 18 a las 7:30 PM.<\/p>\n\n\n\n<p>Dominicana buscar\u00e1 seguir acumulando horas de trabajo y partidos que le den rodaje a la base de jugadores que estar\u00e1n afrontando las pr\u00f3ximas competiciones oficiales, sobre todo el debut en la Liga A de la Liga de Naciones de Concacaf en el 2026 donde estar\u00e1 en juego la clasificaci\u00f3n a la Copa Oro 2027.<\/p>\n\n\n\n<p>Estar\u00e1n ausentes por lesi\u00f3n J\u00fanior Firpo, el capit\u00e1n Jean Carlos L\u00f3pez y el defensor Isarel Boatwright.<\/p>\n\n\n\n<p>En esta convocatoria destacan los regresos de Charbel Whebe y Edison Azcona, tambi\u00e9n marca el debut en tierras quisqueyanas de Oscar Ure\u00f1a vistiendo la casaca nacional, as\u00ed como tambi\u00e9n el primer llamado a la absoluta de Joselvis Mart\u00ednez defensor central de gran presente en la Liga Dominicana de F\u00fatbol (LDF).<\/p>\n\n\n\n<p>La convocatoria est\u00e1 compuesta por los porteros: Miguel Lloyd (Cibao FC \u2013 RD) y Xavier Valdez (Nashville SC &#8211; USA).<\/p>\n\n\n\n<p>Defensores: Joao Urbaez (Flamurtari Vlore &#8211; Albania), Charbel Wehbe (Castell\u00f3n B &#8211; Espa\u00f1a), Jimmy Kaparos (K Patro Eisden \u2013 B\u00e9lgica), Joselvis Mart\u00ednez (Delfines del Este \u2013 RD), Edgar Pujol (Racing Ferrol &#8211; Espa\u00f1a), Noah Dollenmayer (San Antonio FC &#8211; USA) y Juan Familia (RKC Waalwuk \u2013 Pa\u00edses Bajos).<\/p>\n\n\n\n<p>Mediocampistas: Pablo Rosario (FC Porto &#8211; Portugal), Heinz Morschel (FC Vizela \u2013 Portugal), Omar de la Cruz (Cibao FC \u2013 RD), Lucas Breton (M\u00e1laga CF \u2013 Espa\u00f1a), Edison Azcona (Las Vegas Lights \u2013 USA) y Ronaldo V\u00e1squez (Sumqayit PFK \u2013 Azerbaiy\u00e1n).<\/p>\n\n\n\n<p>Delanteros: Oscar Ure\u00f1a (FC Barcelona B \u2013 Espa\u00f1a), Juan Carlos Pineda (PFC Beroe &#8211; Bulgaria), Edarlyn Reyes (Arsenal Tula &#8211; Rusia), Dorny Romero (Club Bol\u00edvar &#8211; Bolivia) y Erick Japa (Umecit \u2013 Panam\u00e1).<\/p>\n\n\n\n<p>Las boletas est\u00e1n a la venta en&nbsp;<a href=\"http:\/\/uepatickets.com\/\" target=\"_blank\" rel=\"noreferrer noopener\">uepatickets.com<\/a>&nbsp;para ambos partidos.<\/p>\n\n\n\n<p><strong>Johnny Nieto<\/strong><\/p>\n\n\n\n<p><strong>Departamento de Comunicaciones F.D.F.<\/strong> <\/p>\n\n\n\n<p><\/p>\n","protected":false},"excerpt":{"rendered":"<p>SANTO DOMINGO, RD.- La Selecci\u00f3n Dominicana dio a conocer la lista de jugadores convocados para la Ventana FIFA en la que Rep\u00fablica Dominicana estar\u00e1 disputando los dos primeros compromisos de la Concacaf Friendly Series 2025-26, los d\u00edas 12 y 18 de noviembre en el Estadio Cibao FC de Santiago de los Caballeros. Marcelo Neveleff ha [&hellip;]<\/p>\n","protected":false},"author":2,"featured_media":647009,"comment_status":"closed","ping_status":"closed","sticky":false,"template":"","format":"standard","meta":{"footnotes":""},"categories":[17],"tags":[1532],"class_list":["post-646973","post","type-post","status-publish","format-standard","has-post-thumbnail","hentry","category-deportes","tag-fedofutbol"],"_links":{"self":[{"href":"https:\/\/diariodominicano.com\/index.php?rest_route=\/wp\/v2\/posts\/646973","targetHints":{"allow":["GET"]}}],"collection":[{"href":"https:\/\/diariodominicano.com\/index.php?rest_route=\/wp\/v2\/posts"}],"about":[{"href":"https:\/\/diariodominicano.com\/index.php?rest_route=\/wp\/v2\/types\/post"}],"author":[{"embeddable":true,"href":"https:\/\/diariodominicano.com\/index.php?rest_route=\/wp\/v2\/users\/2"}],"replies":[{"embeddable":true,"href":"https:\/\/diariodominicano.com\/index.php?rest_route=%2Fwp%2Fv2%2Fcomments&post=646973"}],"version-history":[{"count":2,"href":"https:\/\/diariodominicano.com\/index.php?rest_route=\/wp\/v2\/posts\/646973\/revisions"}],"predecessor-version":[{"id":647017,"href":"https:\/\/diariodominicano.com\/index.php?rest_route=\/wp\/v2\/posts\/646973\/revisions\/647017"}],"wp:featuredmedia":[{"embeddable":true,"href":"https:\/\/diariodominicano.com\/index.php?rest_route=\/wp\/v2\/media\/647009"}],"wp:attachment":[{"href":"https:\/\/diariodominicano.com\/index.php?rest_route=%2Fwp%2Fv2%2Fmedia&parent=646973"}],"wp:term":[{"taxonomy":"category","embeddable":true,"href":"https:\/\/diariodominicano.com\/index.php?rest_route=%2Fwp%2Fv2%2Fcategories&post=646973"},{"taxonomy":"post_tag","embeddable":true,"href":"https:\/\/diariodominicano.com\/index.php?rest_route=%2Fwp%2Fv2%2Ftags&post=646973"}],"curies":[{"name":"wp","href":"https:\/\/api.w.org\/{rel}","templated":true}]}}