{"id":646967,"date":"2025-11-03T01:53:40","date_gmt":"2025-11-03T05:53:40","guid":{"rendered":"https:\/\/diariodominicano.com\/?p=646967"},"modified":"2025-11-03T01:53:46","modified_gmt":"2025-11-03T05:53:46","slug":"familias-de-bolivia-despiden-a-sus-muertos-en-todos-santos","status":"publish","type":"post","link":"https:\/\/diariodominicano.com\/?p=646967","title":{"rendered":"Familias de Bolivia despiden a sus muertos en Todos Santos"},"content":{"rendered":"\n<p>La Paz, 2 nov (Prensa Latina) Familias bolivianas recuerdan hoy a sus difuntos en los cementerios tras recibirlos la v\u00edspera al mediod\u00eda con las llamadas mesas de tres niveles o altares repletos de productos, instaladas en casas particulares y lugares p\u00fablicos.<\/p>\n\n\n\n<ul class=\"wp-block-list\">\n<li><a href=\"https:\/\/www.prensa-latina.cu\/2025\/11\/02\/\"><time>noviembre 2, 2025 | 10:52<\/time><\/a><\/li>\n<\/ul>\n\n\n\n<ul class=\"wp-block-list\">\n<li><a href=\"https:\/\/www.prensa-latina.cu\/2025\/11\/02\/familias-de-bolivia-despiden-a-sus-muertos-en-todos-santos\/#\"><\/a><\/li>\n\n\n\n<li><a href=\"https:\/\/www.prensa-latina.cu\/2025\/11\/02\/familias-de-bolivia-despiden-a-sus-muertos-en-todos-santos\/#\"><\/a><\/li>\n\n\n\n<li><a href=\"https:\/\/www.prensa-latina.cu\/2025\/11\/02\/familias-de-bolivia-despiden-a-sus-muertos-en-todos-santos\/#\"><\/a><\/li>\n\n\n\n<li><a href=\"https:\/\/www.prensa-latina.cu\/2025\/11\/02\/familias-de-bolivia-despiden-a-sus-muertos-en-todos-santos\/#\"><\/a><\/li>\n<\/ul>\n\n\n\n<p>Seg\u00fan la creencia que data de la era precolombina y despu\u00e9s del dominio colonial incluy\u00f3 elementos sincr\u00e9ticos impuestos por el cristianismo, los ajayus (esp\u00edritus) llegan de visita al mediod\u00eda del 1 de noviembre y permanecen en el plano terrenal durante 24 horas.<\/p>\n\n\n\n<p>Para recibirlos, sus familiares y amigos preparan mesas o altares con la comida y bebida favoritas de los difuntos, como el que fue armado en la Casa Museo In\u00e9s C\u00f3rdoba-Gil Iman\u00e1, en el barrio de Sopocachi, en La Paz, por iniciativa de la Fundaci\u00f3n Cultural del Banco Central de Bolivia y la embajada de M\u00e9xico en el pa\u00eds andino amaz\u00f3nico.<\/p>\n\n\n\n<p>Denominado Todos Santos, este ritual es uno de los m\u00e1s significativos en la cosmovisi\u00f3n andina, consistente en que los ajayus regresan al mundo de los vivos , y las familias se preparan para recibirlos con ofrendas, rezos, m\u00fasica y profunda devoci\u00f3n, ligada al ciclo agr\u00edcola.<\/p>\n\n\n\n<p>El culto a los antepasados no es solo un acto de memoria, sino parte de una relaci\u00f3n viva con la tierra, mediante la cual se invoca a los muertos como protectores de las cosechas y del equilibrio comunitario.<\/p>\n\n\n\n<p>La llegada de las lluvias -que marca el renacer de los cultivos- coincide con el regreso simb\u00f3lico de los ajayus, y crea un puente entre la muerte, la fertilidad y la continuidad de la vida.<\/p>\n\n\n\n<p>Una mesa de Todos Santos resalta por su colorido y abundancia de ofrendas desde el mediod\u00eda de este s\u00e1bado en la Casa Museo In\u00e9s C\u00f3rdoba-Gil Iman\u00e1, en cuyo centro resalta la foto de la pareja que form\u00f3 matrimonio en vida y habitaron en este inmueble, junto a retratos de otras personalidades de la cultura boliviana.<\/p>\n\n\n\n<p>Se\u00f1al de que en la tradici\u00f3n andina la muerte es continuidad de la vida, este s\u00e1bado a las 12:00 hora de Bolivia el ensamble femenino Resistencia Vicu\u00f1a con su redoblante y un set del instrumento de viento madera denominado anopinquillo (solo se toca en esta fecha) animaron el ambiente frente a la mesa instalada en la casa museo para dar la bienvenida con alegr\u00eda.<\/p>\n\n\n\n<p>Resaltan entre las ofrendas los T\u2019anta wawas o figuras antropom\u00f3rficas de panes, representativas de los difuntos, al igual que los bizcochuelos de masa dulce, que simbolizan el ata\u00fad.<\/p>\n\n\n\n<p>Otro elemento presente es la escalera, medio por el cual los ajayus descienden del mundo de los muertos y este domingo a la misma hora en que llegaron volver\u00e1n a ascender.<\/p>\n\n\n\n<p>Expresi\u00f3n de sincretismo con los s\u00edmbolos cat\u00f3licos transculturados despu\u00e9s de 1492, es una cruz, imagen de Cristo, considerado protector de quien muri\u00f3.<\/p>\n\n\n\n<p>Llama la atenci\u00f3n la presencia de un T\u2019anta caballo, que, seg\u00fan la creencia, ayuda a transportar al difunto y a los alimentos de la ofrenda.<\/p>\n\n\n\n<p>Tambi\u00e9n se observa una T\u2019anta paloma como s\u00edmbolo del esp\u00edritu santo, otro legado del cristianismo postcolombino.<\/p>\n\n\n\n<p>No faltan varias coronas, de las cuales las blancas, rosadas y celestes est\u00e1n dedicadas a los ni\u00f1os; mientras que las negras y moradas est\u00e1n consagradas a los mayores.<\/p>\n\n\n\n<p>Trozos de ca\u00f1a de az\u00facar sirven como bast\u00f3n a los difuntos durante el largo camino, y las flores representan el amor al fallecido.<\/p>\n\n\n\n<p>En la mesa es muy importante los alimentos de la preferencia del fallecido, simbolizado entre los andinos, sobre todo, por el plato denominado aj\u00ed de arveja (frijoles), as\u00ed como las bebidas (vino, cerveza y chicha para los mayores y refresco para los menores).<\/p>\n\n\n\n<p>Con el agua, se busca calmar la sed del ajayu en el largo viaje de llegada y despu\u00e9s, para el retorno.<\/p>\n\n\n\n<p>Para que el esp\u00edritu se sienta satisfecho, no faltan la coca y los cigarrillos, muy cerca de un epitafio en el cual aparece el nombre del difunto esperado.<\/p>\n\n\n\n<p>Las velas, iluminan el camino de las almas de regreso a casa y en el retorno al lugar de descanso eterno.<\/p>\n\n\n\n<p>Todos estos elementos culturales, perviven en la identidad andina y resisten los embates de tradiciones importadas desde Europa y Estados Unidos como el Halloween, promovido, sobre todo, por el mercado, y que tambi\u00e9n en Bolivia moviliza a miles de j\u00f3venes.<\/p>\n\n\n\n<p>oda\/jpm<\/p>\n\n\n\n<ul class=\"wp-block-list\">\n<li>#<a href=\"https:\/\/www.prensa-latina.cu\/etiqueta\/bolivia\/\">bolivia<\/a>\u00a0#<a href=\"https:\/\/www.prensa-latina.cu\/etiqueta\/tradicion-de-todos-santos\/\">tradici\u00f3n de Todos Santos<\/a><\/li>\n<\/ul>\n","protected":false},"excerpt":{"rendered":"<p>La Paz, 2 nov (Prensa Latina) Familias bolivianas recuerdan hoy a sus difuntos en los cementerios tras recibirlos la v\u00edspera al mediod\u00eda con las llamadas mesas de tres niveles o altares repletos de productos, instaladas en casas particulares y lugares p\u00fablicos. Seg\u00fan la creencia que data de la era precolombina y despu\u00e9s del dominio colonial [&hellip;]<\/p>\n","protected":false},"author":2,"featured_media":646969,"comment_status":"closed","ping_status":"closed","sticky":false,"template":"","format":"standard","meta":{"footnotes":""},"categories":[21,23],"tags":[],"class_list":["post-646967","post","type-post","status-publish","format-standard","has-post-thumbnail","hentry","category-cultura","category-internacional"],"_links":{"self":[{"href":"https:\/\/diariodominicano.com\/index.php?rest_route=\/wp\/v2\/posts\/646967","targetHints":{"allow":["GET"]}}],"collection":[{"href":"https:\/\/diariodominicano.com\/index.php?rest_route=\/wp\/v2\/posts"}],"about":[{"href":"https:\/\/diariodominicano.com\/index.php?rest_route=\/wp\/v2\/types\/post"}],"author":[{"embeddable":true,"href":"https:\/\/diariodominicano.com\/index.php?rest_route=\/wp\/v2\/users\/2"}],"replies":[{"embeddable":true,"href":"https:\/\/diariodominicano.com\/index.php?rest_route=%2Fwp%2Fv2%2Fcomments&post=646967"}],"version-history":[{"count":1,"href":"https:\/\/diariodominicano.com\/index.php?rest_route=\/wp\/v2\/posts\/646967\/revisions"}],"predecessor-version":[{"id":646970,"href":"https:\/\/diariodominicano.com\/index.php?rest_route=\/wp\/v2\/posts\/646967\/revisions\/646970"}],"wp:featuredmedia":[{"embeddable":true,"href":"https:\/\/diariodominicano.com\/index.php?rest_route=\/wp\/v2\/media\/646969"}],"wp:attachment":[{"href":"https:\/\/diariodominicano.com\/index.php?rest_route=%2Fwp%2Fv2%2Fmedia&parent=646967"}],"wp:term":[{"taxonomy":"category","embeddable":true,"href":"https:\/\/diariodominicano.com\/index.php?rest_route=%2Fwp%2Fv2%2Fcategories&post=646967"},{"taxonomy":"post_tag","embeddable":true,"href":"https:\/\/diariodominicano.com\/index.php?rest_route=%2Fwp%2Fv2%2Ftags&post=646967"}],"curies":[{"name":"wp","href":"https:\/\/api.w.org\/{rel}","templated":true}]}}