{"id":646962,"date":"2025-11-03T01:48:17","date_gmt":"2025-11-03T05:48:17","guid":{"rendered":"https:\/\/diariodominicano.com\/?p=646962"},"modified":"2025-11-03T01:48:23","modified_gmt":"2025-11-03T05:48:23","slug":"propuesta-de-mexico-cautiva-en-dia-de-todos-santos-de-bolivia","status":"publish","type":"post","link":"https:\/\/diariodominicano.com\/?p=646962","title":{"rendered":"Propuesta de M\u00e9xico cautiva en D\u00eda de Todos Santos de Bolivia"},"content":{"rendered":"\n<p>La Paz, 2 nov (Prensa Latina) Tras la despedida de sus difuntos luego de recibirlos este s\u00e1bado al mediod\u00eda seg\u00fan la creencia, muchos bolivianos acudieron hoy a la Casa Museo In\u00e9s C\u00f3rdoba-Gil Iman\u00e1 para apreciar la belleza del mexicano Altar de Muertos.<\/p>\n\n\n\n<ul class=\"wp-block-list\">\n<li><a href=\"https:\/\/www.prensa-latina.cu\/2025\/11\/02\/\"><time>noviembre 2, 2025 | 20:56<\/time><\/a><\/li>\n<\/ul>\n\n\n\n<ul class=\"wp-block-list\">\n<li><a href=\"https:\/\/www.prensa-latina.cu\/2025\/11\/02\/propuesta-de-mexico-cautiva-en-dia-de-todos-santos-de-bolivia\/#\"><\/a><\/li>\n\n\n\n<li><a href=\"https:\/\/www.prensa-latina.cu\/2025\/11\/02\/propuesta-de-mexico-cautiva-en-dia-de-todos-santos-de-bolivia\/#\"><\/a><\/li>\n\n\n\n<li><a href=\"https:\/\/www.prensa-latina.cu\/2025\/11\/02\/propuesta-de-mexico-cautiva-en-dia-de-todos-santos-de-bolivia\/#\"><\/a><\/li>\n\n\n\n<li><a href=\"https:\/\/www.prensa-latina.cu\/2025\/11\/02\/propuesta-de-mexico-cautiva-en-dia-de-todos-santos-de-bolivia\/#\"><\/a><\/li>\n<\/ul>\n\n\n\n<p>Por Jorge Petinaud Mart\u00ednez<\/p>\n\n\n\n<p>Corresponsal jefe en Bolivia<\/p>\n\n\n\n<p>\u201cLa tradici\u00f3n del D\u00eda de Muertos es de las m\u00e1s representativas de la cultura mexicana, y qu\u00e9 mejor que reflejarla en Bolivia, pa\u00eds con identidad similar a la nuestra, porque somos producto de un mismo continuo hist\u00f3rico\u201d, afirm\u00f3 en entrevista con Prensa Latina el embajador Eduardo Sosa Cuevas.<\/p>\n\n\n\n<p>Explic\u00f3 el diplom\u00e1tico que, como naciones andina y mesoamericana, respectivamente, Bolivia y M\u00e9xico son las m\u00e1s representativas de la herencia precolombina, y al mismo tiempo tambi\u00e9n sufrieron a finales del siglo XVI la llegada de los europeos.<\/p>\n\n\n\n<p>\u201cEntonces, si bien esta representaci\u00f3n del altar, que es el coraz\u00f3n de las manifestaciones del D\u00eda de Muertos -agreg\u00f3 el embajador-, es una celebraci\u00f3n y un orgullo que se muestra en todo el mundo, hacerlo en Bolivia tiene una significaci\u00f3n especial por este puente comunicacional con su mesa de Todos Santos\u201d.<\/p>\n\n\n\n<p>Sosa Cuevas expres\u00f3 particular orgullo de poderlo mostrar gracias a la generosidad boliviana en una sala contigua a la que acogi\u00f3 la mesa de Todos Santos.<\/p>\n\n\n\n<p>\u201cPor un lado, est\u00e1 esta vinculaci\u00f3n prehisp\u00e1nica que tambi\u00e9n nos permea a nosotros, y luego el vector que nos atraviesa desde el punto de vista del coloniaje\u201d, coment\u00f3.<\/p>\n\n\n\n<p>Describi\u00f3 que los siete niveles del Altar de Muertos mexicano hacia el inframundo difiere de los tres niveles de las mesas de Todos Santos de los bolivianos.<\/p>\n\n\n\n<p>Refiri\u00f3 a continuaci\u00f3n que en ambos casos se trata de una visi\u00f3n circular de que la vida terrenal trasciende y va m\u00e1s all\u00e1 a otro plano, y para llegar a eso son siete niveles hacia el inframundo, no hacia arriba, como los cristianos, que mediante la fe se proponen que sus almas vayan al cielo.<\/p>\n\n\n\n<p>\u201cHacia abajo es el inframundo cl\u00e1sico de las culturas prehisp\u00e1nicas que consta de siete estad\u00edos que experimentar\u00e1n las almas\u201d, reiter\u00f3.<\/p>\n\n\n\n<p>Enfatiz\u00f3 Sosa Cuevas en que la embajada promueve que se conozca el Altar de Muertos que, pr\u00e1cticamente es la \u201cmanifestaci\u00f3n pl\u00e1stica viva de lo que somos\u201d.<\/p>\n\n\n\n<p>Describi\u00f3 que el altar incluye representaciones de la cultura hisp\u00e1nica de la era colonial y tambi\u00e9n expresiones que datan del per\u00edodo precolombino.<\/p>\n\n\n\n<p>Por otra parte, refiri\u00f3, la presencia de la Catrina, ese esqueleto femenino vestido coquetamente, que se ha hecho muy c\u00e9lebre, pues termina siendo la cultura mesoamericana algo vivo que no deja de nutrirse de los aportes de cada momento hist\u00f3rico en un proceso sincr\u00e9tico.<\/p>\n\n\n\n<p>Record\u00f3 que ese personaje es una creaci\u00f3n del relevante grabador Jos\u00e9 Guadalupe Posada, quien irrumpi\u00f3 en la sociedad en la etapa post revolucionaria mexicana del siglo XX para satirizar mediante la muerte a los pol\u00edticos, con el concepto de que este fen\u00f3meno es lo m\u00e1s democr\u00e1tico pues nadie escapa de \u00e9l.<\/p>\n\n\n\n<p>Mencion\u00f3 que se utilizaba como una manifestaci\u00f3n gr\u00e1fica en peri\u00f3dicos de s\u00e1tira pol\u00edtica, en momentos en los cuales se ten\u00eda que dar la visi\u00f3n de que la muerte rondaba a la pol\u00edtica en un M\u00e9xico convulso como el post revolucionario.<\/p>\n\n\n\n<p>\u201cTuvo una explosi\u00f3n cultural muy fuerte cuando el pintor Diego Rivera la llev\u00f3 a ese famoso mural denominado Un Domingo Paseando por la Alameda, donde aparece una Catrina muy elegantemente vestida\u00bb, evoc\u00f3.<\/p>\n\n\n\n<p>\u201cYa m\u00e1s recientemente, en un contexto de globalizaci\u00f3n cultural del patrimonio que adquiere el Altar de Muertos, vemos tambi\u00e9n esta presencia en dos momentos de la cultura postmoderna con la pel\u00edcula de dibujo animado Coco, y otra de la saga del famoso agente secreto James Bond, que incluye una escena con un desfile de Catrinas en Ciudad de M\u00e9xico.<\/p>\n\n\n\n<p>\u201cOcurri\u00f3 en 2016 esa impronta universal de la Catrina a trav\u00e9s del cine, y ahora se realiza un desfile de este tipo cada a\u00f1o en M\u00e9xico; as\u00ed la Catrina ya est\u00e1 incorporada a la festividad del D\u00eda de Muertos, y nosotros en la embajada tambi\u00e9n la incorporamos a este altar, que ha tenido tanta aceptaci\u00f3n en La Paz\u201d, concluy\u00f3 el embajador.<\/p>\n\n\n\n<p>lb\/jpm<\/p>\n\n\n\n<ul class=\"wp-block-list\">\n<li>#<a href=\"https:\/\/www.prensa-latina.cu\/etiqueta\/altar-de-muertos-en-dia-de-todos-santos\/\">Altar de Muertos en Dia de Todos Santos<\/a>\u00a0#<a href=\"https:\/\/www.prensa-latina.cu\/etiqueta\/bolivia\/\">bolivia<\/a><\/li>\n<\/ul>\n","protected":false},"excerpt":{"rendered":"<p>La Paz, 2 nov (Prensa Latina) Tras la despedida de sus difuntos luego de recibirlos este s\u00e1bado al mediod\u00eda seg\u00fan la creencia, muchos bolivianos acudieron hoy a la Casa Museo In\u00e9s C\u00f3rdoba-Gil Iman\u00e1 para apreciar la belleza del mexicano Altar de Muertos. Por Jorge Petinaud Mart\u00ednez Corresponsal jefe en Bolivia \u201cLa tradici\u00f3n del D\u00eda de [&hellip;]<\/p>\n","protected":false},"author":2,"featured_media":646963,"comment_status":"closed","ping_status":"closed","sticky":false,"template":"","format":"standard","meta":{"footnotes":""},"categories":[21,23],"tags":[],"class_list":["post-646962","post","type-post","status-publish","format-standard","has-post-thumbnail","hentry","category-cultura","category-internacional"],"_links":{"self":[{"href":"https:\/\/diariodominicano.com\/index.php?rest_route=\/wp\/v2\/posts\/646962","targetHints":{"allow":["GET"]}}],"collection":[{"href":"https:\/\/diariodominicano.com\/index.php?rest_route=\/wp\/v2\/posts"}],"about":[{"href":"https:\/\/diariodominicano.com\/index.php?rest_route=\/wp\/v2\/types\/post"}],"author":[{"embeddable":true,"href":"https:\/\/diariodominicano.com\/index.php?rest_route=\/wp\/v2\/users\/2"}],"replies":[{"embeddable":true,"href":"https:\/\/diariodominicano.com\/index.php?rest_route=%2Fwp%2Fv2%2Fcomments&post=646962"}],"version-history":[{"count":1,"href":"https:\/\/diariodominicano.com\/index.php?rest_route=\/wp\/v2\/posts\/646962\/revisions"}],"predecessor-version":[{"id":646964,"href":"https:\/\/diariodominicano.com\/index.php?rest_route=\/wp\/v2\/posts\/646962\/revisions\/646964"}],"wp:featuredmedia":[{"embeddable":true,"href":"https:\/\/diariodominicano.com\/index.php?rest_route=\/wp\/v2\/media\/646963"}],"wp:attachment":[{"href":"https:\/\/diariodominicano.com\/index.php?rest_route=%2Fwp%2Fv2%2Fmedia&parent=646962"}],"wp:term":[{"taxonomy":"category","embeddable":true,"href":"https:\/\/diariodominicano.com\/index.php?rest_route=%2Fwp%2Fv2%2Fcategories&post=646962"},{"taxonomy":"post_tag","embeddable":true,"href":"https:\/\/diariodominicano.com\/index.php?rest_route=%2Fwp%2Fv2%2Ftags&post=646962"}],"curies":[{"name":"wp","href":"https:\/\/api.w.org\/{rel}","templated":true}]}}