{"id":646901,"date":"2025-11-03T01:13:25","date_gmt":"2025-11-03T05:13:25","guid":{"rendered":"https:\/\/diariodominicano.com\/?p=646901"},"modified":"2025-11-03T01:13:27","modified_gmt":"2025-11-03T05:13:27","slug":"rafael-mendez-el-auxilio-del-estado-hoy-solo-se-reproduce-en-la-mente-de-los-mas-pobres","status":"publish","type":"post","link":"https:\/\/diariodominicano.com\/?p=646901","title":{"rendered":"Rafael M\u00e9ndez: El auxilio del Estado hoy solo se reproduce en la mente de los m\u00e1s pobres"},"content":{"rendered":"\n<p>Llam\u00f3 a las autoridades a mirar hacia estas comunidades con acciones de asistencia solidaria<\/p>\n\n\n\n<p>NEIBA, Bahoruco: &nbsp;\u201cPor ac\u00e1 sienten la nostalgia del otrora Plan Social de la Presidencia, que en tiempos de fen\u00f3menos atmosf\u00e9ricos y catastr\u00f3ficos, como el cicl\u00f3n Melissa, llegaban a tiempo las acciones de asistencia, con raciones y materiales de construcci\u00f3n, que en esta ocasi\u00f3n solo se han reproducido en la mente de los hogares m\u00e1s carenciados\u201d.<\/p>\n\n\n\n<p>La caracterizaci\u00f3n de la penosa realidad actual la hace el exdiputado Rafael M\u00e9ndez, quien explic\u00f3 que lo \u00fanico que hace es describir las quejas y a\u00f1oranzas de quienes esperaban el retorno de aquellos tiempos en que pod\u00edan quedarse tranquilos en sus casas, con la seguridad de que el gobierno, a trav\u00e9s de sus instancias de socorro, acudir\u00eda oportunamente en su auxilio.<\/p>\n\n\n\n<p>M\u00e9ndez se\u00f1al\u00f3 que hoy, tras el paso del fen\u00f3meno, muchas familias permanecen en situaci\u00f3n de extrema vulnerabilidad, con sus hogares convertidos en islas, carreteras y caminos intransitables, y sin que por estos lares se asomaran las ayudas que en otras temporadas llegaban a las puertas de los hogares, lo que ha generado frustraci\u00f3n e indignaci\u00f3n en las comunidades m\u00e1s afectadas, incluyendo a dirigentes del partido oficial.<\/p>\n\n\n\n<p>\u201cEsta situaci\u00f3n pone en evidencia la desarticulaci\u00f3n de los mecanismos de respuesta social del gobierno, que se quedan en promesas rese\u00f1adas en los medios\u201d, advirti\u00f3 M\u00e9ndez, quien llam\u00f3 a las autoridades a mirar hacia estas comunidades con acciones de asistencia solidaria y preventiva, como las que en su momento mitigaron el impacto de los desastres naturales en los sectores m\u00e1s pobres de esta lejana demarcaci\u00f3n del sur profundo.\u201d&nbsp;<\/p>\n","protected":false},"excerpt":{"rendered":"<p>Llam\u00f3 a las autoridades a mirar hacia estas comunidades con acciones de asistencia solidaria NEIBA, Bahoruco: &nbsp;\u201cPor ac\u00e1 sienten la nostalgia del otrora Plan Social de la Presidencia, que en tiempos de fen\u00f3menos atmosf\u00e9ricos y catastr\u00f3ficos, como el cicl\u00f3n Melissa, llegaban a tiempo las acciones de asistencia, con raciones y materiales de construcci\u00f3n, que en [&hellip;]<\/p>\n","protected":false},"author":7,"featured_media":607953,"comment_status":"closed","ping_status":"closed","sticky":false,"template":"","format":"standard","meta":{"footnotes":""},"categories":[16],"tags":[178],"class_list":["post-646901","post","type-post","status-publish","format-standard","has-post-thumbnail","hentry","category-opiniones","tag-rafael-mendez"],"_links":{"self":[{"href":"https:\/\/diariodominicano.com\/index.php?rest_route=\/wp\/v2\/posts\/646901","targetHints":{"allow":["GET"]}}],"collection":[{"href":"https:\/\/diariodominicano.com\/index.php?rest_route=\/wp\/v2\/posts"}],"about":[{"href":"https:\/\/diariodominicano.com\/index.php?rest_route=\/wp\/v2\/types\/post"}],"author":[{"embeddable":true,"href":"https:\/\/diariodominicano.com\/index.php?rest_route=\/wp\/v2\/users\/7"}],"replies":[{"embeddable":true,"href":"https:\/\/diariodominicano.com\/index.php?rest_route=%2Fwp%2Fv2%2Fcomments&post=646901"}],"version-history":[{"count":1,"href":"https:\/\/diariodominicano.com\/index.php?rest_route=\/wp\/v2\/posts\/646901\/revisions"}],"predecessor-version":[{"id":646936,"href":"https:\/\/diariodominicano.com\/index.php?rest_route=\/wp\/v2\/posts\/646901\/revisions\/646936"}],"wp:featuredmedia":[{"embeddable":true,"href":"https:\/\/diariodominicano.com\/index.php?rest_route=\/wp\/v2\/media\/607953"}],"wp:attachment":[{"href":"https:\/\/diariodominicano.com\/index.php?rest_route=%2Fwp%2Fv2%2Fmedia&parent=646901"}],"wp:term":[{"taxonomy":"category","embeddable":true,"href":"https:\/\/diariodominicano.com\/index.php?rest_route=%2Fwp%2Fv2%2Fcategories&post=646901"},{"taxonomy":"post_tag","embeddable":true,"href":"https:\/\/diariodominicano.com\/index.php?rest_route=%2Fwp%2Fv2%2Ftags&post=646901"}],"curies":[{"name":"wp","href":"https:\/\/api.w.org\/{rel}","templated":true}]}}