{"id":646882,"date":"2025-11-02T19:21:31","date_gmt":"2025-11-02T23:21:31","guid":{"rendered":"https:\/\/diariodominicano.com\/?p=646882"},"modified":"2025-11-02T19:21:34","modified_gmt":"2025-11-02T23:21:34","slug":"la-mega-crisis-socioeconomica-del-siglo-xxi-implica-la-emergencia-de-nuevos-fenomenos-politicos","status":"publish","type":"post","link":"https:\/\/diariodominicano.com\/?p=646882","title":{"rendered":"\u00bfLa mega-crisis socioecon\u00f3mica del siglo XXI implica la emergencia de nuevos fen\u00f3menos pol\u00edticos?"},"content":{"rendered":"\n<p>Por Juan Carlos Espinal<\/p>\n\n\n\n<p>El antiguo consenso hist\u00f3rico del establecimiento libero-conservador de pos guerra, sustentado por la invasi\u00f3n militar del gobierno del presidente Lindon B. Johnson de los Estados Unidos, que ya anteriormente, entre los a\u00f1os 1916-1924 propicia la tiran\u00eda de Rafael Le\u00f3nidas Trujillo Molina, primero, y m\u00e1s tarde, entre 1966-1978 instala el gobierno para-militar de Joaqu\u00edn Balaguer en Santo Domingo esta roto.<\/p>\n\n\n\n<p>Este fen\u00f3meno de disrupcion constitucional avanza hacia un inedito proceso de radical transformaci\u00f3n.<\/p>\n\n\n\n<p>Al parecer, los \u00faltimos vestigios de su dominaci\u00f3n sucumben ante una poblaci\u00f3n m\u00e1s informada y cada vez m\u00e1s descreida.<\/p>\n\n\n\n<p>Tras apenas 60 a\u00f1os despu\u00e9s de la ca\u00edda de la dictadura militar trujillista auspiciada por el Departamento de Estado de los Estados Unidos, 1930-1961, la imposici\u00f3n del gobierno de facto del Triunvirato, sustentado por los \u00faltimos reductos de la tiran\u00eda c\u00edvico-militar, la operaci\u00f3n geo-estrategica qu\u00e9 implic\u00f3 el golpe de Estado al gobierno del presidente constitucional Juan Bosch, el advenimiento en 1965 de la guerra civil, la posterior invasi\u00f3n militar estadounidense que sucede a gobiernos nacionales encabezados por las \u00e9lites tradicionales de la&nbsp; democracia representativa de pos guerra 1966-2024, observamos como a lo interno de esas organizaciones las divisiones estimularon la ruptura del consenso pol\u00edtico.<\/p>\n\n\n\n<p>En el interin de varios per\u00edodos de gobierno, la fragmentaci\u00f3n pol\u00edtica&nbsp; de los hist\u00f3ricos PRD, PRSC y PLD as\u00ed como la continuaci\u00f3n de la desolada pol\u00edtica de saqueo del Estado da paso al surgimiento de nuevos proyectos econ\u00f3micos que incentivan la polarizaci\u00f3n de la sociedad Dominicana.<\/p>\n\n\n\n<p>La divisi\u00f3n en el PRD impulsa el origen del BIS, PRI y m\u00e1s adelante del PRSD y luego del PRM, por ejemplo.<\/p>\n\n\n\n<p>Sucesivamente, en los \u00faltimos 50 a\u00f1os emergen m\u00e1s de 30 organizaciones o movimientos pol\u00edticos.<\/p>\n\n\n\n<p>En el traj\u00edn de la guerra econ\u00f3mica que desde 1966 libra la oligarqu\u00eda contra la poblaci\u00f3n se consolida el re-ordenamiento de la derecha econ\u00f3mica gobernante, qu\u00e9 a su vez da paso a un sistema pol\u00edtico que fomenta el nacimiento de nuevos movimientos pol\u00edticos como el PQDC, PNVC, Partido La Estructura, UDC, FNP, que m\u00e1s tarde se unifican con el PLD u otras entidades similares oficialistas o no, convirtiendo a esas organizaciones en unidades sat\u00e9lites de los partidos hegem\u00f3nicos.<\/p>\n\n\n\n<p>Con el paso del tiempo este fen\u00f3meno hist\u00f3rico conlleva a un aumento vertiginoso de la inestabilidad pol\u00edtica, la erosi\u00f3n de la confianza en las instituciones democr\u00e1ticas y el fin del Estado de Derecho.<\/p>\n\n\n\n<p>Desafortunadamente, con los gobiernos de la democracia representativa 1966-2024, aumentan la desigualdad, la exclusi\u00f3n social.<\/p>\n\n\n\n<p>En los \u00faltimos 60 a\u00f1os de democracia representativa la persistencia de la desigualdad econ\u00f3mica y social ha generado una amplia frustraci\u00f3n entre amplios sectores de la poblaci\u00f3n.<\/p>\n\n\n\n<p>La mega-corrupci\u00f3n del aparato pos Balaguer, la impunidad exhibida por las \u00e9lites pol\u00edticas en las gestiones gubernamentales, el deterioro de los niveles de vida de la poblaci\u00f3n, la dispersi\u00f3n de las Izquierdas impulsa la percepci\u00f3n de que las distintas gestiones gubernamentales han erosionado la confianza del hombre de a pies en las instituciones p\u00fablicas y han generado una sensaci\u00f3n de impunidad.<\/p>\n\n\n\n<p>Asimismo, con el advenimiento de la sociedad civil organizada, financiada por el capital financiero, el mantenimiento en el tiempo de las profundas brechas sociales, el colapso del Estado-Naci\u00f3n y la ausencia de una econom\u00eda que garantice seguridad social de calidad para los pensionistas se puede comprender la actual volatilidad pol\u00edtica.<\/p>\n\n\n\n<p>A la falta de un Estado de Derecho que propicie un di\u00e1logo Estado-Sociedad que pudiese unificar a los diferentes sectores pol\u00edticos, la fragmentaci\u00f3n social y la radicalizaci\u00f3n de las posiciones a lo interno de las Fuerzas Armadas y la Polic\u00eda Nacional, la divisi\u00f3n de la oposici\u00f3n pol\u00edtica dominicana y el descredito de las instituciones nacionales conducen al vac\u00edo.<\/p>\n\n\n\n<p>Mientras tanto, la influencia del capital financiero internacional en la econom\u00eda fondomonetarista bancentraliana, la consolidaci\u00f3n de nuevos factores externos como la instalaci\u00f3n de la pandemia COVID-19, el derrumbe de la globalizaci\u00f3n neoliberal, la guerra en Ucrania, la ca\u00edda estrepitosa del mundo unipolar encabezado por el complejo industrial del gobierno de los Estados Unidos y el fin del consenso pos segunda guerra mundial en Europa erosiona el equilibrio de los organismos internacionales, quienes tambi\u00e9n ha jugado un papel negativo en la configuraci\u00f3n de la crisis pol\u00edtica en la regi\u00f3n del Caribe.<\/p>\n\n\n\n<p>Las protestas sociales se han puesto de moda lo que explica de forma manifiesta el amplio descontento de amplios segmentos de la sociedad Dominicana.<\/p>\n\n\n\n<p>En estos momentos m\u00e1s del 50% de los electores muestran su frustraci\u00f3n personal con la situaci\u00f3n econ\u00f3mica y pol\u00edtica.<\/p>\n\n\n\n<p>En lugar de ceder, la mega-crisis social y pol\u00edtica ha escalado a\u00fan m\u00e1s generando una gran inestabilidad geopol\u00edtica, teniendo como elemento clave el impacto significativo de la guerra civil haitiana qu\u00e9 incide en la formulaci\u00f3n de las pol\u00edticas dom\u00e9sticas en el pa\u00eds.<\/p>\n\n\n\n<p>A partir de la desaparici\u00f3n de los partidos pol\u00edticos que hegemonizan la pos guerra se da inicio al ascenso de la extrema derecha que a su vez contribuye a la fragmentaci\u00f3n pol\u00edtica.<\/p>\n\n\n\n<p>En resumen, la ruptura del consenso pol\u00edtico que alguna vez existi\u00f3 entre los bur\u00f3cratas de la democracia representativa 1966-2024 y el Departamento de Estado de los Estados Unidos es un fen\u00f3meno dial\u00e9ctico que requiere una comprensi\u00f3n profunda de los factores globales que lo han generado y de las posibles soluciones alternas a las que nos avocamos.<\/p>\n","protected":false},"excerpt":{"rendered":"<p>Por Juan Carlos Espinal El antiguo consenso hist\u00f3rico del establecimiento libero-conservador de pos guerra, sustentado por la invasi\u00f3n militar del gobierno del presidente Lindon B. Johnson de los Estados Unidos, que ya anteriormente, entre los a\u00f1os 1916-1924 propicia la tiran\u00eda de Rafael Le\u00f3nidas Trujillo Molina, primero, y m\u00e1s tarde, entre 1966-1978 instala el gobierno para-militar [&hellip;]<\/p>\n","protected":false},"author":7,"featured_media":521400,"comment_status":"closed","ping_status":"closed","sticky":false,"template":"","format":"standard","meta":{"footnotes":""},"categories":[16],"tags":[366],"class_list":["post-646882","post","type-post","status-publish","format-standard","has-post-thumbnail","hentry","category-opiniones","tag-juan-carlos-espinal"],"_links":{"self":[{"href":"https:\/\/diariodominicano.com\/index.php?rest_route=\/wp\/v2\/posts\/646882","targetHints":{"allow":["GET"]}}],"collection":[{"href":"https:\/\/diariodominicano.com\/index.php?rest_route=\/wp\/v2\/posts"}],"about":[{"href":"https:\/\/diariodominicano.com\/index.php?rest_route=\/wp\/v2\/types\/post"}],"author":[{"embeddable":true,"href":"https:\/\/diariodominicano.com\/index.php?rest_route=\/wp\/v2\/users\/7"}],"replies":[{"embeddable":true,"href":"https:\/\/diariodominicano.com\/index.php?rest_route=%2Fwp%2Fv2%2Fcomments&post=646882"}],"version-history":[{"count":1,"href":"https:\/\/diariodominicano.com\/index.php?rest_route=\/wp\/v2\/posts\/646882\/revisions"}],"predecessor-version":[{"id":646904,"href":"https:\/\/diariodominicano.com\/index.php?rest_route=\/wp\/v2\/posts\/646882\/revisions\/646904"}],"wp:featuredmedia":[{"embeddable":true,"href":"https:\/\/diariodominicano.com\/index.php?rest_route=\/wp\/v2\/media\/521400"}],"wp:attachment":[{"href":"https:\/\/diariodominicano.com\/index.php?rest_route=%2Fwp%2Fv2%2Fmedia&parent=646882"}],"wp:term":[{"taxonomy":"category","embeddable":true,"href":"https:\/\/diariodominicano.com\/index.php?rest_route=%2Fwp%2Fv2%2Fcategories&post=646882"},{"taxonomy":"post_tag","embeddable":true,"href":"https:\/\/diariodominicano.com\/index.php?rest_route=%2Fwp%2Fv2%2Ftags&post=646882"}],"curies":[{"name":"wp","href":"https:\/\/api.w.org\/{rel}","templated":true}]}}