{"id":646861,"date":"2025-11-02T04:36:01","date_gmt":"2025-11-02T08:36:01","guid":{"rendered":"https:\/\/diariodominicano.com\/?p=646861"},"modified":"2025-11-02T04:36:04","modified_gmt":"2025-11-02T08:36:04","slug":"compartiendo-dialogos-conmigo-mismo-75","status":"publish","type":"post","link":"https:\/\/diariodominicano.com\/?p=646861","title":{"rendered":"COMPARTIENDO DI\u00c1LOGOS CONMIGO MISMO"},"content":{"rendered":"\n<p><strong>NUESTRA MIRADA SUPLICANTE DE AMOR<\/strong><\/p>\n\n\n\n<p><strong><em>ORAR POR LOS DIFUNTOS: El pasaje de la muerte es un paraje de expectativa; y, recorrer nuestros cementerios con esp\u00edritu orante, nos ayuda a secar l\u00e1grimas y a reconfortar duelos. Orar por los muertos, m\u00e1s que necesario es imprescindible, porque no \u00fanicamente les puede ayudar a ellos, adem\u00e1s hace eficaz su intercesi\u00f3n en favor nuestro. Vayamos pues hacia adelante siempre, que el tr\u00e1nsito se vive, despojado de mundo y amando, porque Cristo es Amor y yo he de ser su verbo de amor en verso.<\/em><\/strong><\/p>\n\n\n\n<p><strong>I.- JES\u00daS ES EL CAMINO,<\/strong><\/p>\n\n\n\n<p><strong>RENOVADO POR \u00c9L MISMO<\/strong><\/p>\n\n\n\n<p>Todos nosotros estamos en camino,<\/p>\n\n\n\n<p>reencontr\u00e1ndonos para expresarnos,<\/p>\n\n\n\n<p>pues somos la locuci\u00f3n de un vivir,<\/p>\n\n\n\n<p>en permanente ejercicio existencial,<\/p>\n\n\n\n<p>que tiene como pr\u00e1ctica el coraz\u00f3n.<\/p>\n\n\n\n<p>A golpe de latido se entra en calma,<\/p>\n\n\n\n<p>se encauzan los claros sentimientos,<\/p>\n\n\n\n<p>se revive el itinerario de la amistad,<\/p>\n\n\n\n<p>para tomar el carril de la concordia,<\/p>\n\n\n\n<p>que es el que nos pone en servicio.<\/p>\n\n\n\n<p>Nuestro trabajo est\u00e1 en los andares,<\/p>\n\n\n\n<p>en tomar la ruta del glorioso afecto,<\/p>\n\n\n\n<p>en seguir los pasos del Crucificado,<\/p>\n\n\n\n<p>que nos abri\u00f3 los p\u00f3rticos del cielo,&nbsp;<\/p>\n\n\n\n<p>y nos cerr\u00f3 la superficie del recelo.<\/p>\n\n\n\n<p><strong>II.- JES\u00daS ES LA VERDAD,<\/strong><\/p>\n\n\n\n<p><strong>HECHA PERSONA<\/strong><\/p>\n\n\n\n<p>La luz irradiada por Jes\u00fas es pasi\u00f3n,<\/p>\n\n\n\n<p>es fehaciente resplandor de certeza.<\/p>\n\n\n\n<p>Su evidencia nos renueva la aurora,<\/p>\n\n\n\n<p>es la estrella de la libertad humana;<\/p>\n\n\n\n<p>sin \u00c9l nada es, todo pierde su gu\u00eda.<\/p>\n\n\n\n<p>La orientaci\u00f3n tomada nos remonta,<\/p>\n\n\n\n<p>nos eleva al Padre a trav\u00e9s del Hijo,<\/p>\n\n\n\n<p>que nos ha amparado y nos redime.<\/p>\n\n\n\n<p>Es verdad, \u00a1el Se\u00f1or ha resucitado!,<\/p>\n\n\n\n<p>\u00a1\u00c9l s\u00f3lo hace posible lo imposible!<\/p>\n\n\n\n<p>Con \u00c9l llega la huida de la muerte,<\/p>\n\n\n\n<p>y se reafirma la victoria de la vida;<\/p>\n\n\n\n<p>pues a pesar de la nube de la Cruz,<\/p>\n\n\n\n<p>s\u00f3lo hay que habitar en su palabra,<\/p>\n\n\n\n<p>para conocerse y reconocerse en \u00c9l.<\/p>\n\n\n\n<p><strong>III.- JES\u00daS ES LA VIDA;<\/strong><\/p>\n\n\n\n<p><strong>DADA COMO ESPERANZA<\/strong><\/p>\n\n\n\n<p>Con las entretelas en grito, rebusco<\/p>\n\n\n\n<p>a mi Se\u00f1or, necesito de su acogida,<\/p>\n\n\n\n<p>requiero de su apoyo cada instante,<\/p>\n\n\n\n<p>porque quiero querer lo que quiero,<\/p>\n\n\n\n<p>una morada rememorada en poes\u00eda.<\/p>\n\n\n\n<p>Somos rebrotes de amor verdadero,<\/p>\n\n\n\n<p>renuevos de una vivificante m\u00edstica,<\/p>\n\n\n\n<p>reto\u00f1os de una relaci\u00f3n restaurada,<\/p>\n\n\n\n<p>porque Dios nos ama y nos espera,<\/p>\n\n\n\n<p>en una profunda vida de comuni\u00f3n.<\/p>\n\n\n\n<p>No tengamos miedo a mirar y a ver,<\/p>\n\n\n\n<p>los andares vividos y ya efectuados,<\/p>\n\n\n\n<p>lo vital est\u00e1 en surcar la correcci\u00f3n,<\/p>\n\n\n\n<p>en saber reprenderse en el instante,<\/p>\n\n\n\n<p>para vivir en paz y no morir jam\u00e1s.<\/p>\n\n\n\n<p><strong>V\u00edctor CORCOBA HERRERO<\/strong><strong><\/strong><\/p>\n\n\n\n<p><a href=\"mailto:corcoba@telefonica.net\" target=\"_blank\" rel=\"noreferrer noopener\"><strong>corcoba@telefonica.net<\/strong><\/a><\/p>\n\n\n\n<p><strong>01 de Noviembre de 2025.-<\/strong><\/p>\n","protected":false},"excerpt":{"rendered":"<p>NUESTRA MIRADA SUPLICANTE DE AMOR ORAR POR LOS DIFUNTOS: El pasaje de la muerte es un paraje de expectativa; y, recorrer nuestros cementerios con esp\u00edritu orante, nos ayuda a secar l\u00e1grimas y a reconfortar duelos. Orar por los muertos, m\u00e1s que necesario es imprescindible, porque no \u00fanicamente les puede ayudar a ellos, adem\u00e1s hace eficaz [&hellip;]<\/p>\n","protected":false},"author":2,"featured_media":499286,"comment_status":"closed","ping_status":"closed","sticky":false,"template":"","format":"standard","meta":{"footnotes":""},"categories":[21,19],"tags":[],"class_list":["post-646861","post","type-post","status-publish","format-standard","has-post-thumbnail","hentry","category-cultura","category-mi-voz"],"_links":{"self":[{"href":"https:\/\/diariodominicano.com\/index.php?rest_route=\/wp\/v2\/posts\/646861","targetHints":{"allow":["GET"]}}],"collection":[{"href":"https:\/\/diariodominicano.com\/index.php?rest_route=\/wp\/v2\/posts"}],"about":[{"href":"https:\/\/diariodominicano.com\/index.php?rest_route=\/wp\/v2\/types\/post"}],"author":[{"embeddable":true,"href":"https:\/\/diariodominicano.com\/index.php?rest_route=\/wp\/v2\/users\/2"}],"replies":[{"embeddable":true,"href":"https:\/\/diariodominicano.com\/index.php?rest_route=%2Fwp%2Fv2%2Fcomments&post=646861"}],"version-history":[{"count":1,"href":"https:\/\/diariodominicano.com\/index.php?rest_route=\/wp\/v2\/posts\/646861\/revisions"}],"predecessor-version":[{"id":646862,"href":"https:\/\/diariodominicano.com\/index.php?rest_route=\/wp\/v2\/posts\/646861\/revisions\/646862"}],"wp:featuredmedia":[{"embeddable":true,"href":"https:\/\/diariodominicano.com\/index.php?rest_route=\/wp\/v2\/media\/499286"}],"wp:attachment":[{"href":"https:\/\/diariodominicano.com\/index.php?rest_route=%2Fwp%2Fv2%2Fmedia&parent=646861"}],"wp:term":[{"taxonomy":"category","embeddable":true,"href":"https:\/\/diariodominicano.com\/index.php?rest_route=%2Fwp%2Fv2%2Fcategories&post=646861"},{"taxonomy":"post_tag","embeddable":true,"href":"https:\/\/diariodominicano.com\/index.php?rest_route=%2Fwp%2Fv2%2Ftags&post=646861"}],"curies":[{"name":"wp","href":"https:\/\/api.w.org\/{rel}","templated":true}]}}