{"id":646856,"date":"2025-11-02T04:29:42","date_gmt":"2025-11-02T08:29:42","guid":{"rendered":"https:\/\/diariodominicano.com\/?p=646856"},"modified":"2025-11-02T04:29:48","modified_gmt":"2025-11-02T08:29:48","slug":"especial-color-musica-y-tradicion-inundan-la-ciudad-de-mexico-durante-gran-desfile-de-dia-de-muertos","status":"publish","type":"post","link":"https:\/\/diariodominicano.com\/?p=646856","title":{"rendered":"Especial: Color, m\u00fasica y tradici\u00f3n inundan la Ciudad de M\u00e9xico durante Gran Desfile de D\u00eda de Muertos"},"content":{"rendered":"\n<p><em>spanish.news.cn<\/em>|<em>&nbsp;2025-11-02 13:19:15<\/em>|<\/p>\n\n\n\n<p>Por Carina L\u00f3pez y Pool Contreras<\/p>\n\n\n\n<p>M\u00c9XICO, 1 nov (Xinhua) &#8212; Las calles m\u00e1s emblem\u00e1ticas de la Ciudad de M\u00e9xico se llenaron de vida, color y memoria durante el Gran Desfile de D\u00eda de Muertos 2025, que en esta ocasi\u00f3n tuvo un carro aleg\u00f3rico para conmemorar los 700 a\u00f1os de la fundaci\u00f3n de M\u00e9xico-Tenochtitl\u00e1n, que incluy\u00f3 una r\u00e9plica del sitio arqueol\u00f3gico Templo Mayor.<\/p>\n\n\n\n<p>El carro aleg\u00f3rico sobre M\u00e9xico-Tenochtitl\u00e1n y la r\u00e9plica del Templo Mayor sirvieron para recordar los or\u00edgenes mexicas con figuras emblem\u00e1ticas de Quetzalc\u00f3atl, dios creador del hombre.<\/p>\n\n\n\n<p>El turista espa\u00f1ol Alejandro Quir\u00e1n asisti\u00f3 al desfile. Viaj\u00f3 desde Espa\u00f1a para presenciar esta tradici\u00f3n que, relat\u00f3 a Xinhua, le despertaba una gran curiosidad y quer\u00eda vivir de cerca el calor de la fiesta.<\/p>\n\n\n\n<p>\u00abMe encantan los puestitos que hay, la gente que vende, el maquillaje que llevo. Es superbonito. Aqu\u00ed festejan la muerte con alegr\u00eda y en nuestro pueblo no, en nuestro pueblo lloramos a los muertos y aqu\u00ed est\u00e1n contentos con este tema\u00bb, expres\u00f3 Quir\u00e1n.<\/p>\n\n\n\n<p>Por su parte, la joven mexicana Daniela Ram\u00edrez, otra testigo del desfile, se mostr\u00f3 emocionada por acudir, pues considera que estas tradiciones no deben perderse, sino transmitirse entre las familias y las nuevas generaciones.<\/p>\n\n\n\n<p>\u00abNormalmente, venimos aqu\u00ed a ver todo el desfile, nos gusta y apreciamos mucho el D\u00eda de Muertos. El ambiente es muy bonito, ver todas las personas que pasan que se caracterizan y elaboran su vestuario\u00bb, dijo Ram\u00edrez a Xinhua.<\/p>\n\n\n\n<p>Durante cuatro horas, el colorido desfile ofreci\u00f3 un espect\u00e1culo de arte en movimiento, mezclado con la m\u00fasica tradicional mexicana y el sonido de la tambora.<\/p>\n\n\n\n<p>Entre los participantes destacaron elegantes mujeres ataviadas con trajes de charro bordados y maquillaje de calavera, s\u00edmbolos de belleza y fuerza, as\u00ed como catrinas majestuosas y perros xoloitzcuintles que parec\u00edan flotar entre el p\u00fablico, movi\u00e9ndose con gracia entre el humo del copal y el resplandor del cempas\u00fachil, flor de muertos.<\/p>\n\n\n\n<p>Uno de los momentos m\u00e1s emotivos del recorrido fue cuando un grupo de mujeres irrumpi\u00f3 en el desfile con un deslumbrante despliegue de color y movimiento que evocaba el vuelo de la mariposa monarca.<\/p>\n\n\n\n<p>Vestidas con amplias faldas naranjas decoradas con destellos dorados y negros, danzaron con gracia, agitando los brazos como si el viento las guiara.<\/p>\n\n\n\n<p>El Gran Desfile del D\u00eda de Muertos, que recorri\u00f3 el Paseo de la Reforma (una de las avenidas m\u00e1s grandes e importantes de M\u00e9xico), no solo es un tributo a los antepasados, sino una poderosa muestra de la cultura y el folclor mexicano.<\/p>\n\n\n\n<p>El D\u00eda de Muertos se celebra el 1 y 2 de noviembre en M\u00e9xico, es una festividad reconocida por la Unesco como Patrimonio Cultural Inmaterial de la Humanidad.&nbsp;<\/p>\n","protected":false},"excerpt":{"rendered":"<p>spanish.news.cn|&nbsp;2025-11-02 13:19:15| Por Carina L\u00f3pez y Pool Contreras M\u00c9XICO, 1 nov (Xinhua) &#8212; Las calles m\u00e1s emblem\u00e1ticas de la Ciudad de M\u00e9xico se llenaron de vida, color y memoria durante el Gran Desfile de D\u00eda de Muertos 2025, que en esta ocasi\u00f3n tuvo un carro aleg\u00f3rico para conmemorar los 700 a\u00f1os de la fundaci\u00f3n de [&hellip;]<\/p>\n","protected":false},"author":2,"featured_media":0,"comment_status":"closed","ping_status":"closed","sticky":false,"template":"","format":"standard","meta":{"footnotes":""},"categories":[21,23],"tags":[],"class_list":["post-646856","post","type-post","status-publish","format-standard","hentry","category-cultura","category-internacional"],"_links":{"self":[{"href":"https:\/\/diariodominicano.com\/index.php?rest_route=\/wp\/v2\/posts\/646856","targetHints":{"allow":["GET"]}}],"collection":[{"href":"https:\/\/diariodominicano.com\/index.php?rest_route=\/wp\/v2\/posts"}],"about":[{"href":"https:\/\/diariodominicano.com\/index.php?rest_route=\/wp\/v2\/types\/post"}],"author":[{"embeddable":true,"href":"https:\/\/diariodominicano.com\/index.php?rest_route=\/wp\/v2\/users\/2"}],"replies":[{"embeddable":true,"href":"https:\/\/diariodominicano.com\/index.php?rest_route=%2Fwp%2Fv2%2Fcomments&post=646856"}],"version-history":[{"count":1,"href":"https:\/\/diariodominicano.com\/index.php?rest_route=\/wp\/v2\/posts\/646856\/revisions"}],"predecessor-version":[{"id":646857,"href":"https:\/\/diariodominicano.com\/index.php?rest_route=\/wp\/v2\/posts\/646856\/revisions\/646857"}],"wp:attachment":[{"href":"https:\/\/diariodominicano.com\/index.php?rest_route=%2Fwp%2Fv2%2Fmedia&parent=646856"}],"wp:term":[{"taxonomy":"category","embeddable":true,"href":"https:\/\/diariodominicano.com\/index.php?rest_route=%2Fwp%2Fv2%2Fcategories&post=646856"},{"taxonomy":"post_tag","embeddable":true,"href":"https:\/\/diariodominicano.com\/index.php?rest_route=%2Fwp%2Fv2%2Ftags&post=646856"}],"curies":[{"name":"wp","href":"https:\/\/api.w.org\/{rel}","templated":true}]}}