{"id":646844,"date":"2025-11-02T04:13:09","date_gmt":"2025-11-02T08:13:09","guid":{"rendered":"https:\/\/diariodominicano.com\/?p=646844"},"modified":"2025-11-02T04:52:28","modified_gmt":"2025-11-02T08:52:28","slug":"el-pld-es-el-instrumento-creado-por-juan-bosch-para-dignificar-y-transformar-la-politica-johnny-pujols","status":"publish","type":"post","link":"https:\/\/diariodominicano.com\/?p=646844","title":{"rendered":"El PLD es el instrumento creado por Juan Bosch para dignificar y transformar la pol\u00edtica: Johnny Pujols"},"content":{"rendered":"\n<p><em>&nbsp;Johnny Pujols: \u201cJuan Bosch sigue siendo un faro de dignidad y conciencia democr\u00e1tica\u201d<\/em><em><\/em><\/p>\n\n\n\n<p>A 24 a\u00f1os de su partida f\u00edsica, Juan Bosch sigue siendo un faro de dignidad y conciencia democr\u00e1tica, la aseveraci\u00f3n es del&nbsp;<strong>Secretario General del Partido de la Liberaci\u00f3n Dominicana (PLD), Johnny Pujols<\/strong>, quien particip\u00f3, conjuntamente con una amplia representaci\u00f3n de la direcci\u00f3n partidaria,&nbsp; en la eucarist\u00eda celebrada en la parroquia San Antonio de Padua este s\u00e1bado.<\/p>\n\n\n\n<p>\u201cHoy recordamos al maestro, al estadista, al escritor, al fundador. Recordamos a un dominicano que vivi\u00f3 con una integridad inquebrantable, que am\u00f3 a su pueblo hasta el sacrificio, y que crey\u00f3 -contra todo pragmatismo- que la pol\u00edtica pod\u00eda ser una escuela de \u00e9tica\u201d, escribi\u00f3 Pujols en sus redes sociales, previo a su participaci\u00f3n en la misa.<\/p>\n\n\n\n<p>Dijo que el Profesor Juan Bosch &nbsp;fund\u00f3 un Partido y con el Partido fund\u00f3 una conciencia. \u201cEsa conciencia sigue viva en cada dominicano que lucha por un pa\u00eds m\u00e1s justo, en cada dirigente que pone el deber por encima del oportunismo, en cada ciudadano que defiende la democracia como una necesidad moral\u201d, apunt\u00f3.<\/p>\n\n\n\n<p>Explica que en tiempos donde la anti pol\u00edtica se disfraza de cambio, y donde se ataca la memoria para legitimar desaciertos del presente, la figura de Bosch se levanta con m\u00e1s fuerza, como ejemplo y como advertencia.<\/p>\n\n\n\n<p>Considera que con el ejemplo del profesor Juan Bosch es posible hacer pol\u00edtica con principios. \u201cAdvertencia de que, sin partidos fuertes, sin pensamiento cr\u00edtico, sin organizaci\u00f3n popular, la democracia se debilita y se desvanece\u201d, apunt\u00f3.<\/p>\n\n\n\n<p>\u201cEl PLD fue su instrumento para dignificar y transformar la pol\u00edtica dominicana. Nuestra misi\u00f3n hoy es continuar su legado y compromiso para dignificar al pueblo. Don Juan no est\u00e1 en el pasado. Est\u00e1 en el porvenir\u201d, concluy\u00f3 Pujols su mensaje.<\/p>\n\n\n\n<p><strong>SECRETAR\u00cdA DE COMUNICACIONES<\/strong><\/p>\n\n\n\n<p><strong>1\u00b0 DE NOVIEMBRE DE 2025<\/strong><\/p>\n","protected":false},"excerpt":{"rendered":"<p>&nbsp;Johnny Pujols: \u201cJuan Bosch sigue siendo un faro de dignidad y conciencia democr\u00e1tica\u201d A 24 a\u00f1os de su partida f\u00edsica, Juan Bosch sigue siendo un faro de dignidad y conciencia democr\u00e1tica, la aseveraci\u00f3n es del&nbsp;Secretario General del Partido de la Liberaci\u00f3n Dominicana (PLD), Johnny Pujols, quien particip\u00f3, conjuntamente con una amplia representaci\u00f3n de la direcci\u00f3n [&hellip;]<\/p>\n","protected":false},"author":2,"featured_media":646845,"comment_status":"closed","ping_status":"closed","sticky":false,"template":"","format":"standard","meta":{"footnotes":""},"categories":[22],"tags":[],"class_list":["post-646844","post","type-post","status-publish","format-standard","has-post-thumbnail","hentry","category-politica"],"_links":{"self":[{"href":"https:\/\/diariodominicano.com\/index.php?rest_route=\/wp\/v2\/posts\/646844","targetHints":{"allow":["GET"]}}],"collection":[{"href":"https:\/\/diariodominicano.com\/index.php?rest_route=\/wp\/v2\/posts"}],"about":[{"href":"https:\/\/diariodominicano.com\/index.php?rest_route=\/wp\/v2\/types\/post"}],"author":[{"embeddable":true,"href":"https:\/\/diariodominicano.com\/index.php?rest_route=\/wp\/v2\/users\/2"}],"replies":[{"embeddable":true,"href":"https:\/\/diariodominicano.com\/index.php?rest_route=%2Fwp%2Fv2%2Fcomments&post=646844"}],"version-history":[{"count":1,"href":"https:\/\/diariodominicano.com\/index.php?rest_route=\/wp\/v2\/posts\/646844\/revisions"}],"predecessor-version":[{"id":646846,"href":"https:\/\/diariodominicano.com\/index.php?rest_route=\/wp\/v2\/posts\/646844\/revisions\/646846"}],"wp:featuredmedia":[{"embeddable":true,"href":"https:\/\/diariodominicano.com\/index.php?rest_route=\/wp\/v2\/media\/646845"}],"wp:attachment":[{"href":"https:\/\/diariodominicano.com\/index.php?rest_route=%2Fwp%2Fv2%2Fmedia&parent=646844"}],"wp:term":[{"taxonomy":"category","embeddable":true,"href":"https:\/\/diariodominicano.com\/index.php?rest_route=%2Fwp%2Fv2%2Fcategories&post=646844"},{"taxonomy":"post_tag","embeddable":true,"href":"https:\/\/diariodominicano.com\/index.php?rest_route=%2Fwp%2Fv2%2Ftags&post=646844"}],"curies":[{"name":"wp","href":"https:\/\/api.w.org\/{rel}","templated":true}]}}