{"id":646838,"date":"2025-11-02T04:04:04","date_gmt":"2025-11-02T08:04:04","guid":{"rendered":"https:\/\/diariodominicano.com\/?p=646838"},"modified":"2025-11-02T04:04:10","modified_gmt":"2025-11-02T08:04:10","slug":"cuba-conmemora-dia-de-los-fieles-difuntos","status":"publish","type":"post","link":"https:\/\/diariodominicano.com\/?p=646838","title":{"rendered":"Cuba conmemora D\u00eda de los Fieles Difuntos"},"content":{"rendered":"\n<p>La Habana, 2 nov (Prensa Latina) Cuba conmemora hoy el D\u00eda de los Fieles Difuntos, una tradici\u00f3n cristiana en la que se recuerda a los familiares fallecidos.<\/p>\n\n\n\n<ul class=\"wp-block-list\">\n<li><a href=\"https:\/\/www.prensa-latina.cu\/2025\/11\/02\/\"><time>noviembre 2, 2025 | 00:34<\/time><\/a><\/li>\n<\/ul>\n\n\n\n<ul class=\"wp-block-list\">\n<li><a href=\"https:\/\/www.prensa-latina.cu\/2025\/11\/02\/cuba-celebra-dia-de-los-fieles-difuntos\/#\"><\/a><\/li>\n\n\n\n<li><a href=\"https:\/\/www.prensa-latina.cu\/2025\/11\/02\/cuba-celebra-dia-de-los-fieles-difuntos\/#\"><\/a><\/li>\n\n\n\n<li><a href=\"https:\/\/www.prensa-latina.cu\/2025\/11\/02\/cuba-celebra-dia-de-los-fieles-difuntos\/#\"><\/a><\/li>\n\n\n\n<li><a href=\"https:\/\/www.prensa-latina.cu\/2025\/11\/02\/cuba-celebra-dia-de-los-fieles-difuntos\/#\"><\/a><\/li>\n<\/ul>\n\n\n\n<p>La festividad tiene una connotaci\u00f3n similar al D\u00eda de Muertos mexicano y coincide en \u00e9poca estacional con Halloween (Estados Unidos) y Samhain (Europa).<\/p>\n\n\n\n<p>Las personas acuden a los cementerios a llevar flores a sus familias, a encender velas y rezar; aquellas que no pueden llegar hasta el campo santo colocan en sus casas flores en vasos espirituales con agua o velas ante las fotos de los familiares perdidos, comenta una publicaci\u00f3n del medio nacional La Voz de Cabaigu\u00e1n.<\/p>\n\n\n\n<p>El arzobispado de la oriental provincia Santiago de Cuba explica en su sitio web que la devoci\u00f3n y la pr\u00e1ctica del Novenario de Oraciones o Misas por los difuntos est\u00e1 muy extendida en la Iglesia Cubana.<\/p>\n\n\n\n<p>Nos reunimos en una casa o en el templo durante 9 d\u00edas pidiendo el descanso eterno para amigos o familiares fallecidos, es expresi\u00f3n de fe y esperanza en la vida feliz junto a Dios y el recuerdo cari\u00f1oso de aquellos que se nos adelantaron, ampl\u00eda la publicaci\u00f3n.<\/p>\n\n\n\n<p>Si bien son fechas consecutivas en el calendario de la Iglesia Cat\u00f3lica, la Festividad de Todos los Santos (1 de noviembre) y el D\u00eda de los Fieles Difuntos no son lo mismo.<\/p>\n\n\n\n<p>Como indican sus nombres, el primero honra a todos los modelos de santidad de esta religi\u00f3n abrah\u00e1mica y el segundo a los familiares que ya se encontraron con Dios.<\/p>\n\n\n\n<p>mem\/vnl<\/p>\n\n\n\n<ul class=\"wp-block-list\">\n<li>#<a href=\"https:\/\/www.prensa-latina.cu\/etiqueta\/cuba\/\">cuba<\/a>\u00a0#<a href=\"https:\/\/www.prensa-latina.cu\/etiqueta\/cultura\/\">cultura<\/a>\u00a0#<a href=\"https:\/\/www.prensa-latina.cu\/etiqueta\/dia-de-los-fieles-difuntos\/\">d\u00eda de los fieles difuntos<\/a>\u00a0#<a href=\"https:\/\/www.prensa-latina.cu\/etiqueta\/tradiciones\/\">tradiciones<\/a><\/li>\n<\/ul>\n","protected":false},"excerpt":{"rendered":"<p>La Habana, 2 nov (Prensa Latina) Cuba conmemora hoy el D\u00eda de los Fieles Difuntos, una tradici\u00f3n cristiana en la que se recuerda a los familiares fallecidos. La festividad tiene una connotaci\u00f3n similar al D\u00eda de Muertos mexicano y coincide en \u00e9poca estacional con Halloween (Estados Unidos) y Samhain (Europa). Las personas acuden a los [&hellip;]<\/p>\n","protected":false},"author":2,"featured_media":646839,"comment_status":"closed","ping_status":"closed","sticky":false,"template":"","format":"standard","meta":{"footnotes":""},"categories":[21,23],"tags":[],"class_list":["post-646838","post","type-post","status-publish","format-standard","has-post-thumbnail","hentry","category-cultura","category-internacional"],"_links":{"self":[{"href":"https:\/\/diariodominicano.com\/index.php?rest_route=\/wp\/v2\/posts\/646838","targetHints":{"allow":["GET"]}}],"collection":[{"href":"https:\/\/diariodominicano.com\/index.php?rest_route=\/wp\/v2\/posts"}],"about":[{"href":"https:\/\/diariodominicano.com\/index.php?rest_route=\/wp\/v2\/types\/post"}],"author":[{"embeddable":true,"href":"https:\/\/diariodominicano.com\/index.php?rest_route=\/wp\/v2\/users\/2"}],"replies":[{"embeddable":true,"href":"https:\/\/diariodominicano.com\/index.php?rest_route=%2Fwp%2Fv2%2Fcomments&post=646838"}],"version-history":[{"count":1,"href":"https:\/\/diariodominicano.com\/index.php?rest_route=\/wp\/v2\/posts\/646838\/revisions"}],"predecessor-version":[{"id":646840,"href":"https:\/\/diariodominicano.com\/index.php?rest_route=\/wp\/v2\/posts\/646838\/revisions\/646840"}],"wp:featuredmedia":[{"embeddable":true,"href":"https:\/\/diariodominicano.com\/index.php?rest_route=\/wp\/v2\/media\/646839"}],"wp:attachment":[{"href":"https:\/\/diariodominicano.com\/index.php?rest_route=%2Fwp%2Fv2%2Fmedia&parent=646838"}],"wp:term":[{"taxonomy":"category","embeddable":true,"href":"https:\/\/diariodominicano.com\/index.php?rest_route=%2Fwp%2Fv2%2Fcategories&post=646838"},{"taxonomy":"post_tag","embeddable":true,"href":"https:\/\/diariodominicano.com\/index.php?rest_route=%2Fwp%2Fv2%2Ftags&post=646838"}],"curies":[{"name":"wp","href":"https:\/\/api.w.org\/{rel}","templated":true}]}}