{"id":646805,"date":"2025-11-01T17:55:02","date_gmt":"2025-11-01T21:55:02","guid":{"rendered":"https:\/\/diariodominicano.com\/?p=646805"},"modified":"2025-11-01T17:55:04","modified_gmt":"2025-11-01T21:55:04","slug":"rm-de-bts-estrena-cortometraje-con-samsung-acerca-de-su-conexion-con-el-arte","status":"publish","type":"post","link":"https:\/\/diariodominicano.com\/?p=646805","title":{"rendered":"RM de BTS estrena cortometraje con Samsung acerca de su conexi\u00f3n con el arte"},"content":{"rendered":"\n<p><em>Presentando The Frame Pro y Neo QLED 8K, un nuevo cortometraje con RM de BTS demuestra c\u00f3mo las pantallas Art TV avanzadas de Samsung y su contenido exclusivo brindan acceso a arte de primer nivel en el hogar<\/em><\/p>\n\n\n\n<p>SE\u00daL, Corea \u2013 31 de octubre de 2025 \u2013&nbsp;RM, de los \u00edconos del pop del siglo XXI BTS, estren\u00f3 un nuevo especial digital global como parte de su colaboraci\u00f3n continua con Samsung Electronics Co., Ltd. y su papel permanente como&nbsp;<a href=\"https:\/\/link.prismgrp.net\/click\/nDFqU2rcAiax.SMl18dfvUEVs.ReY7Hge8UDr\/zrqzFpxe\/3s\/bit.ly\/3ZsNVIk\" target=\"_blank\" rel=\"noreferrer noopener\">embajador global<\/a>&nbsp;de los Samsung Art TVs. El cortometraje, estrenado durante la semana de&nbsp;<a href=\"https:\/\/link.prismgrp.net\/click\/nDFqU2rcAiax.SMl18dfvUEVs.ReY7Hge8UDr\/2oSzpgUB\/3s\/bit.ly\/4nZv1mG\" target=\"_blank\" rel=\"noreferrer noopener\">Art Basel Par\u00eds<\/a>&nbsp;(del 24 al 26 de octubre), ofrece una mirada \u00edntima a la conexi\u00f3n personal de RM con el arte y muestra c\u00f3mo los Samsung Art TVs ofrecen im\u00e1genes con calidad de museo a los espacios cotidianos.<\/p>\n\n\n\n<figure class=\"wp-block-image\"><img decoding=\"async\" src=\"https:\/\/diariodominicano.com\/wp-content\/uploads\/2025\/11\/RM-de-BTS-1024x917.jpg\" alt=\"\"\/><\/figure>\n\n\n\n<p>Bas\u00e1ndose en sus&nbsp;<a href=\"https:\/\/link.prismgrp.net\/click\/nDFqU2rcAiax.SMl18dfvUEVs.ReY7Hge8UDr\/-ABykeli\/3s\/bit.ly\/449a2VF\" target=\"_blank\" rel=\"noreferrer noopener\">conversaciones<\/a>&nbsp;en Art Basel en Basilea 2025, donde Samsung actu\u00f3 como socio oficial de Art TV, RM comparte c\u00f3mo el arte puede aportar alegr\u00eda y significado a la vida cotidiana. El cortometraje destaca c\u00f3mo selecciona obras de arte que reflejan emoci\u00f3n y estacionalidad, celebrando la energ\u00eda expresiva y el optimismo de \u201cDancing Dog\u201d de Keith Haring, y presentando selecciones oto\u00f1ales como \u201cSpirit of Mountain\u201d de Lee Shinja y \u201cSuper Moon\u201d de Natasha Durley, que evocan la serenidad y el lirismo del paisaje oto\u00f1al.<\/p>\n\n\n\n<p>\u201cEl arte siempre ha sido para m\u00ed una forma de reflexionar, de conectar y de encontrar significado en los momentos cotidianos\u201d, dijo RM. \u201cEs emocionante que las obras de arte que me inspiran ahora puedan ser disfrutadas por cualquiera, directamente en casa. \u201cCon Samsung Art TV, puedo traer un mundo de creatividad a mi espacio y espero que todos se sientan inspirados a explorar el arte en el suyo tambi\u00e9n\u201d.<\/p>\n\n\n\n<p>La l\u00ednea Art TV de Samsung combina la innovaci\u00f3n avanzada en pantallas con un dise\u00f1o est\u00e9tico para dar vida a cada obra con un fidelidad al detalle del artista. La pantalla mate de The Frame minimiza el reflejo para replicar la textura de un lienzo real, mientras que los Neo QLED ofrecen un contraste, una profundidad y un color sorprendentes a trav\u00e9s de la tecnolog\u00eda Quantum Dot y Mini LED, capturando cada matiz de la pincelada y la luz.<\/p>\n\n\n\n<p>A trav\u00e9s de Samsung Art Store, disponible en The Frame y otros modelos de Art TV, los usuarios pueden acceder a una colecci\u00f3n creciente de m\u00e1s de 4.000 obras de arte de museos, galer\u00edas y artistas de renombre mundial. Con funciones de curadur\u00eda intuitivas, los usuarios pueden transformar f\u00e1cilmente sus hogares en galer\u00edas personales y experimentar el arte de nuevas maneras.<\/p>\n\n\n\n<p>\u201cLos Samsung Art TVs hacen posible que cualquier persona pueda vivir con el arte e inspirarse en \u00e9l todos los d\u00edas\u201d, afirm\u00f3 Hun Lee, Vicepresidente Ejecutivo del Negocio de Visual Display (VD) de&nbsp;Samsung Electronics. \u201cLa continua representaci\u00f3n de RM refleja nuestra creencia compartida de que el arte adquiere mayor significado cuando es parte de la vida cotidiana\u201d.<\/p>\n\n\n\n<p>A trav\u00e9s de esta colaboraci\u00f3n, Samsung contin\u00faa expandiendo la forma en que las personas experimentan tanto el arte como la tecnolog\u00eda en el hogar, aprovechando su legado como la marca de televisores l\u00edder en el mundo durante 19 a\u00f1os consecutivos y reafirmando su compromiso de hacer la cultura m\u00e1s accesible a trav\u00e9s de la innovaci\u00f3n.<\/p>\n\n\n\n<p>Para conocer m\u00e1s, visita&nbsp;<a href=\"https:\/\/link.prismgrp.net\/click\/nDFqU2rcAiax.SMl18dfvUEVs.ReY7Hge8UDr\/9yjujOCh\/3s\/news.samsung.com\/latin\/rm-de-bts-estrena-cortometraje-con-samsung-destacando-la-alegria-del-arte-en-casa-con-los-samsung-art-tvs\" target=\"_blank\" rel=\"noreferrer noopener\">https:\/\/news.samsung.com\/latin\/rm-de-bts-estrena-cortometraje-con-samsung-destacando-la-alegria-del-arte-en-casa-con-los-samsung-art-tvs<\/a><\/p>\n\n\n\n<p>Alexandra Medina <a href=\"mailto:alexandra@prismgrp.net\">alexandra@prismgrp.net<\/a><\/p>\n","protected":false},"excerpt":{"rendered":"<p>Presentando The Frame Pro y Neo QLED 8K, un nuevo cortometraje con RM de BTS demuestra c\u00f3mo las pantallas Art TV avanzadas de Samsung y su contenido exclusivo brindan acceso a arte de primer nivel en el hogar SE\u00daL, Corea \u2013 31 de octubre de 2025 \u2013&nbsp;RM, de los \u00edconos del pop del siglo XXI [&hellip;]<\/p>\n","protected":false},"author":7,"featured_media":646813,"comment_status":"closed","ping_status":"closed","sticky":false,"template":"","format":"standard","meta":{"footnotes":""},"categories":[36],"tags":[324],"class_list":["post-646805","post","type-post","status-publish","format-standard","has-post-thumbnail","hentry","category-hombresmujeresycosas","tag-samsung"],"_links":{"self":[{"href":"https:\/\/diariodominicano.com\/index.php?rest_route=\/wp\/v2\/posts\/646805","targetHints":{"allow":["GET"]}}],"collection":[{"href":"https:\/\/diariodominicano.com\/index.php?rest_route=\/wp\/v2\/posts"}],"about":[{"href":"https:\/\/diariodominicano.com\/index.php?rest_route=\/wp\/v2\/types\/post"}],"author":[{"embeddable":true,"href":"https:\/\/diariodominicano.com\/index.php?rest_route=\/wp\/v2\/users\/7"}],"replies":[{"embeddable":true,"href":"https:\/\/diariodominicano.com\/index.php?rest_route=%2Fwp%2Fv2%2Fcomments&post=646805"}],"version-history":[{"count":1,"href":"https:\/\/diariodominicano.com\/index.php?rest_route=\/wp\/v2\/posts\/646805\/revisions"}],"predecessor-version":[{"id":646814,"href":"https:\/\/diariodominicano.com\/index.php?rest_route=\/wp\/v2\/posts\/646805\/revisions\/646814"}],"wp:featuredmedia":[{"embeddable":true,"href":"https:\/\/diariodominicano.com\/index.php?rest_route=\/wp\/v2\/media\/646813"}],"wp:attachment":[{"href":"https:\/\/diariodominicano.com\/index.php?rest_route=%2Fwp%2Fv2%2Fmedia&parent=646805"}],"wp:term":[{"taxonomy":"category","embeddable":true,"href":"https:\/\/diariodominicano.com\/index.php?rest_route=%2Fwp%2Fv2%2Fcategories&post=646805"},{"taxonomy":"post_tag","embeddable":true,"href":"https:\/\/diariodominicano.com\/index.php?rest_route=%2Fwp%2Fv2%2Ftags&post=646805"}],"curies":[{"name":"wp","href":"https:\/\/api.w.org\/{rel}","templated":true}]}}