{"id":646772,"date":"2025-11-01T10:23:13","date_gmt":"2025-11-01T14:23:13","guid":{"rendered":"https:\/\/diariodominicano.com\/?p=646772"},"modified":"2025-11-01T10:23:16","modified_gmt":"2025-11-01T14:23:16","slug":"presidente-abinader-entrega-551-titulos-de-propiedad-en-sabana-perdida-sdn","status":"publish","type":"post","link":"https:\/\/diariodominicano.com\/?p=646772","title":{"rendered":"Presidente Abinader entrega 551 t\u00edtulos de propiedad en Sabana Perdida, SDN"},"content":{"rendered":"\n<h3 class=\"wp-block-heading\">En el acto dijo que es la mejor inversi\u00f3n para el desarrollo econ\u00f3mico y social.\u2002Y comunitarios afirmaron que \u201dTener un t\u00edtulo en la mano y totalmente gratis, no tiene precio, eso solamente lo hace un presidente cercano a la gente\u201d.<\/h3>\n\n\n\n<p>31 de Octubre 2025 | 17:57<\/p>\n\n\n\n<figure class=\"wp-block-image\"><img decoding=\"async\" src=\"https:\/\/platform-cdn.sharethis.com\/img\/sharethis.svg\" alt=\"sharethis sharing button\"\/><\/figure>\n\n\n\n<p>Santo Domingo Norte, RD.\u2013\u00a0<strong>El presidente Luis Abinader<\/strong>\u00a0entreg\u00f3 este viernes\u00a0<strong>551 t\u00edtulos de propiedad<\/strong>\u00a0en el proyecto\u00a0<strong>Lotes y Servicios\u00a0<\/strong>de Sabana Perdida,\u00a0<strong>Santo Domingo Norte,<\/strong>\u00a0haciendo realidad el anhelo de igual n\u00famero de familias, que esperaron este momento por\u00a0<strong>m\u00e1s de 40 a\u00f1os.\u00a0<\/strong><\/p>\n\n\n\n<p>Ahora, con alegr\u00eda, agradecen al mandatario porque pueden llamarse due\u00f1os de sus hogares&nbsp;<strong>sin invertir recursos econ\u00f3micos.<\/strong><\/p>\n\n\n\n<p><em>\u201cTener un t\u00edtulo en la mano y totalmente gratis, no tiene precio, eso solamente lo hace un presidente cercano a la gente\u201d,<\/em>&nbsp;expres\u00f3&nbsp;<strong>Jeimy Rodr\u00edguez<\/strong>, presidenta de la junta de vecinos Lotes y Servicios 1, quien adem\u00e1s aplaudi\u00f3 la&nbsp;<strong>contribuci\u00f3n del Gobierno<\/strong>&nbsp;al desarrollo de su municipio.&nbsp;<\/p>\n\n\n\n<p>Frente a los&nbsp;<strong>m\u00e1s de 500 beneficiarios<\/strong>, el jefe de Estado reiter\u00f3 que estos actos representan la mejor inversi\u00f3n para el desarrollo&nbsp;<strong>econ\u00f3mico y social<\/strong>, y sobre todo, para la tranquilidad de miles de familias en todos los rincones del pa\u00eds. Por esto, la titulaci\u00f3n es, y seguir\u00e1 siendo,&nbsp;<strong>una marca de este gobierno.<\/strong><\/p>\n\n\n\n<p>A la fecha, su gesti\u00f3n ha entregado&nbsp;<strong>m\u00e1s de 140,000<\/strong>&nbsp;certificados de t\u00edtulos.<\/p>\n\n\n\n<p><strong>T\u00edtulos de propiedad cambian vidas<\/strong><\/p>\n\n\n\n<figure class=\"wp-block-image\"><img decoding=\"async\" src=\"https:\/\/presidencia.gob.do\/sites\/default\/files\/inline-images\/WhatsApp%20Image%202025-10-31%20at%2017.38.39%20%282%29.jpeg\" alt=\"\"\/><\/figure>\n\n\n\n<p>Por su parte, el ministro de Viviendas y Edificaciones,&nbsp;<strong>Carlos Bonilla,<\/strong>&nbsp;manifest\u00f3 que con estos actos, el Gobierno demuestra su&nbsp;<strong>compromiso con la gente,<\/strong>&nbsp;cambiando vidas y abri\u00e9ndoles el camino hacia un futuro&nbsp;<strong>m\u00e1s pr\u00f3spero,<\/strong>reconociendo adem\u00e1s el arduo trabajo de las familias impactadas, que por d\u00e9cadas construyeron un hogar y una gran comunidad.&nbsp;<\/p>\n\n\n\n<p>Asimismo, se fortalece la&nbsp;<strong>seguridad jur\u00eddica<\/strong>&nbsp;del pa\u00eds.<\/p>\n\n\n\n<p><em>\u201cEstos t\u00edtulos no son un simple papel, estos t\u00edtulos representan la certeza de un hogar propio, la posibilidad de acceder a cr\u00e9ditos, de heredar con tranquilidad y de mirar al futuro con esperanza\u201d,<\/em>&nbsp;concluy\u00f3 Bonilla.<\/p>\n\n\n\n<p>Con este acto,&nbsp;<strong>suman 920<\/strong>&nbsp;los t\u00edtulos entregados por el Ministerio de Viviendas y Edificaciones&nbsp;<strong>(Mived)<\/strong>, bajo el mandato del&nbsp;<strong>presidente Abinader.<\/strong><\/p>\n\n\n\n<p>Adem\u00e1s, los&nbsp;<strong>gastos legales y de asesoramiento<\/strong>&nbsp;fueron asumidos por la instituci\u00f3n, que durante los \u00faltimos dos a\u00f1os, se integr\u00f3 con la comunidad de Lotes y Servicios para concluir satisfactoriamente los procesos de&nbsp;<strong>censos, regularizaci\u00f3n<\/strong>&nbsp;de expedientes, firmas de&nbsp;<strong>contratos y transferencias.<\/strong><\/p>\n\n\n\n<p><strong>Entregas anteriores<\/strong><\/p>\n\n\n\n<figure class=\"wp-block-image\"><img decoding=\"async\" src=\"https:\/\/presidencia.gob.do\/sites\/default\/files\/inline-images\/WhatsApp%20Image%202025-10-31%20at%2017.38.39%20%283%29.jpeg\" alt=\"\"\/><\/figure>\n\n\n\n<p>En el\u00a0<strong>2023 y 2024<\/strong>, el Ministerio de Vivienda y Edificaciones entreg\u00f3\u00a0<strong>100 t\u00edtulos\u00a0<\/strong>en Invivienda;\u00a0<strong>30<\/strong>\u00a0en Manoguayabo y\u00a0<strong>85<\/strong>en Cancino y Juan Pablo Duarte. Este 2025, adem\u00e1s de los 551 t\u00edtulos en S\u00e1bana Perdida, se han distribuido\u00a0<strong>80<\/strong>\u00a0en Bayaguana, provincia Monte Plata, y\u00a0<strong>74<\/strong>\u00a0en Villa Liberaci\u00f3n, Bonao, para un total general de\u00a0<strong>920 t\u00edtulos entregados.<\/strong><\/p>\n\n\n\n<p>Con informaci\u00f3n de la Presidencia de la Rep\u00fablica.<\/p>\n","protected":false},"excerpt":{"rendered":"<p>En el acto dijo que es la mejor inversi\u00f3n para el desarrollo econ\u00f3mico y social.\u2002Y comunitarios afirmaron que \u201dTener un t\u00edtulo en la mano y totalmente gratis, no tiene precio, eso solamente lo hace un presidente cercano a la gente\u201d. 31 de Octubre 2025 | 17:57 Santo Domingo Norte, RD.\u2013\u00a0El presidente Luis Abinader\u00a0entreg\u00f3 este viernes\u00a0551 [&hellip;]<\/p>\n","protected":false},"author":2,"featured_media":646773,"comment_status":"closed","ping_status":"closed","sticky":false,"template":"","format":"standard","meta":{"footnotes":""},"categories":[20],"tags":[],"class_list":["post-646772","post","type-post","status-publish","format-standard","has-post-thumbnail","hentry","category-dominicana-hoy"],"_links":{"self":[{"href":"https:\/\/diariodominicano.com\/index.php?rest_route=\/wp\/v2\/posts\/646772","targetHints":{"allow":["GET"]}}],"collection":[{"href":"https:\/\/diariodominicano.com\/index.php?rest_route=\/wp\/v2\/posts"}],"about":[{"href":"https:\/\/diariodominicano.com\/index.php?rest_route=\/wp\/v2\/types\/post"}],"author":[{"embeddable":true,"href":"https:\/\/diariodominicano.com\/index.php?rest_route=\/wp\/v2\/users\/2"}],"replies":[{"embeddable":true,"href":"https:\/\/diariodominicano.com\/index.php?rest_route=%2Fwp%2Fv2%2Fcomments&post=646772"}],"version-history":[{"count":1,"href":"https:\/\/diariodominicano.com\/index.php?rest_route=\/wp\/v2\/posts\/646772\/revisions"}],"predecessor-version":[{"id":646774,"href":"https:\/\/diariodominicano.com\/index.php?rest_route=\/wp\/v2\/posts\/646772\/revisions\/646774"}],"wp:featuredmedia":[{"embeddable":true,"href":"https:\/\/diariodominicano.com\/index.php?rest_route=\/wp\/v2\/media\/646773"}],"wp:attachment":[{"href":"https:\/\/diariodominicano.com\/index.php?rest_route=%2Fwp%2Fv2%2Fmedia&parent=646772"}],"wp:term":[{"taxonomy":"category","embeddable":true,"href":"https:\/\/diariodominicano.com\/index.php?rest_route=%2Fwp%2Fv2%2Fcategories&post=646772"},{"taxonomy":"post_tag","embeddable":true,"href":"https:\/\/diariodominicano.com\/index.php?rest_route=%2Fwp%2Fv2%2Ftags&post=646772"}],"curies":[{"name":"wp","href":"https:\/\/api.w.org\/{rel}","templated":true}]}}