{"id":646766,"date":"2025-11-01T09:43:20","date_gmt":"2025-11-01T13:43:20","guid":{"rendered":"https:\/\/diariodominicano.com\/?p=646766"},"modified":"2025-11-01T10:16:52","modified_gmt":"2025-11-01T14:16:52","slug":"el-presidente-abinader-declara-en-estado-de-emergencia-a-14-provincias-y-otras-localidades-del-territorio-nacional-por-paso-de-la-tormenta-tropical-melissa","status":"publish","type":"post","link":"https:\/\/diariodominicano.com\/?p=646766","title":{"rendered":"El Presidente Abinader declara en estado de emergencia a 14 provincias y otras localidades del territorio nacional afectadas por paso de  la tormenta tropical Melissa"},"content":{"rendered":"\n<h3 class=\"wp-block-heading\"><\/h3>\n\n\n\n<p>31 de Octubre 2025 <\/p>\n\n\n\n<figure class=\"wp-block-image\"><img decoding=\"async\" src=\"https:\/\/platform-cdn.sharethis.com\/img\/facebook.svg\" alt=\"facebook sharing button\"\/><\/figure>\n\n\n\n<figure class=\"wp-block-image\"><img decoding=\"async\" src=\"https:\/\/platform-cdn.sharethis.com\/img\/sharethis.svg\" alt=\"sharethis sharing button\"\/><\/figure>\n\n\n\n<p>Santo Domingo, RD.-\u00a0<strong>El presidente Luis Abinader<\/strong>\u00a0emiti\u00f3 los\u00a0<strong>Decretos\u00a0<\/strong><a href=\"https:\/\/presidencia.gob.do\/decretos\/626-25\"><strong>626-25\u00a0<\/strong><\/a><strong>y\u00a0<\/strong><a href=\"https:\/\/presidencia.gob.do\/decretos\/627-25\"><strong>627-25<\/strong><\/a><strong>,\u00a0<\/strong>mediante los cuales declar\u00f3 en\u00a0<strong>estado de emergencia<\/strong>\u00a0a 14 provincias y otras localidades del territorio nacional, tras el paso de la tormenta tropical Melissa, para facilitar las\u00a0<strong>compras y contrataciones<\/strong>\u00a0<strong>necesarias<\/strong>\u00a0destinadas a atender la situaci\u00f3n.\u00a0<\/p>\n\n\n\n<p>El&nbsp;<strong>Decreto&nbsp;<\/strong><a href=\"https:\/\/presidencia.gob.do\/decretos\/626-25\"><strong>626-25<\/strong><\/a>&nbsp;establece que la situaci\u00f3n de&nbsp;<strong>da\u00f1os y afectaciones<\/strong>&nbsp;provocadas por el fen\u00f3meno natural se clasifica de car\u00e1cter regional. En tanto, el&nbsp;<strong>Decreto&nbsp;<\/strong><a href=\"https:\/\/presidencia.gob.do\/decretos\/627-25\"><strong>627-25<\/strong><\/a>&nbsp;declara de emergencia nacional las compras y contrataciones de&nbsp;<strong>bienes, servicios y obras<\/strong>&nbsp;por parte de las instituciones destinadas a las labores de&nbsp;<strong>reparaci\u00f3n, construcci\u00f3n y reconstrucci\u00f3n<\/strong>&nbsp;de los da\u00f1os ocasionados por el fen\u00f3meno atmosf\u00e9rico.&nbsp;<\/p>\n\n\n\n<p>Las&nbsp;<strong>provincias que abarca esta clasificaci\u00f3n&nbsp;<\/strong>son, Barahona, San Crist\u00f3bal, Santo Domingo, Distrito Nacional, San Jos\u00e9 de Ocoa, San Pedro de Macor\u00eds, Monte Plata, San Juan, Azua, Peravia, Pedernales, La Romana, La Vega y Monse\u00f1or Nouel, en adici\u00f3n a otras localidades en el territorio nacional.&nbsp;<\/p>\n\n\n\n<p>Asimismo, las\u00a0<strong>instituciones habilitadas<\/strong>\u00a0a trav\u00e9s de la excepci\u00f3n de emergencia nacional son el Ministerio de Salud P\u00fablica y Asistencia Social, el de Educaci\u00f3n, el de Agricultura, el de Interior y Polic\u00eda, el de Obras P\u00fablicas y Comunicaciones, el de Vivienda, H\u00e1bitat y Edificaciones (Mivhed), el Administrativo de la Presidencia, el de Turismo y el Servicio Nacional de Salud (SNS).<\/p>\n\n\n\n<p>Con informaci\u00f3n de la Presidencia de la Rep\u00fablica Dominicana.<\/p>\n","protected":false},"excerpt":{"rendered":"<p>31 de Octubre 2025 Santo Domingo, RD.-\u00a0El presidente Luis Abinader\u00a0emiti\u00f3 los\u00a0Decretos\u00a0626-25\u00a0y\u00a0627-25,\u00a0mediante los cuales declar\u00f3 en\u00a0estado de emergencia\u00a0a 14 provincias y otras localidades del territorio nacional, tras el paso de la tormenta tropical Melissa, para facilitar las\u00a0compras y contrataciones\u00a0necesarias\u00a0destinadas a atender la situaci\u00f3n.\u00a0 El&nbsp;Decreto&nbsp;626-25&nbsp;establece que la situaci\u00f3n de&nbsp;da\u00f1os y afectaciones&nbsp;provocadas por el fen\u00f3meno natural se clasifica [&hellip;]<\/p>\n","protected":false},"author":2,"featured_media":642310,"comment_status":"closed","ping_status":"closed","sticky":false,"template":"","format":"standard","meta":{"footnotes":""},"categories":[20,27],"tags":[],"class_list":["post-646766","post","type-post","status-publish","format-standard","has-post-thumbnail","hentry","category-dominicana-hoy","category-portada"],"_links":{"self":[{"href":"https:\/\/diariodominicano.com\/index.php?rest_route=\/wp\/v2\/posts\/646766","targetHints":{"allow":["GET"]}}],"collection":[{"href":"https:\/\/diariodominicano.com\/index.php?rest_route=\/wp\/v2\/posts"}],"about":[{"href":"https:\/\/diariodominicano.com\/index.php?rest_route=\/wp\/v2\/types\/post"}],"author":[{"embeddable":true,"href":"https:\/\/diariodominicano.com\/index.php?rest_route=\/wp\/v2\/users\/2"}],"replies":[{"embeddable":true,"href":"https:\/\/diariodominicano.com\/index.php?rest_route=%2Fwp%2Fv2%2Fcomments&post=646766"}],"version-history":[{"count":4,"href":"https:\/\/diariodominicano.com\/index.php?rest_route=\/wp\/v2\/posts\/646766\/revisions"}],"predecessor-version":[{"id":646771,"href":"https:\/\/diariodominicano.com\/index.php?rest_route=\/wp\/v2\/posts\/646766\/revisions\/646771"}],"wp:featuredmedia":[{"embeddable":true,"href":"https:\/\/diariodominicano.com\/index.php?rest_route=\/wp\/v2\/media\/642310"}],"wp:attachment":[{"href":"https:\/\/diariodominicano.com\/index.php?rest_route=%2Fwp%2Fv2%2Fmedia&parent=646766"}],"wp:term":[{"taxonomy":"category","embeddable":true,"href":"https:\/\/diariodominicano.com\/index.php?rest_route=%2Fwp%2Fv2%2Fcategories&post=646766"},{"taxonomy":"post_tag","embeddable":true,"href":"https:\/\/diariodominicano.com\/index.php?rest_route=%2Fwp%2Fv2%2Ftags&post=646766"}],"curies":[{"name":"wp","href":"https:\/\/api.w.org\/{rel}","templated":true}]}}