{"id":646709,"date":"2025-10-31T19:15:38","date_gmt":"2025-10-31T23:15:38","guid":{"rendered":"https:\/\/diariodominicano.com\/?p=646709"},"modified":"2025-10-31T19:16:09","modified_gmt":"2025-10-31T23:16:09","slug":"defensa-civil-mitigar-inundaciones-en-zona-urbana-de-santiago","status":"publish","type":"post","link":"https:\/\/diariodominicano.com\/?p=646709","title":{"rendered":"Defensa Civil mitigar inundaciones en zona urbana de Santiago"},"content":{"rendered":"\n<p><strong>Santiago.-<\/strong>&nbsp;Personal de la Defensa Civil en esta provincia, junto a los bomberos locales, trabaj\u00f3 en la mitigaci\u00f3n de las inundaciones que se presentaron en el elevado de la avenida Estrella Sadhal\u00e1 y otras zonas de la parte urbana, debido a las fuertes lluvias.<\/p>\n\n\n\n<p>El director provincial y regional de la instituci\u00f3n en la localidad, Francisco Arias, indic\u00f3 que, por instrucciones del director ejecutivo, Juan Salas, se mantiene una vigilancia permanente en los puntos cr\u00edticos de la ciudad para asegurar la protecci\u00f3n de vidas y bienes.<\/p>\n\n\n\n<figure class=\"wp-block-gallery has-nested-images columns-default is-cropped wp-block-gallery-1 is-layout-flex wp-block-gallery-is-layout-flex\">\n<figure class=\"wp-block-image size-large\"><img loading=\"lazy\" decoding=\"async\" width=\"1024\" height=\"576\" data-id=\"646718\" src=\"https:\/\/diariodominicano.com\/wp-content\/uploads\/2025\/10\/Defensa-Civil-mitigar-inundaciones-en-zona-urbana-Santiago-1024x576.jpeg\" alt=\"\" class=\"wp-image-646718\" srcset=\"https:\/\/diariodominicano.com\/wp-content\/uploads\/2025\/10\/Defensa-Civil-mitigar-inundaciones-en-zona-urbana-Santiago-1024x576.jpeg 1024w, https:\/\/diariodominicano.com\/wp-content\/uploads\/2025\/10\/Defensa-Civil-mitigar-inundaciones-en-zona-urbana-Santiago-300x169.jpeg 300w, https:\/\/diariodominicano.com\/wp-content\/uploads\/2025\/10\/Defensa-Civil-mitigar-inundaciones-en-zona-urbana-Santiago-768x432.jpeg 768w, https:\/\/diariodominicano.com\/wp-content\/uploads\/2025\/10\/Defensa-Civil-mitigar-inundaciones-en-zona-urbana-Santiago-816x459.jpeg 816w, https:\/\/diariodominicano.com\/wp-content\/uploads\/2025\/10\/Defensa-Civil-mitigar-inundaciones-en-zona-urbana-Santiago.jpeg 1280w\" sizes=\"auto, (max-width: 1024px) 100vw, 1024px\" \/><\/figure>\n<\/figure>\n\n\n\n<p>Detall\u00f3 que la Alcald\u00eda de Santiago de los Caballeros, bajo la direcci\u00f3n del alcalde Ulises Rodr\u00edguez, supervis\u00f3 las zonas m\u00e1s afectadas por las intensas lluvias para tomar medidas preventivas.<\/p>\n\n\n\n<p>Ante los pron\u00f3sticos de m\u00e1s precipitaciones, recomend\u00f3 a la poblaci\u00f3n mantenerse en una zona segura y no cruzar r\u00edos, arroyos o ca\u00f1adas desbordados.<\/p>\n\n\n\n<figure class=\"wp-block-gallery has-nested-images columns-default is-cropped wp-block-gallery-2 is-layout-flex wp-block-gallery-is-layout-flex\">\n<figure class=\"wp-block-image size-large\"><img loading=\"lazy\" decoding=\"async\" width=\"1024\" height=\"576\" data-id=\"646717\" src=\"https:\/\/diariodominicano.com\/wp-content\/uploads\/2025\/10\/Defensa-Civil-mitigar-inundaciones-en-zona-urbana-de-Santiago-1024x576.jpeg\" alt=\"\" class=\"wp-image-646717\" srcset=\"https:\/\/diariodominicano.com\/wp-content\/uploads\/2025\/10\/Defensa-Civil-mitigar-inundaciones-en-zona-urbana-de-Santiago-1024x576.jpeg 1024w, https:\/\/diariodominicano.com\/wp-content\/uploads\/2025\/10\/Defensa-Civil-mitigar-inundaciones-en-zona-urbana-de-Santiago-300x169.jpeg 300w, https:\/\/diariodominicano.com\/wp-content\/uploads\/2025\/10\/Defensa-Civil-mitigar-inundaciones-en-zona-urbana-de-Santiago-768x432.jpeg 768w, https:\/\/diariodominicano.com\/wp-content\/uploads\/2025\/10\/Defensa-Civil-mitigar-inundaciones-en-zona-urbana-de-Santiago-816x459.jpeg 816w, https:\/\/diariodominicano.com\/wp-content\/uploads\/2025\/10\/Defensa-Civil-mitigar-inundaciones-en-zona-urbana-de-Santiago.jpeg 1280w\" sizes=\"auto, (max-width: 1024px) 100vw, 1024px\" \/><\/figure>\n<\/figure>\n\n\n\n<p>Defensa Civil Dominicana <a href=\"mailto:redesdefensacivil@gmail.com\">redesdefensacivil@gmail.com<\/a><\/p>\n","protected":false},"excerpt":{"rendered":"<p>Santiago.-&nbsp;Personal de la Defensa Civil en esta provincia, junto a los bomberos locales, trabaj\u00f3 en la mitigaci\u00f3n de las inundaciones que se presentaron en el elevado de la avenida Estrella Sadhal\u00e1 y otras zonas de la parte urbana, debido a las fuertes lluvias. El director provincial y regional de la instituci\u00f3n en la localidad, Francisco [&hellip;]<\/p>\n","protected":false},"author":7,"featured_media":646719,"comment_status":"closed","ping_status":"closed","sticky":false,"template":"","format":"standard","meta":{"footnotes":""},"categories":[1],"tags":[573],"class_list":["post-646709","post","type-post","status-publish","format-standard","has-post-thumbnail","hentry","category-editorial","tag-defensa-civil"],"_links":{"self":[{"href":"https:\/\/diariodominicano.com\/index.php?rest_route=\/wp\/v2\/posts\/646709","targetHints":{"allow":["GET"]}}],"collection":[{"href":"https:\/\/diariodominicano.com\/index.php?rest_route=\/wp\/v2\/posts"}],"about":[{"href":"https:\/\/diariodominicano.com\/index.php?rest_route=\/wp\/v2\/types\/post"}],"author":[{"embeddable":true,"href":"https:\/\/diariodominicano.com\/index.php?rest_route=\/wp\/v2\/users\/7"}],"replies":[{"embeddable":true,"href":"https:\/\/diariodominicano.com\/index.php?rest_route=%2Fwp%2Fv2%2Fcomments&post=646709"}],"version-history":[{"count":1,"href":"https:\/\/diariodominicano.com\/index.php?rest_route=\/wp\/v2\/posts\/646709\/revisions"}],"predecessor-version":[{"id":646720,"href":"https:\/\/diariodominicano.com\/index.php?rest_route=\/wp\/v2\/posts\/646709\/revisions\/646720"}],"wp:featuredmedia":[{"embeddable":true,"href":"https:\/\/diariodominicano.com\/index.php?rest_route=\/wp\/v2\/media\/646719"}],"wp:attachment":[{"href":"https:\/\/diariodominicano.com\/index.php?rest_route=%2Fwp%2Fv2%2Fmedia&parent=646709"}],"wp:term":[{"taxonomy":"category","embeddable":true,"href":"https:\/\/diariodominicano.com\/index.php?rest_route=%2Fwp%2Fv2%2Fcategories&post=646709"},{"taxonomy":"post_tag","embeddable":true,"href":"https:\/\/diariodominicano.com\/index.php?rest_route=%2Fwp%2Fv2%2Ftags&post=646709"}],"curies":[{"name":"wp","href":"https:\/\/api.w.org\/{rel}","templated":true}]}}