{"id":646699,"date":"2025-10-31T15:44:14","date_gmt":"2025-10-31T19:44:14","guid":{"rendered":"https:\/\/diariodominicano.com\/?p=646699"},"modified":"2025-10-31T15:44:19","modified_gmt":"2025-10-31T19:44:19","slug":"cuba-expresa-condolencias-a-haiti-y-jamaica-por-victimas-de-huracan","status":"publish","type":"post","link":"https:\/\/diariodominicano.com\/?p=646699","title":{"rendered":"Cuba expresa condolencias a Hait\u00ed y Jamaica por v\u00edctimas de hurac\u00e1n"},"content":{"rendered":"\n<p>La Habana, 31 oct (Prensa Latina) El canciller de Cuba, Bruno Rodr\u00edguez, expres\u00f3 hoy sentidas condolencias a los pueblos y gobiernos de Hait\u00ed y Jamaica, tras las muertes registradas en esos pa\u00edses a causa del devastador hurac\u00e1n Melissa.<\/p>\n\n\n\n<ul class=\"wp-block-list\">\n<li><a href=\"https:\/\/www.prensa-latina.cu\/2025\/10\/31\/\"><time>octubre 31, 2025 | 15:20<\/time><\/a><\/li>\n<\/ul>\n\n\n\n<ul class=\"wp-block-list\">\n<li><a href=\"https:\/\/www.prensa-latina.cu\/2025\/10\/31\/cuba-expresa-condolencias-a-haiti-y-jamaica-por-victimas-de-huracan\/#\"><\/a><\/li>\n\n\n\n<li><a href=\"https:\/\/www.prensa-latina.cu\/2025\/10\/31\/cuba-expresa-condolencias-a-haiti-y-jamaica-por-victimas-de-huracan\/#\"><\/a><\/li>\n\n\n\n<li><a href=\"https:\/\/www.prensa-latina.cu\/2025\/10\/31\/cuba-expresa-condolencias-a-haiti-y-jamaica-por-victimas-de-huracan\/#\"><\/a><\/li>\n\n\n\n<li><a href=\"https:\/\/www.prensa-latina.cu\/2025\/10\/31\/cuba-expresa-condolencias-a-haiti-y-jamaica-por-victimas-de-huracan\/#\"><\/a><\/li>\n<\/ul>\n\n\n\n<p>A trav\u00e9s de su cuenta oficial en la red social X, el ministro de Relaciones Exteriores confirm\u00f3 que el fen\u00f3meno meteorol\u00f3gico provoc\u00f3 30 fallecidos en Hait\u00ed y 19 en Jamaica.<\/p>\n\n\n\n<p>Rodr\u00edguez traslad\u00f3 el mensaje de solidaridad y apoyo de la naci\u00f3n antillana a ambos pueblos, en estos momentos de recuperaci\u00f3n y atenci\u00f3n a los damnificados.<\/p>\n\n\n\n<p>Melissa se convirti\u00f3 en el tercer hurac\u00e1n m\u00e1s intenso registrado en la cuenca del Atl\u00e1ntico norte, tras alcanzar vientos m\u00e1ximos sostenidos de hasta 295 kil\u00f3metros por hora, mientras la presi\u00f3n central descend\u00eda a 892 hectoPascal.<\/p>\n\n\n\n<p>oda\/mks<\/p>\n\n\n\n<ul class=\"wp-block-list\">\n<li>#<a href=\"https:\/\/www.prensa-latina.cu\/etiqueta\/cuba\/\">cuba<\/a>\u00a0#<a href=\"https:\/\/www.prensa-latina.cu\/etiqueta\/huracan\/\">hurac\u00e1n<\/a>\u00a0#<a href=\"https:\/\/www.prensa-latina.cu\/etiqueta\/jamaica\/\">jamaica<\/a>\u00a0#<a href=\"https:\/\/www.prensa-latina.cu\/etiqueta\/melissa\/\">Melissa<\/a><\/li>\n<\/ul>\n","protected":false},"excerpt":{"rendered":"<p>La Habana, 31 oct (Prensa Latina) El canciller de Cuba, Bruno Rodr\u00edguez, expres\u00f3 hoy sentidas condolencias a los pueblos y gobiernos de Hait\u00ed y Jamaica, tras las muertes registradas en esos pa\u00edses a causa del devastador hurac\u00e1n Melissa. A trav\u00e9s de su cuenta oficial en la red social X, el ministro de Relaciones Exteriores confirm\u00f3 [&hellip;]<\/p>\n","protected":false},"author":2,"featured_media":631991,"comment_status":"closed","ping_status":"closed","sticky":false,"template":"","format":"standard","meta":{"footnotes":""},"categories":[112,23],"tags":[],"class_list":["post-646699","post","type-post","status-publish","format-standard","has-post-thumbnail","hentry","category-haiti","category-internacional"],"_links":{"self":[{"href":"https:\/\/diariodominicano.com\/index.php?rest_route=\/wp\/v2\/posts\/646699","targetHints":{"allow":["GET"]}}],"collection":[{"href":"https:\/\/diariodominicano.com\/index.php?rest_route=\/wp\/v2\/posts"}],"about":[{"href":"https:\/\/diariodominicano.com\/index.php?rest_route=\/wp\/v2\/types\/post"}],"author":[{"embeddable":true,"href":"https:\/\/diariodominicano.com\/index.php?rest_route=\/wp\/v2\/users\/2"}],"replies":[{"embeddable":true,"href":"https:\/\/diariodominicano.com\/index.php?rest_route=%2Fwp%2Fv2%2Fcomments&post=646699"}],"version-history":[{"count":1,"href":"https:\/\/diariodominicano.com\/index.php?rest_route=\/wp\/v2\/posts\/646699\/revisions"}],"predecessor-version":[{"id":646700,"href":"https:\/\/diariodominicano.com\/index.php?rest_route=\/wp\/v2\/posts\/646699\/revisions\/646700"}],"wp:featuredmedia":[{"embeddable":true,"href":"https:\/\/diariodominicano.com\/index.php?rest_route=\/wp\/v2\/media\/631991"}],"wp:attachment":[{"href":"https:\/\/diariodominicano.com\/index.php?rest_route=%2Fwp%2Fv2%2Fmedia&parent=646699"}],"wp:term":[{"taxonomy":"category","embeddable":true,"href":"https:\/\/diariodominicano.com\/index.php?rest_route=%2Fwp%2Fv2%2Fcategories&post=646699"},{"taxonomy":"post_tag","embeddable":true,"href":"https:\/\/diariodominicano.com\/index.php?rest_route=%2Fwp%2Fv2%2Ftags&post=646699"}],"curies":[{"name":"wp","href":"https:\/\/api.w.org\/{rel}","templated":true}]}}