{"id":646672,"date":"2025-10-31T15:06:34","date_gmt":"2025-10-31T19:06:34","guid":{"rendered":"https:\/\/diariodominicano.com\/?p=646672"},"modified":"2025-10-31T15:08:16","modified_gmt":"2025-10-31T19:08:16","slug":"uasd-publica-libro-sobre-el-desarrollo-integral-del-nino-de-5-a10-anos","status":"publish","type":"post","link":"https:\/\/diariodominicano.com\/?p=646672","title":{"rendered":"UASD publica libro sobre el Desarrollo Integral del Ni\u00f1o de 5 A10 a\u00f1os"},"content":{"rendered":"\n<p>La Universidad Aut\u00f3noma de Santo Domingo (UASD), a trav\u00e9s de la Facultad de Ciencias de la Salud (FCS), public\u00f3 un libro sobre el \u201cDesarrollo Integral del Ni\u00f1o de 5 a 10 a\u00f1os, de los autores, doctores Iris de los Santos Castillo; Mario Geraldine; Hip\u00f3lito Manuel Guzm\u00e1n y Narda Cristina D\u2019Oleo Mart\u00ednez.<\/p>\n\n\n\n<figure class=\"wp-block-image size-large\"><img loading=\"lazy\" decoding=\"async\" width=\"1024\" height=\"683\" src=\"https:\/\/diariodominicano.com\/wp-content\/uploads\/2025\/10\/libro-ninez-1024x683.jpg\" alt=\"\" class=\"wp-image-646675\" srcset=\"https:\/\/diariodominicano.com\/wp-content\/uploads\/2025\/10\/libro-ninez-1024x683.jpg 1024w, https:\/\/diariodominicano.com\/wp-content\/uploads\/2025\/10\/libro-ninez-300x200.jpg 300w, https:\/\/diariodominicano.com\/wp-content\/uploads\/2025\/10\/libro-ninez-768x512.jpg 768w, https:\/\/diariodominicano.com\/wp-content\/uploads\/2025\/10\/libro-ninez-816x544.jpg 816w, https:\/\/diariodominicano.com\/wp-content\/uploads\/2025\/10\/libro-ninez.jpg 1349w\" sizes=\"auto, (max-width: 1024px) 100vw, 1024px\" \/><\/figure>\n\n\n\n<p>El decano de la facultad, doctor Mario Uffre, encabez\u00f3 la actividad realizada en el paraninfo \u201cGuarocuya Batista del Villar\u201d, de esa unidad acad\u00e9mica.<\/p>\n\n\n\n<p>Uffre, al dar la bienvenida, expres\u00f3 que el libro que vamos a presentar en esta reuni\u00f3n, no tengo la menor duda de que esta obra va a despertar reflexiones, por lo que le dio las gracias a los autores por compartir con nosotros su trabajo, lo cual es una valiosa obra que refleja el compromiso docente de nuestros investigadores.<\/p>\n\n\n\n<p>Mientras que uno de los autores, el doctor Mario Geraldine, inform\u00f3 que el libro trata sobre la familia como n\u00facleo principal, su origen, establecido por una alianza, las funciones y caracter\u00edsticas.<\/p>\n\n\n\n<p>En la actividad estuvieron presentes, adem\u00e1s, el vicerrector Docente, doctor Wilson Mej\u00eda; los decanos de las facultades de Ciencias Econ\u00f3micas y Sociales (FCES), doctor Antonio Ciriaco Ram\u00edrez y de Ciencias de la Educaci\u00f3n (FCE), maestra Juana Encarnaci\u00f3n; el ex vicerrector Docente, doctor Jorge Asjana David; la ex decana de Ciencias de la Salud, doctora Rosel Fern\u00e1ndez; el doctor \u00c1ngel Nadal, as\u00ed como familiares y allegados de los autores, entre otros.<\/p>\n\n\n\n<p>Relaciones P\u00fablicas<\/p>\n\n\n\n<p><a target=\"_blank\" href=\"mailto:relacionespublicas@uasd.edu.do\" rel=\"noreferrer noopener\">relacionespublicas@uasd.edu.do<\/a><\/p>\n\n\n\n<p><\/p>\n","protected":false},"excerpt":{"rendered":"<p>La Universidad Aut\u00f3noma de Santo Domingo (UASD), a trav\u00e9s de la Facultad de Ciencias de la Salud (FCS), public\u00f3 un libro sobre el \u201cDesarrollo Integral del Ni\u00f1o de 5 a 10 a\u00f1os, de los autores, doctores Iris de los Santos Castillo; Mario Geraldine; Hip\u00f3lito Manuel Guzm\u00e1n y Narda Cristina D\u2019Oleo Mart\u00ednez. El decano de la [&hellip;]<\/p>\n","protected":false},"author":2,"featured_media":646673,"comment_status":"closed","ping_status":"closed","sticky":false,"template":"","format":"standard","meta":{"footnotes":""},"categories":[21,20,27],"tags":[],"class_list":["post-646672","post","type-post","status-publish","format-standard","has-post-thumbnail","hentry","category-cultura","category-dominicana-hoy","category-portada"],"_links":{"self":[{"href":"https:\/\/diariodominicano.com\/index.php?rest_route=\/wp\/v2\/posts\/646672","targetHints":{"allow":["GET"]}}],"collection":[{"href":"https:\/\/diariodominicano.com\/index.php?rest_route=\/wp\/v2\/posts"}],"about":[{"href":"https:\/\/diariodominicano.com\/index.php?rest_route=\/wp\/v2\/types\/post"}],"author":[{"embeddable":true,"href":"https:\/\/diariodominicano.com\/index.php?rest_route=\/wp\/v2\/users\/2"}],"replies":[{"embeddable":true,"href":"https:\/\/diariodominicano.com\/index.php?rest_route=%2Fwp%2Fv2%2Fcomments&post=646672"}],"version-history":[{"count":2,"href":"https:\/\/diariodominicano.com\/index.php?rest_route=\/wp\/v2\/posts\/646672\/revisions"}],"predecessor-version":[{"id":646676,"href":"https:\/\/diariodominicano.com\/index.php?rest_route=\/wp\/v2\/posts\/646672\/revisions\/646676"}],"wp:featuredmedia":[{"embeddable":true,"href":"https:\/\/diariodominicano.com\/index.php?rest_route=\/wp\/v2\/media\/646673"}],"wp:attachment":[{"href":"https:\/\/diariodominicano.com\/index.php?rest_route=%2Fwp%2Fv2%2Fmedia&parent=646672"}],"wp:term":[{"taxonomy":"category","embeddable":true,"href":"https:\/\/diariodominicano.com\/index.php?rest_route=%2Fwp%2Fv2%2Fcategories&post=646672"},{"taxonomy":"post_tag","embeddable":true,"href":"https:\/\/diariodominicano.com\/index.php?rest_route=%2Fwp%2Fv2%2Ftags&post=646672"}],"curies":[{"name":"wp","href":"https:\/\/api.w.org\/{rel}","templated":true}]}}