{"id":646623,"date":"2025-10-31T03:27:16","date_gmt":"2025-10-31T07:27:16","guid":{"rendered":"https:\/\/diariodominicano.com\/?p=646623"},"modified":"2025-10-31T03:27:20","modified_gmt":"2025-10-31T07:27:20","slug":"china-y-colombia-realizan-acercamientos-academicos-en-el-marco-del-dia-mundial-de-las-ciudades-2025","status":"publish","type":"post","link":"https:\/\/diariodominicano.com\/?p=646623","title":{"rendered":"China y Colombia realizan acercamientos acad\u00e9micos en el marco del D\u00eda Mundial de las Ciudades 2025"},"content":{"rendered":"\n<p><em>spanish.news.cn<\/em>|<em>&nbsp;2025-10-31 09:27:30<\/em>|<\/p>\n\n\n\n<p>BOGOT\u00c1, 30 oct (Xinhua) &#8212; Analistas y expertos en urbanizaci\u00f3n se dieron cita en la Universidad Jorge Tadeo Lozano de Bogot\u00e1 en el marco del D\u00eda Mundial de las Ciudades, ocasi\u00f3n que sirvi\u00f3 para que especialistas chinos y colombianos intercambiaran opiniones sobre el urbanismo.<\/p>\n\n\n\n<p>El director del Centro de Coordinaci\u00f3n del D\u00eda Mundial de las Ciudades de Shanghai, Cheng Jian, presidi\u00f3 el foro central, en el que dijo que \u00abel desarrollo de mejores ciudades para una mejor vida no requiere solamente la participaci\u00f3n de los gobernantes, tambi\u00e9n requiere nuestros intercambios\u00bb.<\/p>\n\n\n\n<p>\u00abEspero que este d\u00eda no sea solamente un puente que conecte a Shanghai con Bogot\u00e1, sino tambi\u00e9n a la sabidur\u00eda del desarrollo sostenible global con las acciones de las comunidades locales\u00bb, agreg\u00f3.<\/p>\n\n\n\n<p>El vicerrector acad\u00e9mico de la colombiana Universidad Jorge Tadeo Lozano, Felipe C\u00e9sar Londo\u00f1o, se\u00f1al\u00f3 que el encuentro hace parte de una cooperaci\u00f3n \u00abque ha venido fortaleci\u00e9ndose durante varias d\u00e9cadas y que beneficia el intercambio de conocimiento, la movilidad estudiantil y, en general, el intercambio de saberes entre estas dos culturas lejanas geogr\u00e1ficamente pero cercanas en ideolog\u00edas\u00bb.<\/p>\n\n\n\n<p>\u00abDesde la perspectiva educativa, para nosotros son muy importantes estos encuentros, porque hemos tenido todo el respaldo de la embajada de la Rep\u00fablica Popular China, de las directivas de la universidad y del Instituto Confucio para desarrollar m\u00e1s acercamientos que refuercen los procesos de educaci\u00f3n\u00bb, a\u00f1adi\u00f3 Londo\u00f1o en entrevista con Xinhua.<\/p>\n\n\n\n<p>Al acto asistieron tambi\u00e9n, por parte de China, el director del Centro de Innovaci\u00f3n y Desarrollo Social Songding de Shanghai, Guo Yangang; la subdirectora de la misma instituci\u00f3n, Hai Lun; la directora del Instituto Confucio de la Universidad Jorge Tadeo Lozano, Fang Han; y el gerente general de la Asociaci\u00f3n Empresarial Colombo-China, Ding Wen.<\/p>\n\n\n\n<p>Por parte de la academia colombiana tambi\u00e9n estuvo presente Diego Juli\u00e1n Bautista Monroy, director local del Instituto Confucio de la Universidad Jorge Tadeo Lozano.<\/p>\n\n\n\n<p>Con el develamiento de una placa conmemorativa y el intercambio de presentes se sell\u00f3 el encuentro protocolario de ambas partes, que concluy\u00f3 con la visita de los asistentes a la sede del Instituto Confucio de la universidad, donde estudiantes del Colegio Colombo Brit\u00e1nico participaron en actividades interactivas basadas en juegos did\u00e1cticos de mesa orientados a la formaci\u00f3n ciudadana.<\/p>\n\n\n\n<p>A la celebraci\u00f3n global del D\u00eda Mundial de las Ciudades 2025, que se desarrolla en Bogot\u00e1, se unieron 80 l\u00edderes de gobiernos internacionales, acad\u00e9micos y expertos en planificaci\u00f3n urbana, sostenibilidad y vivienda.<\/p>\n","protected":false},"excerpt":{"rendered":"<p>spanish.news.cn|&nbsp;2025-10-31 09:27:30| BOGOT\u00c1, 30 oct (Xinhua) &#8212; Analistas y expertos en urbanizaci\u00f3n se dieron cita en la Universidad Jorge Tadeo Lozano de Bogot\u00e1 en el marco del D\u00eda Mundial de las Ciudades, ocasi\u00f3n que sirvi\u00f3 para que especialistas chinos y colombianos intercambiaran opiniones sobre el urbanismo. El director del Centro de Coordinaci\u00f3n del D\u00eda Mundial [&hellip;]<\/p>\n","protected":false},"author":2,"featured_media":0,"comment_status":"closed","ping_status":"closed","sticky":false,"template":"","format":"standard","meta":{"footnotes":""},"categories":[21,36],"tags":[],"class_list":["post-646623","post","type-post","status-publish","format-standard","hentry","category-cultura","category-hombresmujeresycosas"],"_links":{"self":[{"href":"https:\/\/diariodominicano.com\/index.php?rest_route=\/wp\/v2\/posts\/646623","targetHints":{"allow":["GET"]}}],"collection":[{"href":"https:\/\/diariodominicano.com\/index.php?rest_route=\/wp\/v2\/posts"}],"about":[{"href":"https:\/\/diariodominicano.com\/index.php?rest_route=\/wp\/v2\/types\/post"}],"author":[{"embeddable":true,"href":"https:\/\/diariodominicano.com\/index.php?rest_route=\/wp\/v2\/users\/2"}],"replies":[{"embeddable":true,"href":"https:\/\/diariodominicano.com\/index.php?rest_route=%2Fwp%2Fv2%2Fcomments&post=646623"}],"version-history":[{"count":1,"href":"https:\/\/diariodominicano.com\/index.php?rest_route=\/wp\/v2\/posts\/646623\/revisions"}],"predecessor-version":[{"id":646624,"href":"https:\/\/diariodominicano.com\/index.php?rest_route=\/wp\/v2\/posts\/646623\/revisions\/646624"}],"wp:attachment":[{"href":"https:\/\/diariodominicano.com\/index.php?rest_route=%2Fwp%2Fv2%2Fmedia&parent=646623"}],"wp:term":[{"taxonomy":"category","embeddable":true,"href":"https:\/\/diariodominicano.com\/index.php?rest_route=%2Fwp%2Fv2%2Fcategories&post=646623"},{"taxonomy":"post_tag","embeddable":true,"href":"https:\/\/diariodominicano.com\/index.php?rest_route=%2Fwp%2Fv2%2Ftags&post=646623"}],"curies":[{"name":"wp","href":"https:\/\/api.w.org\/{rel}","templated":true}]}}