{"id":646611,"date":"2025-10-31T03:05:53","date_gmt":"2025-10-31T07:05:53","guid":{"rendered":"https:\/\/diariodominicano.com\/?p=646611"},"modified":"2025-10-31T03:05:59","modified_gmt":"2025-10-31T07:05:59","slug":"abinader-lanza-programa-rd-trabaja-con-mas-de-7000-vacantes-disponibles-para-empleos-formales","status":"publish","type":"post","link":"https:\/\/diariodominicano.com\/?p=646611","title":{"rendered":"Abinader lanza programa \u201cRD-Trabaja\u201d con m\u00e1s de 7,000 vacantes disponibles para empleos formales"},"content":{"rendered":"\n<h3 class=\"wp-block-heading\">El ministro de Trabajo, Eddy Olivares, destaca que la tasa de desempleo ronda el 5 %, una de las m\u00e1s bajas de la regi\u00f3n, y se\u00f1al\u00f3 que el programa busca reducirla a\u00fan m\u00e1s, con el fin de elevar la formalidad laboral al 50 % en tres a\u00f1os.<\/h3>\n\n\n\n<p>30 de Octubre 2025 | <\/p>\n\n\n\n<p>Santo Domingo, RD.-\u00a0<strong>El presidente Luis Abinader<\/strong>\u00a0lanz\u00f3 el jueves de manera oficial el\u00a0<strong>programa \u201cRD-Trabaja\u201d<\/strong>, junto con la gran jornada de empleo\u00a0<strong>\u201cTu empleo est\u00e1 aqu\u00ed\u201d<\/strong>, en la que\u00a0<strong>66 empresas ofrecer\u00e1n 7,012 vacantes formales<\/strong>\u00a0a ciudadanos de todo el pa\u00eds.<\/p>\n\n\n\n<p>El mandatario calific\u00f3 como<em>&nbsp;\u201cun acto de significado muy especial\u201d&nbsp;<\/em>el lanzamiento del programa y la jornada, al tiempo de destacar que reflejan un&nbsp;<strong>signo positivo en diversas \u00e1reas de la econom\u00eda dominicana<\/strong>. Tambi\u00e9n se\u00f1al\u00f3 que este tipo de iniciativas permiten crear oportunidades de&nbsp;<strong>empleo de calidad,<\/strong>&nbsp;tanto en&nbsp;<strong>empresas locales<\/strong>&nbsp;como en&nbsp;<strong>inversiones extranjeras.<\/strong><\/p>\n\n\n\n<p>El presidente Abinader puso como ejemplo a la empresa&nbsp;<strong>Moon Palace<\/strong>, de inversi\u00f3n mexicana, que en su preoperaci\u00f3n generar\u00e1&nbsp;<strong>3,500 empleos<\/strong>.&nbsp;<em>\u201cCuando vemos estas inversiones locales o internacionales, lo que estamos pensando es en el empleo de los dominicanos y que sea cada vez de mejor calidad\u201d,<\/em>&nbsp;puntualiz\u00f3.<\/p>\n\n\n\n<p>Destac\u00f3 que&nbsp;<strong>el programa no se limitar\u00e1 a Santo Domingo<\/strong>, sino que se replicar\u00e1 en distintas regiones del pa\u00eds. Adem\u00e1s inform\u00f3 que este fin de semana se inaugurar\u00e1n&nbsp;<strong>dos nuevas naves industriales en la Zona Franca de la provincia de San Juan<\/strong>, con la posibilidad inmediata de generar&nbsp;<strong>empleo para la poblaci\u00f3n local.<\/strong><\/p>\n\n\n\n<figure class=\"wp-block-image\"><img decoding=\"async\" src=\"https:\/\/www.presidencia.gob.do\/sites\/default\/files\/inline-images\/WhatsApp%20Image%202025-10-30%20at%2012.41.51%20PM.jpeg\" alt=\"\"\/><\/figure>\n\n\n\n<p>Asimismo, resalt\u00f3 la labor del&nbsp;<strong>Ministerio de Trabajo<\/strong>&nbsp;y del Instituto Nacional de Formaci\u00f3n T\u00e9cnico Profesional&nbsp;<strong>(Infotep)<\/strong>, que facilitan la&nbsp;<strong>vinculaci\u00f3n entre las vacantes disponibles y los ciudadanos<\/strong>, asegurando que los empleos se ocupen con eficiencia y preparaci\u00f3n.<\/p>\n\n\n\n<p>Al concluir, el presidente Abinader ofreci\u00f3 un mensaje de optimismo y compromiso, destacando que el objetivo del programa es que&nbsp;<strong>todos los dominicanos encuentren empleo y sustento<\/strong>. Igualmente, asegur\u00f3 que esta ser\u00e1 la&nbsp;<strong>primera de muchas jornadas<\/strong>&nbsp;destinadas a generar&nbsp;<strong>miles de puestos de trabajo<\/strong>&nbsp;en todo el pa\u00eds.<\/p>\n\n\n\n<p><strong>Fortalecimiento del empleo formal<\/strong><\/p>\n\n\n\n<p>De su lado, el ministro de Trabajo,&nbsp;<strong>Eddy Olivares<\/strong>, calific\u00f3 la jornada como<strong>&nbsp;\u201cun d\u00eda de esperanza, compromiso y acci\u00f3n\u201d<\/strong>, y destac\u00f3 que el programa simboliza la continuidad de una&nbsp;<strong>pol\u00edtica de Estado<\/strong>&nbsp;orientada a colocar el&nbsp;<strong>trabajo digno y formal<\/strong>&nbsp;en el centro del desarrollo nacional.<\/p>\n\n\n\n<figure class=\"wp-block-image\"><img decoding=\"async\" src=\"https:\/\/www.presidencia.gob.do\/sites\/default\/files\/inline-images\/WhatsApp%20Image%202025-10-30%20at%2012.41.49%20PM.jpeg\" alt=\"\"\/><\/figure>\n\n\n\n<p><em>\u201cEl trabajo no es solo un medio de subsistencia; es dignidad, independencia y libertad. Cuando un gobierno se compromete a crear empleos formales, est\u00e1 construyendo ciudadan\u00eda, justicia social y bienestar\u201d,<\/em>&nbsp;expres\u00f3.<\/p>\n\n\n\n<p>El ministro Olivares explic\u00f3 que, en las semanas previas, el&nbsp;<strong>Servicio Nacional de Empleo (Senae)<\/strong>&nbsp;coordin\u00f3 con las empresas participantes para garantizar que&nbsp;<strong>cada vacante ofrecida&nbsp;<\/strong>represente una&nbsp;<strong>oportunidad real<\/strong>. Asimismo inform\u00f3 que quienes asistan a la jornada y no resulten seleccionados ser\u00e1n incluidos en la&nbsp;<strong>Bolsa Nacional de Empleo<\/strong>, para ser contactados en&nbsp;<strong>futuras oportunidades.<\/strong><\/p>\n\n\n\n<p>El ministro destac\u00f3 la participaci\u00f3n del Infotep, que ofrecer\u00e1 capacitaci\u00f3n a quienes requieran&nbsp;<strong>formaci\u00f3n adicional&nbsp;<\/strong>para ocupar un puesto.<\/p>\n\n\n\n<p>Olivares record\u00f3 que la Rep\u00fablica Dominicana mantiene una&nbsp;<strong>tasa de desempleo cercana al 5 %, una de las m\u00e1s bajas de la regi\u00f3n<\/strong>, pero advirti\u00f3 que el objetivo del programa es seguir reduci\u00e9ndola y aumentar la formalidad laboral hasta alcanzar el 50 % en los pr\u00f3ximos tres a\u00f1os.<\/p>\n\n\n\n<p><em>\u201cEl prop\u00f3sito de hoy y de ma\u00f1ana ser\u00e1 siempre la felicidad y el bienestar del pueblo. Un gobierno que impulsa el trabajo formal est\u00e1 invirtiendo en la felicidad de su gente\u201d,<\/em>&nbsp;afirm\u00f3.<\/p>\n\n\n\n<p><strong>Apoyo del sector privado y sindical<\/strong><\/p>\n\n\n\n<p>En tanto, el presidente del Consejo Nacional de la Empresa Privada&nbsp;<strong>(Conep)<\/strong>,&nbsp;<strong>Celso Juan Marranzini<\/strong>, valor\u00f3 el lanzamiento del programa y la jornada como una clara muestra del&nbsp;<strong>compromiso conjunto<\/strong>&nbsp;del sector p\u00fablico y privado con el&nbsp;<strong>empleo digno, la productividad y la inclusi\u00f3n laboral<\/strong>. Destac\u00f3 que la generaci\u00f3n de m\u00e1s de 7,000 vacantes en un solo d\u00eda refleja el&nbsp;<strong>dinamismo de las empresas dominicanas<\/strong>&nbsp;y la confianza en el futuro del pa\u00eds.<\/p>\n\n\n\n<p>De su lado, el presidente de la Confederaci\u00f3n Nacional de Unidad Sindical&nbsp;<strong>(CNUS)<\/strong>,&nbsp;<strong>Rafael \u00abPepe\u00bb Abreu<\/strong>, describi\u00f3 a la Rep\u00fablica Dominicana como un&nbsp;<strong>pa\u00eds sorprendente por su capacidad de recuperaci\u00f3n<\/strong>&nbsp;tras recientes fen\u00f3menos naturales y resalt\u00f3 el programa como una muestra del&nbsp;<strong>compromiso tripartito entre Gobierno, empleadores y trabajadores.<\/strong><\/p>\n\n\n\n<p><strong>Jornada de empleo<\/strong><\/p>\n\n\n\n<p>La jornada se lleva a cabo en horario de 9:00 a.m. a 5:00 p.m., en el Centro de Convenciones de la Universidad del Caribe (Unicaribe), en la autopista 30 de Mayo, donde\u00a0<strong>66 empresas de sectores hotelero, industrial y de servicio<\/strong>s buscan cubrir puestos vacantes.<\/p>\n\n\n\n<p>Con informaci\u00f3n de la Presidencia de la Rep\u00fablica Dominicana.<\/p>\n","protected":false},"excerpt":{"rendered":"<p>El ministro de Trabajo, Eddy Olivares, destaca que la tasa de desempleo ronda el 5 %, una de las m\u00e1s bajas de la regi\u00f3n, y se\u00f1al\u00f3 que el programa busca reducirla a\u00fan m\u00e1s, con el fin de elevar la formalidad laboral al 50 % en tres a\u00f1os. 30 de Octubre 2025 | Santo Domingo, RD.-\u00a0El [&hellip;]<\/p>\n","protected":false},"author":2,"featured_media":646612,"comment_status":"closed","ping_status":"closed","sticky":false,"template":"","format":"standard","meta":{"footnotes":""},"categories":[20,18],"tags":[],"class_list":["post-646611","post","type-post","status-publish","format-standard","has-post-thumbnail","hentry","category-dominicana-hoy","category-economia"],"_links":{"self":[{"href":"https:\/\/diariodominicano.com\/index.php?rest_route=\/wp\/v2\/posts\/646611","targetHints":{"allow":["GET"]}}],"collection":[{"href":"https:\/\/diariodominicano.com\/index.php?rest_route=\/wp\/v2\/posts"}],"about":[{"href":"https:\/\/diariodominicano.com\/index.php?rest_route=\/wp\/v2\/types\/post"}],"author":[{"embeddable":true,"href":"https:\/\/diariodominicano.com\/index.php?rest_route=\/wp\/v2\/users\/2"}],"replies":[{"embeddable":true,"href":"https:\/\/diariodominicano.com\/index.php?rest_route=%2Fwp%2Fv2%2Fcomments&post=646611"}],"version-history":[{"count":1,"href":"https:\/\/diariodominicano.com\/index.php?rest_route=\/wp\/v2\/posts\/646611\/revisions"}],"predecessor-version":[{"id":646613,"href":"https:\/\/diariodominicano.com\/index.php?rest_route=\/wp\/v2\/posts\/646611\/revisions\/646613"}],"wp:featuredmedia":[{"embeddable":true,"href":"https:\/\/diariodominicano.com\/index.php?rest_route=\/wp\/v2\/media\/646612"}],"wp:attachment":[{"href":"https:\/\/diariodominicano.com\/index.php?rest_route=%2Fwp%2Fv2%2Fmedia&parent=646611"}],"wp:term":[{"taxonomy":"category","embeddable":true,"href":"https:\/\/diariodominicano.com\/index.php?rest_route=%2Fwp%2Fv2%2Fcategories&post=646611"},{"taxonomy":"post_tag","embeddable":true,"href":"https:\/\/diariodominicano.com\/index.php?rest_route=%2Fwp%2Fv2%2Ftags&post=646611"}],"curies":[{"name":"wp","href":"https:\/\/api.w.org\/{rel}","templated":true}]}}